{"id":8704,"date":"2017-01-21T11:31:26","date_gmt":"2017-01-21T19:31:26","guid":{"rendered":"http:\/\/13.53.127.146\/?p=8704"},"modified":"2022-01-22T12:15:41","modified_gmt":"2022-01-22T20:15:41","slug":"viisi-vuotta-kanadassa","status":"publish","type":"post","link":"https:\/\/www.vuosiamaailmalla.fi\/blog\/2017\/viisi-vuotta-kanadassa\/","title":{"rendered":"Viisi vuotta Kanadassa"},"content":{"rendered":"<p style=\"text-align: justify;\">T\u00e4ll\u00e4 viikolla muistimme, ett\u00e4 meill\u00e4h\u00e4n tulee t\u00e4yteen j\u00e4lleen yksi vuosi t\u00e4\u00e4ll\u00e4 Kanadassa. Mennyt vuosi olikin jo viides vuosi Kanadassa, mik\u00e4 on kiintoisa tieto siin\u00e4 valossa, ett\u00e4 asuimme Saksassa yhteens\u00e4 5,5 vuotta ennen <a title=\"Seuraava kotimme on Vancouver!!\" href=\"https:\/\/www.vuosiamaailmalla.fi\/blog\/2011\/seuraava-kotimme-vancouver-kanada\/\">muuttoa Kanadaan<\/a>. N\u00e4in ollen Kanadasta tulee t\u00e4n\u00e4 syksyn\u00e4 meille Saksaa pidempi seikkailu, mit\u00e4 on jotenkin vaikea k\u00e4sitt\u00e4\u00e4, sill\u00e4 aika Saksassa tuntuu edelleen henkisesti niin paljon Kanadaa pidemm\u00e4lt\u00e4.<\/p>\n<p><!--more--><\/p>\n<p style=\"text-align: justify;\">T\u00e4h\u00e4n vaikuttaa varmasti se, ett\u00e4 Saksaan muutto ja vuodet siell\u00e4 olivat <a title=\"El\u00e4m\u00e4mme seikkailu \u2013 10 vuotta maailmalla\" href=\"https:\/\/www.vuosiamaailmalla.fi\/blog\/2016\/elamamme-seikkailu-10-vuotta-maailmalla\/\">el\u00e4m\u00e4mme seikkailun<\/a> ensimm\u00e4iset, joihin mahtui kaikkea aina vaihto-opiskelusta ty\u00f6el\u00e4m\u00e4ss\u00e4 aloittamiseen. Asuimme my\u00f6s Saksa kahdella eri laidalla, joten ei ole kumma ett\u00e4 siell\u00e4 tuntuu ehtineen tapahtumaan niin paljon enemm\u00e4n.<\/p>\n<p style=\"text-align: center;\"><a href=\"\/blog\/wp-content\/uploads\/2015\/metrotown_usvassa1.jpg\"><img decoding=\"async\" src=\"\/blog\/wp-content\/uploads\/2015\/metrotown_usvassa1.jpg\" \/><\/a><\/p>\n<p style=\"text-align: center;\"><em>Taustalla uusi asuinalueemme Metrotown<\/em><\/p>\n<p style=\"text-align: justify;\">Mutta n\u00e4in kuitenkin on ja alkamassa on per\u00e4ti kuudes vuosi Kanadassa. Mennyt vuosi oli vuorostaan eritt\u00e4in hyv\u00e4, sill\u00e4 vuoden aikana min\u00e4 p\u00e4\u00e4tin upean <a title=\"Sapatin loppu\" href=\"https:\/\/www.vuosiamaailmalla.fi\/blog\/2016\/sapatin-loppu\/\">sapattijaksoni<\/a>, palaten uusiin ja todella mielenkiintoisiin ty\u00f6teht\u00e4viin videopelien maailmassa. Samaan aikaan meille lutviutui my\u00f6s uusi ja aivan mielet\u00f6n asunto, joka l\u00f6ytyi Vancouverin <a title=\"Muutto Burnabyyn\" href=\"https:\/\/www.vuosiamaailmalla.fi\/blog\/2016\/muutto-uuteen-kotiin\/\">naapurikaupunki Burnabyst\u00e4<\/a>. Moni perusasia loksahtikin siis vuoden aikana paikoilleen ja takana on ollut uuteen arkeen totuttautumista.<\/p>\n<p style=\"text-align: center;\"><a href=\"\/blog\/wp-content\/uploads\/2016\/vuosiamaailmalla_pingxi.jpg\"><img decoding=\"async\" src=\"\/blog\/wp-content\/uploads\/2016\/vuosiamaailmalla_pingxi.jpg\" \/><\/a><\/p>\n<p style=\"text-align: center;\"><em>Sapatin p\u00e4\u00e4ttyminen oli vuoden isoja asioita<\/em><\/p>\n<p style=\"text-align: justify;\">Menneen vuoden aikana luonamme ei k\u00e4ynyt yksi\u00e4k\u00e4\u00e4n vieraita, mutta teimme silti matkoja entiseen malliin, joskin poikkeuksellisen paljon omillamme. Sapattini loppuvaiheessa vietin kaksi viikkoa Hong Kongissa ja Taiwanissa, sek\u00e4 viikon Niinan ty\u00f6matkan ohessa Floridassa. Tuon j\u00e4lkeen lomaa ei ole sitten ollutkaan uudessa ty\u00f6ss\u00e4 aloittamisen johdosta muuta kuin nyt jouluna <a title=\"Tuulista joulua\" href=\"https:\/\/www.vuosiamaailmalla.fi\/blog\/2016\/tuulista-joulua\/\">Suomessa k\u00e4ydess\u00e4mme<\/a>. Niina puolestaan vietti kes\u00e4ll\u00e4<a title=\"Juhannus ilman heilaa\" href=\"https:\/\/www.vuosiamaailmalla.fi\/blog\/2016\/juhannus-ilman-heilaa\/\"> juhannuksen Suomessa<\/a>, mink\u00e4 p\u00e4\u00e4lle h\u00e4nell\u00e4 on riitt\u00e4nyt ty\u00f6matkoja Yhdysvaltojen puolelle. Hieman pienemp\u00e4\u00e4 <a title=\"Viikonloppu Princetonin kaivoskaupungissa\" href=\"https:\/\/www.vuosiamaailmalla.fi\/blog\/2016\/viikonloppu-princetonin-kaivoskaupungissa\/\">viikonloppumatkailuakin<\/a> on tullut harrastettua, mik\u00e4 on ollut pakkokin, sill\u00e4 itsell\u00e4ni ei ole n\u00e4in ensi alkuun niin paljon lomaa.<\/p>\n<p style=\"text-align: center;\"><a href=\"\/blog\/wp-content\/uploads\/2016\/princeton_keskusta3.jpg\"><img decoding=\"async\" src=\"\/blog\/wp-content\/uploads\/2016\/thumbs\/thumbs_princeton_keskusta3.jpg\" \/><\/a><a href=\"\/blog\/wp-content\/uploads\/2011\/kesa2011_1.jpg\"><img decoding=\"async\" src=\"\/blog\/wp-content\/uploads\/2011\/thumbs\/thumbs_kesa2011_1.jpg\" \/><\/a><a href=\"\/blog\/wp-content\/uploads\/2016\/whistlerin_lumiseinamat13.jpg\"><img decoding=\"async\" src=\"\/blog\/wp-content\/uploads\/2016\/thumbs\/thumbs_whistlerin_lumiseinamat13.jpg\" \/><\/a><\/p>\n<p style=\"text-align: center;\"><em>Matkoja Kanadassa ja Suomessa<\/em><\/p>\n<p style=\"text-align: justify;\">Vuoden aikana tuli tosiaan t\u00e4yteen my\u00f6s uskomattomat <a title=\"El\u00e4m\u00e4mme seikkailu \u2013 10 vuotta maailmalla\" href=\"https:\/\/www.vuosiamaailmalla.fi\/blog\/2016\/elamamme-seikkailu-10-vuotta-maailmalla\/\">10 vuotta ulkomailla<\/a>. Lueskelin huvikseni tunnelmiamme <a title=\"Viisi vuotta Saksassa\" href=\"https:\/\/www.vuosiamaailmalla.fi\/blog\/2011\/viisi-vuotta-saksassa\/\">viiden Saksan vuoden j\u00e4lkeen<\/a> syksyll\u00e4 2011 ja on j\u00e4nn\u00e4 miten en voinut tuolloin edes aavistaa, ett\u00e4 vain puoli vuotta my\u00f6hemmin l\u00f6yt\u00e4isimme itsemme Vancouverista. Tilanteet voivat vaihdella nopeasti ja yksikin vuosi tuoda mukanaan paljon muutoksia. Mainittakoon my\u00f6s, ett\u00e4 t\u00e4ss\u00e4 n\u00e4kee j\u00e4lleen kerran miten kiintoisaa onkaan voida lukea omia ajatuksiaan vuosien takaa, mik\u00e4 on yksi syy t\u00e4m\u00e4n <a title=\"Blogin kirjoittamisen ty\u00f6skentelyprosessi\" href=\"https:\/\/www.vuosiamaailmalla.fi\/blog\/2015\/blogin-kirjoittamisen-tyoskentelyprosessi\/\">blogin kirjoittamiseen<\/a>.<\/p>\n<p style=\"text-align: center;\"><a href=\"\/blog\/wp-content\/uploads\/2016\/kymmenen_vuotta_maailmalla.jpg\"><img decoding=\"async\" src=\"\/blog\/wp-content\/uploads\/2016\/kymmenen_vuotta_maailmalla.jpg\" \/><\/a><\/p>\n<p style=\"text-align: center;\"><em>Kymmenen vuotta seikkailua<\/em><\/p>\n<p style=\"text-align: justify;\">Lopuksi pit\u00e4\u00e4 viel\u00e4 pohtia, mit\u00e4 alkava kuudes Kanadan vuosi tuokaan tullessaan? T\u00e4ll\u00e4 hetkell\u00e4 n\u00e4k\u00f6piiriss\u00e4 tai suunnitelmissa ei ole mit\u00e4\u00e4n j\u00e4risytt\u00e4v\u00e4\u00e4, mutta muutama matka tullaan tekem\u00e4\u00e4n ja my\u00f6s <a title=\"2017 BMW X1 xDrive28i\" href=\"https:\/\/www.vuosiamaailmalla.fi\/blog\/2017\/2017-bmw-x1-xdrive28i\/\">automme tulee vaihtumaan<\/a>. Odotamme paraikaa my\u00f6s tietoa jatkosta asuntomme kanssa, mik\u00e4 on t\u00e4k\u00e4l\u00e4isill\u00e4 <a title=\"Vancouver yritt\u00e4\u00e4 verottaa tiens\u00e4 ulos asuntokriisist\u00e4\" href=\"https:\/\/www.vuosiamaailmalla.fi\/blog\/2016\/vancouver-yrittaa-verottaa-tiensa-ulos-asuntokriisista\/\">vuokramarkkinoilla<\/a> jokavuotinen piina. Kes\u00e4ll\u00e4 tulemme saamaan luoksemme my\u00f6s <a title=\"Kes\u00e4vieraat Suomesta\" href=\"https:\/\/www.vuosiamaailmalla.fi\/blog\/2017\/kesavieraat-suomesta\/\">vieraita<\/a> ja syksyll\u00e4 todenn\u00e4k\u00f6isesti my\u00f6s <a title=\"Syysvieraiden kanssa aurinkorannikolla\" href=\"https:\/\/www.vuosiamaailmalla.fi\/blog\/2017\/syysvieraiden-kanssa-aurinkorannikolla\/\">Niinan vanhemmat<\/a>, joille kyseess\u00e4 on jo kolmas Kanadan matka.<\/p>\n<p style=\"text-align: center;\"><a href=\"\/blog\/wp-content\/uploads\/2012\/vancouver_seawall_panoraama1.jpg\"><img decoding=\"async\" src=\"\/blog\/wp-content\/uploads\/2012\/vancouver_seawall_panoraama1_pieni.jpg\" \/><\/a><\/p>\n<p style=\"text-align: center;\"><em>Kaunis Vancouver<br \/>\n<\/em><\/p>\n<p style=\"text-align: justify;\">Erona kaikkiin aiempiin vuosiin saattaa my\u00f6s olla, ettemme ole tulossa <a title=\"Trooppinen jouluaatto Guamissa\" href=\"https:\/\/www.vuosiamaailmalla.fi\/blog\/2018\/trooppinen-jouluaatto-guamissa\/\">ensi jouluna<\/a> ja siten my\u00f6sk\u00e4\u00e4n koko vuotena Suomeen. T\u00e4m\u00e4 on viel\u00e4 hieman suunnitteluasteella, mutta on mahdollista ett\u00e4 tulemme seuraavan kerran Suomeen vasta <a title=\"Kes\u00e4matkailua Suomessa\" href=\"https:\/\/www.vuosiamaailmalla.fi\/blog\/2018\/kesamatkailua-suomessa\/\">kes\u00e4ll\u00e4 2018<\/a>, minne on viel\u00e4 jonkin matkaa. Katsotaan nyt miten k\u00e4y, mutta t\u00e4llaiset ovat tunnelmamme t\u00e4n\u00e4 vuonna ja palaan asiaan j\u00e4lleen <a title=\"Kuusi vuotta Kanadassa\" href=\"https:\/\/www.vuosiamaailmalla.fi\/blog\/2018\/kuusi-vuotta-kanadassa\/\">ensi vuonna<\/a>. Kiitos mielenkiinnostanne blogiani kohtaan!<\/p>\n","protected":false},"excerpt":{"rendered":"<p>T\u00e4ll\u00e4 viikolla muistimme, ett\u00e4 meill\u00e4h\u00e4n tulee t\u00e4yteen j\u00e4lleen yksi vuosi t\u00e4\u00e4ll\u00e4 Kanadassa. Mennyt vuosi olikin jo viides vuosi Kanadassa, mik\u00e4 on kiintoisa tieto siin\u00e4 valossa, ett\u00e4 asuimme Saksassa yhteens\u00e4 5,5 vuotta ennen muuttoa Kanadaan. N\u00e4in ollen Kanadasta tulee t\u00e4n\u00e4 syksyn\u00e4 meille Saksaa pidempi seikkailu, mit\u00e4 on jotenkin vaikea k\u00e4sitt\u00e4\u00e4, sill\u00e4 aika Saksassa tuntuu edelleen henkisesti &hellip; <a href=\"https:\/\/www.vuosiamaailmalla.fi\/blog\/2017\/viisi-vuotta-kanadassa\/\" class=\"more-link\">Jatka lukemista<span class=\"screen-reader-text\"> &#8221;Viisi vuotta Kanadassa&#8221;<\/span><\/a><\/p>\n","protected":false},"author":1,"featured_media":11909,"comment_status":"open","ping_status":"open","sticky":false,"template":"","format":"standard","meta":{"_jetpack_memberships_contains_paid_content":false,"footnotes":""},"categories":[17,3,4],"tags":[25,34,932,77,935,207,939],"class_list":["post-8704","post","type-post","status-publish","format-standard","has-post-thumbnail","hentry","category-arki-kanadassa","category-arki-ulkomailla","category-asuminen-kanadassa","tag-ajankohtaista","tag-arki","tag-asunto","tag-burnaby","tag-kanada","tag-tyo","tag-vancouver"],"jetpack_featured_media_url":"https:\/\/www.vuosiamaailmalla.fi\/blog\/wp-content\/uploads\/kanadan_lippu_banner-1.jpg","jetpack_sharing_enabled":true,"_links":{"self":[{"href":"https:\/\/www.vuosiamaailmalla.fi\/blog\/wp-json\/wp\/v2\/posts\/8704","targetHints":{"allow":["GET"]}}],"collection":[{"href":"https:\/\/www.vuosiamaailmalla.fi\/blog\/wp-json\/wp\/v2\/posts"}],"about":[{"href":"https:\/\/www.vuosiamaailmalla.fi\/blog\/wp-json\/wp\/v2\/types\/post"}],"author":[{"embeddable":true,"href":"https:\/\/www.vuosiamaailmalla.fi\/blog\/wp-json\/wp\/v2\/users\/1"}],"replies":[{"embeddable":true,"href":"https:\/\/www.vuosiamaailmalla.fi\/blog\/wp-json\/wp\/v2\/comments?post=8704"}],"version-history":[{"count":4,"href":"https:\/\/www.vuosiamaailmalla.fi\/blog\/wp-json\/wp\/v2\/posts\/8704\/revisions"}],"predecessor-version":[{"id":12622,"href":"https:\/\/www.vuosiamaailmalla.fi\/blog\/wp-json\/wp\/v2\/posts\/8704\/revisions\/12622"}],"wp:featuredmedia":[{"embeddable":true,"href":"https:\/\/www.vuosiamaailmalla.fi\/blog\/wp-json\/wp\/v2\/media\/11909"}],"wp:attachment":[{"href":"https:\/\/www.vuosiamaailmalla.fi\/blog\/wp-json\/wp\/v2\/media?parent=8704"}],"wp:term":[{"taxonomy":"category","embeddable":true,"href":"https:\/\/www.vuosiamaailmalla.fi\/blog\/wp-json\/wp\/v2\/categories?post=8704"},{"taxonomy":"post_tag","embeddable":true,"href":"https:\/\/www.vuosiamaailmalla.fi\/blog\/wp-json\/wp\/v2\/tags?post=8704"}],"curies":[{"name":"wp","href":"https:\/\/api.w.org\/{rel}","templated":true}]}}