{"id":8799,"date":"2016-12-18T20:07:46","date_gmt":"2016-12-19T04:07:46","guid":{"rendered":"http:\/\/13.53.127.146\/?p=8799"},"modified":"2019-12-14T12:50:42","modified_gmt":"2019-12-14T20:50:42","slug":"metrotownin-talviset-nietokset","status":"publish","type":"post","link":"https:\/\/www.vuosiamaailmalla.fi\/blog\/2016\/metrotownin-talviset-nietokset\/","title":{"rendered":"Metrotownin talviset nietokset"},"content":{"rendered":"<p style=\"text-align: justify;\">L\u00e4nsirannikolla elet\u00e4\u00e4n paraikaa eritt\u00e4in poikkeuksellista talvea, sill\u00e4 normaalisti vain muutaman p\u00e4iv\u00e4n maassa viihtyv\u00e4 lumi on pysynyt maassa koko joulukuun ja ennusteiden mukaan Vancouverissa tullaan t\u00e4n\u00e4 vuonna viett\u00e4m\u00e4\u00e4n pitk\u00e4st\u00e4 aikaa valkeaa joulua. Erityisesti hieman korkeammalla sijaitsevien alueiden asukkaat ovat saaneet nauttia \/ kiroilla jatkuvia nietoksia jo useamman viikon ajan, eik\u00e4 loppua ole n\u00e4k\u00f6piiriss\u00e4.<\/p>\n<p><!--more--><\/p>\n<p style=\"text-align: center;\"><a href=\"\/blog\/wp-content\/uploads\/2016\/lumimyrsky_metrotownissa5.jpg\"><img decoding=\"async\" src=\"\/blog\/wp-content\/uploads\/2016\/thumbs\/thumbs_lumimyrsky_metrotownissa5.jpg\" \/><\/a><a href=\"\/blog\/wp-content\/uploads\/2016\/lumimyrsky_metrotownissa4.jpg\"><img decoding=\"async\" src=\"\/blog\/wp-content\/uploads\/2016\/thumbs\/thumbs_lumimyrsky_metrotownissa4.jpg\" \/><\/a><\/p>\n<p style=\"text-align: center;\"><em>Lunta lumen per\u00e4\u00e4n<\/em><\/p>\n<p style=\"text-align: center;\"><a href=\"\/blog\/wp-content\/uploads\/2016\/lumimyrsky_metrotownissa1.jpg\"><img decoding=\"async\" src=\"\/blog\/wp-content\/uploads\/2016\/lumimyrsky_metrotownissa1.jpg\" \/><\/a><\/p>\n<p style=\"text-align: center;\"><em>Tornitalot lumimyr\u00e4k\u00e4ss\u00e4<\/em><\/p>\n<p style=\"text-align: justify;\">P\u00e4\u00e4asiassa olemme ihailleet talvista ihmemaata <a title=\"Joulun laittoa Burnabyss\u00e4\" href=\"https:\/\/www.vuosiamaailmalla.fi\/?p=8652\">kotimme l\u00e4mm\u00f6st\u00e4<\/a>, mutta k\u00e4vin viime viikolla my\u00f6s lyhyell\u00e4 valokuvauskierroksella t\u00e4ss\u00e4 l\u00e4hist\u00f6ll\u00e4mme j\u00e4lleen yhden <a title=\"Lumikaaos yll\u00e4tti Vancouverin\" href=\"https:\/\/www.vuosiamaailmalla.fi\/?p=8635\">sankan lumipyryn<\/a> aikana. Oli melko outoa k\u00e4vell\u00e4 tyhji\u00e4 katuja, jotka olivat auraamattomasta lumesta p\u00f6pper\u00f6iset. N\u00e4in matkallani vain muutamia ihmisi\u00e4 ja yksitt\u00e4isen lapsiperheen, joka oli saapunut kirjaston puistoon tekem\u00e4\u00e4n lumiukkoa tuoreesta lumesta. \ud83d\ude42<\/p>\n<p style=\"text-align: center;\"><a href=\"\/blog\/wp-content\/uploads\/2016\/lumimyrsky_metrotownissa3.jpg\"><img decoding=\"async\" src=\"\/blog\/wp-content\/uploads\/2016\/lumimyrsky_metrotownissa3.jpg\" \/><\/a><\/p>\n<p style=\"text-align: center;\"><em>Jouluvaloja kirjaston kulmalla<\/em><\/p>\n<p style=\"text-align: center;\"><a href=\"\/blog\/wp-content\/uploads\/2016\/lumimyrsky_metrotownissa_panoraama.jpg\"><img decoding=\"async\" src=\"\/blog\/wp-content\/uploads\/2016\/lumimyrsky_metrotownissa_panoraama_pieni.jpg\" \/><\/a><\/p>\n<p style=\"text-align: center;\"><em>Kirjaston aukio<\/em><\/p>\n<p style=\"text-align: justify;\">Suuren Metropolis-kauppakeskuksen edustalla pakkasesta huolimatta p\u00e4\u00e4ll\u00e4 oleva suihkul\u00e4hde oli vuorannut l\u00e4hteen keskell\u00e4 loikkivat delfiinit paksun j\u00e4\u00e4kuorrutuksen sis\u00e4\u00e4n, mik\u00e4 n\u00e4ytti melko hauskalta ennen paluutani kodin l\u00e4mp\u00f6\u00f6n.<\/p>\n<p style=\"text-align: center;\"><a href=\"\/blog\/wp-content\/uploads\/2016\/lumimyrsky_metrotownissa2.jpg\"><img decoding=\"async\" src=\"\/blog\/wp-content\/uploads\/2016\/thumbs\/thumbs_lumimyrsky_metrotownissa2.jpg\" \/><\/a><a href=\"\/blog\/wp-content\/uploads\/2016\/jaatyneet_delfiinit1.jpg\"><img decoding=\"async\" src=\"\/blog\/wp-content\/uploads\/2016\/thumbs\/thumbs_jaatyneet_delfiinit1.jpg\" \/><\/a><\/p>\n<p style=\"text-align: center;\"><em>Mit\u00e4 turhaan suihkul\u00e4hteit\u00e4 sammuttelemaan<\/em><\/p>\n<p style=\"text-align: justify;\">Viikkoa my\u00f6hemmin suoritin toisen kuvauskierroksen Metrotownin alueella paikallisia <a title=\"VanDusenin kaunis joulufestivaali\" href=\"https:\/\/www.vuosiamaailmalla.fi\/?p=10377\">jouluvaloja<\/a> hieman n\u00e4hd\u00e4kseni. Edellisviikkoon verrattuna keli oli kaunis ja iltataivaan pimetess\u00e4 t\u00e4hdet tulivat esille. Pakkanen pakotti kuitenkin liikkumaan A:sta B:hen ripe\u00e4sti ennen kuin sormet ja kamera j\u00e4\u00e4tyisiv\u00e4t. Onneksi <a title=\"Hyv\u00e4stit kylmille varpaille\" href=\"https:\/\/www.vuosiamaailmalla.fi\/?p=8767\">varpaiden j\u00e4\u00e4tyminen<\/a> ei kuitenkaan ole en\u00e4\u00e4 mahdollista. \ud83d\ude44<\/p>\n<p style=\"text-align: center;\"><a href=\"\/blog\/wp-content\/uploads\/2016\/pimea_talvi_metrotownissa2.jpg\"><img decoding=\"async\" src=\"\/blog\/wp-content\/uploads\/2016\/thumbs\/thumbs_pimea_talvi_metrotownissa2.jpg\" \/><\/a><a href=\"\/blog\/wp-content\/uploads\/2016\/pimea_talvi_metrotownissa3.jpg\"><img decoding=\"async\" src=\"\/blog\/wp-content\/uploads\/2016\/thumbs\/thumbs_pimea_talvi_metrotownissa3.jpg\" \/><\/a><a href=\"\/blog\/wp-content\/uploads\/2016\/pimea_talvi_metrotownissa5.jpg\"><img decoding=\"async\" src=\"\/blog\/wp-content\/uploads\/2016\/thumbs\/thumbs_pimea_talvi_metrotownissa5.jpg\" \/><\/a><br \/>\n<a href=\"\/blog\/wp-content\/uploads\/2016\/pimea_talvi_metrotownissa4.jpg\"><img decoding=\"async\" src=\"\/blog\/wp-content\/uploads\/2016\/thumbs\/thumbs_pimea_talvi_metrotownissa4.jpg\" \/><\/a><a href=\"\/blog\/wp-content\/uploads\/2016\/pimea_talvi_metrotownissa1.jpg\"><img decoding=\"async\" src=\"\/blog\/wp-content\/uploads\/2016\/thumbs\/thumbs_pimea_talvi_metrotownissa1.jpg\" \/><\/a><\/p>\n<p style=\"text-align: center;\"><em>Pakkasp\u00e4iv\u00e4n h\u00e4m\u00e4rtyv\u00e4 ilta<\/em><\/p>\n<p style=\"text-align: center;\"><a href=\"\/blog\/wp-content\/uploads\/2016\/pimea_talvi_metrotownissa15.jpg\"><img decoding=\"async\" src=\"\/blog\/wp-content\/uploads\/2016\/thumbs\/thumbs_pimea_talvi_metrotownissa15.jpg\" \/><\/a><a href=\"\/blog\/wp-content\/uploads\/2016\/metrotownin_jouluvaloja3.jpg\"><img decoding=\"async\" src=\"\/blog\/wp-content\/uploads\/2016\/thumbs\/thumbs_metrotownin_jouluvaloja3.jpg\" \/><\/a><a href=\"\/blog\/wp-content\/uploads\/2016\/metrotownin_jouluvaloja4.jpg\"><img decoding=\"async\" src=\"\/blog\/wp-content\/uploads\/2016\/thumbs\/thumbs_metrotownin_jouluvaloja4.jpg\" \/><\/a><\/p>\n<p style=\"text-align: center;\"><em>Burnabyn jouluvaloja<\/em><\/p>\n<p style=\"text-align: center;\"><a href=\"\/blog\/wp-content\/uploads\/2016\/pimea_talvi_metrotownissa_panoraama2.jpg\"><img decoding=\"async\" src=\"\/blog\/wp-content\/uploads\/2016\/pimea_talvi_metrotownissa_panoraama2_pieni.jpg\" \/><\/a><\/p>\n<p style=\"text-align: center;\"><em>Kirjaston puiston ymp\u00e4rill\u00e4 rakennetaan<\/em><\/p>\n<p style=\"text-align: center;\"><a href=\"\/blog\/wp-content\/uploads\/2016\/pimea_talvi_metrotownissa13.jpg\"><img decoding=\"async\" src=\"\/blog\/wp-content\/uploads\/2016\/thumbs\/thumbs_pimea_talvi_metrotownissa13.jpg\" \/><\/a><a href=\"\/blog\/wp-content\/uploads\/2016\/pimea_talvi_metrotownissa12.jpg\"><img decoding=\"async\" src=\"\/blog\/wp-content\/uploads\/2016\/thumbs\/thumbs_pimea_talvi_metrotownissa12.jpg\" \/><\/a><a href=\"\/blog\/wp-content\/uploads\/2016\/pimea_talvi_metrotownissa14.jpg\"><img decoding=\"async\" src=\"\/blog\/wp-content\/uploads\/2016\/thumbs\/thumbs_pimea_talvi_metrotownissa14.jpg\" \/><\/a><\/p>\n<p style=\"text-align: center;\"><em>Kingswayn varren maisemia<\/em><\/p>\n<p style=\"text-align: justify;\">Asuinalueemme Metrotown on <a title=\"Metrotownin projektip\u00e4ivitys\" href=\"https:\/\/www.vuosiamaailmalla.fi\/?p=2857\">voimakkaasti kehittyv\u00e4 alue<\/a>, jonka muutos n\u00e4kyy hyvin valokuvaamisissani rakennusprojekteissa, joita on k\u00e4ynniss\u00e4 kaikkialla ymp\u00e4rill\u00e4mme. Mukavasti Burnaby on panostanut my\u00f6s jonkin verran julkisiin jouluvaloihin, joita ihmisten omat valot t\u00e4ydent\u00e4v\u00e4t tornitalojen tuhansissa ikkunoissa. Ylh\u00e4\u00e4ll\u00e4 korkeuksissa loistavat <a title=\"Joulun laittoa Burnabyss\u00e4\" href=\"https:\/\/www.vuosiamaailmalla.fi\/?p=8652\">omat valomme<\/a> eiv\u00e4t vain valitettavasti n\u00e4y alas, vaan ovat vain omana ilonamme.<\/p>\n<p style=\"text-align: center;\"><a href=\"\/blog\/wp-content\/uploads\/2016\/pimea_talvi_metrotownissa7.jpg\"><img decoding=\"async\" src=\"\/blog\/wp-content\/uploads\/2016\/thumbs\/thumbs_pimea_talvi_metrotownissa7.jpg\" \/><\/a><a href=\"\/blog\/wp-content\/uploads\/2016\/pimea_talvi_metrotownissa6.jpg\"><img decoding=\"async\" src=\"\/blog\/wp-content\/uploads\/2016\/thumbs\/thumbs_pimea_talvi_metrotownissa6.jpg\" \/><\/a><a href=\"\/blog\/wp-content\/uploads\/2016\/pimea_talvi_metrotownissa8.jpg\"><img decoding=\"async\" src=\"\/blog\/wp-content\/uploads\/2016\/thumbs\/thumbs_pimea_talvi_metrotownissa8.jpg\" \/><\/a><br \/>\n<a href=\"\/blog\/wp-content\/uploads\/2016\/pimea_talvi_metrotownissa9.jpg\"><img decoding=\"async\" src=\"\/blog\/wp-content\/uploads\/2016\/thumbs\/thumbs_pimea_talvi_metrotownissa9.jpg\" \/><\/a><a href=\"\/blog\/wp-content\/uploads\/2016\/pimea_talvi_metrotownissa11.jpg\"><img decoding=\"async\" src=\"\/blog\/wp-content\/uploads\/2016\/thumbs\/thumbs_pimea_talvi_metrotownissa11.jpg\" \/><\/a><a href=\"\/blog\/wp-content\/uploads\/2016\/metrotownin_jouluvaloja2.jpg\"><img decoding=\"async\" src=\"\/blog\/wp-content\/uploads\/2016\/thumbs\/thumbs_metrotownin_jouluvaloja2.jpg\" \/><\/a><\/p>\n<p style=\"text-align: center;\"><em>Metrotownin alueellakin rakennetaan valtavasti<\/em><\/p>\n<p style=\"text-align: center;\"><a href=\"\/blog\/wp-content\/uploads\/2016\/pimea_talvi_metrotownissa_panoraama1.jpg\"><img decoding=\"async\" src=\"\/blog\/wp-content\/uploads\/2016\/pimea_talvi_metrotownissa_panoraama1_pieni.jpg\" \/><\/a><\/p>\n<p style=\"text-align: justify;\">Puolitoistatuntinen kuvausmatkani p\u00e4\u00e4ttyi lopulta takaisin kodillemme, jonka l\u00e4mm\u00f6ss\u00e4 oli mukava sulatella sormia ja katsella nyt samoja maisemia yl\u00e4vinkkelist\u00e4 k\u00e4sin. Hyv\u00e4\u00e4 joulunalusaikaa t\u00e4\u00e4lt\u00e4 Burnabyst\u00e4!<\/p>\n<p style=\"text-align: center;\"><a href=\"\/blog\/wp-content\/uploads\/2016\/metrotownin_jouluvaloja5.jpg\"><img decoding=\"async\" src=\"\/blog\/wp-content\/uploads\/2016\/thumbs\/thumbs_metrotownin_jouluvaloja5.jpg\" \/><\/a><a href=\"\/blog\/wp-content\/uploads\/2016\/metroplace_pimealla1.jpg\"><img decoding=\"async\" src=\"\/blog\/wp-content\/uploads\/2016\/thumbs\/thumbs_metroplace_pimealla1.jpg\" \/><\/a><\/p>\n<p style=\"text-align: center;\"><em>Jouluvalo- ja tornitalokanjoni<\/em><\/p>\n","protected":false},"excerpt":{"rendered":"<p>L\u00e4nsirannikolla elet\u00e4\u00e4n paraikaa eritt\u00e4in poikkeuksellista talvea, sill\u00e4 normaalisti vain muutaman p\u00e4iv\u00e4n maassa viihtyv\u00e4 lumi on pysynyt maassa koko joulukuun ja ennusteiden mukaan Vancouverissa tullaan t\u00e4n\u00e4 vuonna viett\u00e4m\u00e4\u00e4n pitk\u00e4st\u00e4 aikaa valkeaa joulua. Erityisesti hieman korkeammalla sijaitsevien alueiden asukkaat ovat saaneet nauttia \/ kiroilla jatkuvia nietoksia jo useamman viikon ajan, eik\u00e4 loppua ole n\u00e4k\u00f6piiriss\u00e4.<\/p>\n","protected":false},"author":1,"featured_media":8803,"comment_status":"open","ping_status":"open","sticky":false,"template":"","format":"standard","meta":{"_jetpack_memberships_contains_paid_content":false,"footnotes":""},"categories":[17,3],"tags":[34,77,78,264,935,202],"class_list":["post-8799","post","type-post","status-publish","format-standard","has-post-thumbnail","hentry","category-arki-kanadassa","category-arki-ulkomailla","tag-arki","tag-burnaby","tag-burnaby-metrotown","tag-joulu","tag-kanada","tag-talvi"],"jetpack_featured_media_url":"https:\/\/www.vuosiamaailmalla.fi\/blog\/wp-content\/uploads\/lumimyrsky_metrotownissa_banner.jpg","jetpack_sharing_enabled":true,"_links":{"self":[{"href":"https:\/\/www.vuosiamaailmalla.fi\/blog\/wp-json\/wp\/v2\/posts\/8799","targetHints":{"allow":["GET"]}}],"collection":[{"href":"https:\/\/www.vuosiamaailmalla.fi\/blog\/wp-json\/wp\/v2\/posts"}],"about":[{"href":"https:\/\/www.vuosiamaailmalla.fi\/blog\/wp-json\/wp\/v2\/types\/post"}],"author":[{"embeddable":true,"href":"https:\/\/www.vuosiamaailmalla.fi\/blog\/wp-json\/wp\/v2\/users\/1"}],"replies":[{"embeddable":true,"href":"https:\/\/www.vuosiamaailmalla.fi\/blog\/wp-json\/wp\/v2\/comments?post=8799"}],"version-history":[{"count":0,"href":"https:\/\/www.vuosiamaailmalla.fi\/blog\/wp-json\/wp\/v2\/posts\/8799\/revisions"}],"wp:featuredmedia":[{"embeddable":true,"href":"https:\/\/www.vuosiamaailmalla.fi\/blog\/wp-json\/wp\/v2\/media\/8803"}],"wp:attachment":[{"href":"https:\/\/www.vuosiamaailmalla.fi\/blog\/wp-json\/wp\/v2\/media?parent=8799"}],"wp:term":[{"taxonomy":"category","embeddable":true,"href":"https:\/\/www.vuosiamaailmalla.fi\/blog\/wp-json\/wp\/v2\/categories?post=8799"},{"taxonomy":"post_tag","embeddable":true,"href":"https:\/\/www.vuosiamaailmalla.fi\/blog\/wp-json\/wp\/v2\/tags?post=8799"}],"curies":[{"name":"wp","href":"https:\/\/api.w.org\/{rel}","templated":true}]}}