{"id":8820,"date":"2017-03-14T20:14:48","date_gmt":"2017-03-15T03:14:48","guid":{"rendered":"http:\/\/13.53.127.146\/?p=8820"},"modified":"2019-10-26T15:15:03","modified_gmt":"2019-10-26T22:15:03","slug":"sateen-ylapuolella","status":"publish","type":"post","link":"https:\/\/www.vuosiamaailmalla.fi\/blog\/2017\/sateen-ylapuolella\/","title":{"rendered":"Sateen yl\u00e4puolella"},"content":{"rendered":"<p style=\"text-align: justify;\">Viime p\u00e4ivien koleat sadep\u00e4iv\u00e4t ovat olleen hyisevi\u00e4 ulkoilla ilman tietoakaan kev\u00e4\u00e4st\u00e4, jonka ensimm\u00e4isi\u00e4 p\u00e4ivi\u00e4 kalenterin mukaan kuitenkin el\u00e4mme. Samaan aikaan voimakkaan matalapaineen johdosta poikkeuksellisen <a title=\"Sumu kietoi Fogcouverin\" href=\"https:\/\/www.vuosiamaailmalla.fi\/?p=9400\">matalalla roikkuvat<\/a> sadepilvet ovat kuitenkin olleet kaunis n\u00e4ky t\u00e4\u00e4lt\u00e4 korkeuksista tarkasteltuna. Kirjoitin aiheesta jo syyskuussa, jolloin onnistuin napata muutaman valokuvan uskomattomasta aamustamme kirjaimellisesti <a title=\"Her\u00e4\u00e4minen pilvien yl\u00e4puolella\" href=\"https:\/\/www.vuosiamaailmalla.fi\/?p=8358\">pilvien yl\u00e4puolella<\/a>.<\/p>\n<p><!--more--><\/p>\n<p style=\"text-align: center;\"><a href=\"\/blog\/wp-content\/uploads\/2017\/sumuinen_metrotown2.jpg\"><img decoding=\"async\" src=\"\/blog\/wp-content\/uploads\/2017\/thumbs\/thumbs_sumuinen_metrotown2.jpg\" \/><\/a><a href=\"\/blog\/wp-content\/uploads\/2017\/sumuinen_metrotown3.jpg\"><img decoding=\"async\" src=\"\/blog\/wp-content\/uploads\/2017\/thumbs\/thumbs_sumuinen_metrotown3.jpg\" \/><\/a><a href=\"\/blog\/wp-content\/uploads\/2017\/sumuinen_metrotown1.jpg\"><img decoding=\"async\" src=\"\/blog\/wp-content\/uploads\/2017\/thumbs\/thumbs_sumuinen_metrotown1.jpg\" \/><\/a><\/p>\n<p style=\"text-align: center;\"><em>Sadepilvet tekev\u00e4t maisemasta maagisen<\/em><\/p>\n<p style=\"text-align: justify;\">Kyseinen s\u00e4\u00e4ilmi\u00f6 on kuitenkin <a title=\"Sumuisen y\u00f6n maisemia\" href=\"https:\/\/www.vuosiamaailmalla.fi\/?p=10294\">sangen harvinainen<\/a> ja n\u00e4in matalalla roikkuvia sadepilvi\u00e4 n\u00e4kee vain muutamia kertoja vuodessa. Kuitenkin niiden ilmaantuessa on syyt\u00e4 kaivaa kamera esille, sill\u00e4 ymp\u00e4r\u00f6iv\u00e4 Burnaby ja erityisesti <a title=\"Muutto Burnabyyn\" href=\"https:\/\/www.vuosiamaailmalla.fi\/?p=8202\">oma asuinalueemme Metrotown<\/a> n\u00e4ytt\u00e4ytyv\u00e4t upeasti korkeiden tornitalojen noustessa <a title=\"Kultainen aamunkoitto\" href=\"https:\/\/www.vuosiamaailmalla.fi\/?p=9286\">vesipilvien keskelt\u00e4<\/a> sateen yl\u00e4puolelle. \ud83d\ude42<\/p>\n<p style=\"text-align: center;\"><a href=\"\/blog\/wp-content\/uploads\/2017\/sumuinen_metrotown_panoraama1.jpg\"><img decoding=\"async\" src=\"\/blog\/wp-content\/uploads\/2017\/sumuinen_metrotown_panoraama1_pieni.jpg\" \/><\/a><\/p>\n<p style=\"text-align: center;\"><em>Metrotown pilviin k\u00e4\u00e4rittyn\u00e4<\/em><\/p>\n<p style=\"text-align: center;\"><a href=\"\/blog\/wp-content\/uploads\/2017\/sumuinen_metrotown_panoraama2.jpg\"><img decoding=\"async\" src=\"\/blog\/wp-content\/uploads\/2017\/sumuinen_metrotown_panoraama2_pieni.jpg\" \/><\/a><\/p>\n","protected":false},"excerpt":{"rendered":"<p>Viime p\u00e4ivien koleat sadep\u00e4iv\u00e4t ovat olleen hyisevi\u00e4 ulkoilla ilman tietoakaan kev\u00e4\u00e4st\u00e4, jonka ensimm\u00e4isi\u00e4 p\u00e4ivi\u00e4 kalenterin mukaan kuitenkin el\u00e4mme. Samaan aikaan voimakkaan matalapaineen johdosta poikkeuksellisen matalalla roikkuvat sadepilvet ovat kuitenkin olleet kaunis n\u00e4ky t\u00e4\u00e4lt\u00e4 korkeuksista tarkasteltuna. Kirjoitin aiheesta jo syyskuussa, jolloin onnistuin napata muutaman valokuvan uskomattomasta aamustamme kirjaimellisesti pilvien yl\u00e4puolella.<\/p>\n","protected":false},"author":1,"featured_media":8821,"comment_status":"open","ping_status":"open","sticky":false,"template":"","format":"standard","meta":{"_jetpack_memberships_contains_paid_content":false,"footnotes":""},"categories":[17,3],"tags":[34,932,77,78,935,270],"class_list":["post-8820","post","type-post","status-publish","format-standard","has-post-thumbnail","hentry","category-arki-kanadassa","category-arki-ulkomailla","tag-arki","tag-asunto","tag-burnaby","tag-burnaby-metrotown","tag-kanada","tag-saa"],"jetpack_featured_media_url":"https:\/\/www.vuosiamaailmalla.fi\/blog\/wp-content\/uploads\/sumuinen_metrotown_banner.jpg","jetpack_sharing_enabled":true,"_links":{"self":[{"href":"https:\/\/www.vuosiamaailmalla.fi\/blog\/wp-json\/wp\/v2\/posts\/8820","targetHints":{"allow":["GET"]}}],"collection":[{"href":"https:\/\/www.vuosiamaailmalla.fi\/blog\/wp-json\/wp\/v2\/posts"}],"about":[{"href":"https:\/\/www.vuosiamaailmalla.fi\/blog\/wp-json\/wp\/v2\/types\/post"}],"author":[{"embeddable":true,"href":"https:\/\/www.vuosiamaailmalla.fi\/blog\/wp-json\/wp\/v2\/users\/1"}],"replies":[{"embeddable":true,"href":"https:\/\/www.vuosiamaailmalla.fi\/blog\/wp-json\/wp\/v2\/comments?post=8820"}],"version-history":[{"count":0,"href":"https:\/\/www.vuosiamaailmalla.fi\/blog\/wp-json\/wp\/v2\/posts\/8820\/revisions"}],"wp:featuredmedia":[{"embeddable":true,"href":"https:\/\/www.vuosiamaailmalla.fi\/blog\/wp-json\/wp\/v2\/media\/8821"}],"wp:attachment":[{"href":"https:\/\/www.vuosiamaailmalla.fi\/blog\/wp-json\/wp\/v2\/media?parent=8820"}],"wp:term":[{"taxonomy":"category","embeddable":true,"href":"https:\/\/www.vuosiamaailmalla.fi\/blog\/wp-json\/wp\/v2\/categories?post=8820"},{"taxonomy":"post_tag","embeddable":true,"href":"https:\/\/www.vuosiamaailmalla.fi\/blog\/wp-json\/wp\/v2\/tags?post=8820"}],"curies":[{"name":"wp","href":"https:\/\/api.w.org\/{rel}","templated":true}]}}