{"id":8864,"date":"2017-04-03T21:56:57","date_gmt":"2017-04-04T04:56:57","guid":{"rendered":"http:\/\/13.53.127.146\/?p=8864"},"modified":"2024-03-29T22:08:25","modified_gmt":"2024-03-30T05:08:25","slug":"kevathangilla-cypress-mountainilla","status":"publish","type":"post","link":"https:\/\/www.vuosiamaailmalla.fi\/blog\/2017\/kevathangilla-cypress-mountainilla\/","title":{"rendered":"Kev\u00e4thangilla Cypress Mountainilla"},"content":{"rendered":"<p style=\"text-align: justify;\">Kev\u00e4t on k\u00e4\u00e4ntynyt jo huhtikuun puolelle, mutta eritt\u00e4in luminen <a title=\"Lupaus La Ni\u00f1asta\" href=\"https:\/\/www.vuosiamaailmalla.fi\/?p=8573\">La Ni\u00f1a -talvi<\/a> jatkaa aina vain loistavien laskettelukelien tarjoamista. Olimme jo Niinan kanssa p\u00e4\u00e4tt\u00e4neet laittaa suksemme kes\u00e4teloille, mutta sunnuntaille osunut kaunis kev\u00e4tp\u00e4iv\u00e4 sai silti meid\u00e4t lastaamaan sukset viel\u00e4 kertaalleen autoon ja suuntaamaan West Vancouverissa sijaitsevalle <a title=\"T\u00e4ydellinen p\u00e4iv\u00e4 Cypress Mountainilla\" href=\"https:\/\/www.vuosiamaailmalla.fi\/?p=177\"><em>Cypress Mountainille<\/em><\/a>.<\/p>\n<p><!--more--><\/p>\n<p style=\"text-align: justify;\">Cypressill\u00e4 on tullut k\u00e4yty\u00e4 t\u00e4n\u00e4 talvena vain kerran aiemmin <a title=\"Y\u00f6ky\u00f6pelin\u00e4 Cypress Mountainilla\" href=\"https:\/\/www.vuosiamaailmalla.fi\/?p=7591\">iltam\u00e4ess\u00e4<\/a>, joten oli kiintoisaa saapua paikalle heti aamusta. V\u00e4ke\u00e4 oli liikkeell\u00e4 runsaasti ja parkkipaikka t\u00e4yttyikin nopeaan tahtiin. Hissiliput ostettuamme olimme ensimm\u00e4isten parinkymmenen ihmisen joukossa nousemassa Mount Strachanille, jolta aukesi kaunis aamumaisema alas laaksoon sek\u00e4 vastapuolen rinteisiin. Ensimm\u00e4isen laskun kanssa sai olla hieman varovainen, sill\u00e4 ajettu rinne oli aivan j\u00e4inen ennen kuin aurinko alkoi pehmitt\u00e4\u00e4 sen pintaa.<\/p>\n<p style=\"text-align: center;\"><a href=\"\/blog\/wp-content\/uploads\/2017\/cypressin_kevathangilla1.jpg\"><img decoding=\"async\" src=\"\/blog\/wp-content\/uploads\/2017\/thumbs\/thumbs_cypressin_kevathangilla1.jpg\" \/><\/a><a href=\"\/blog\/wp-content\/uploads\/2017\/cypressin_kevathangilla2.jpg\"><img decoding=\"async\" src=\"\/blog\/wp-content\/uploads\/2017\/thumbs\/thumbs_cypressin_kevathangilla2.jpg\" \/><\/a><a href=\"\/blog\/wp-content\/uploads\/2017\/cypressin_kevathangilla5.jpg\"><img decoding=\"async\" src=\"\/blog\/wp-content\/uploads\/2017\/thumbs\/thumbs_cypressin_kevathangilla5.jpg\" \/><\/a><\/p>\n<p style=\"text-align: center;\"><em>Aamutuimaan Cypress Mountainilla<\/em><\/p>\n<p style=\"text-align: center;\"><a href=\"\/blog\/wp-content\/uploads\/2017\/cypressin_kevathangilla3.jpg\"><img decoding=\"async\" src=\"\/blog\/wp-content\/uploads\/2017\/thumbs\/thumbs_cypressin_kevathangilla3.jpg\" \/><\/a><a href=\"\/blog\/wp-content\/uploads\/2017\/cypressin_kevathangilla4.jpg\"><img decoding=\"async\" src=\"\/blog\/wp-content\/uploads\/2017\/thumbs\/thumbs_cypressin_kevathangilla4.jpg\" \/><\/a><\/p>\n<p style=\"text-align: center;\"><em>Rinne t\u00e4ynn\u00e4 laskettelijoita<\/em><\/p>\n<p style=\"text-align: justify;\">Pari m\u00e4ke\u00e4 Strachanin puolella ja oli vuoro kokeilla toiselle vuorelle nousevia rinteit\u00e4, jotka olivatkin mukavassa kev\u00e4tkunnossa. Pehmennyt lumi oli mukava laskea ja l\u00e4mpim\u00e4ss\u00e4 muutaman asteen plussakeliss\u00e4 tuli nopeasti niin kuuma, ett\u00e4 takkia piti kevent\u00e4\u00e4.<\/p>\n<p style=\"text-align: center;\"><a href=\"\/blog\/wp-content\/uploads\/2017\/cypressin_kevathangilla7.jpg\"><img decoding=\"async\" src=\"\/blog\/wp-content\/uploads\/2017\/thumbs\/thumbs_cypressin_kevathangilla7.jpg\" \/><\/a><a href=\"\/blog\/wp-content\/uploads\/2017\/hymya_cypress_mountainilla.jpg\"><img decoding=\"async\" src=\"\/blog\/wp-content\/uploads\/2017\/thumbs\/thumbs_hymya_cypress_mountainilla.jpg\" \/><\/a><a href=\"\/blog\/wp-content\/uploads\/2017\/cypressin_kevathangilla6.jpg\"><img decoding=\"async\" src=\"\/blog\/wp-content\/uploads\/2017\/thumbs\/thumbs_cypressin_kevathangilla6.jpg\" \/><\/a><\/p>\n<p style=\"text-align: center;\"><em>Lumitilanne kohdallaan<\/em><\/p>\n<p style=\"text-align: justify;\">Laskimme muutaman m\u00e4en, jonka j\u00e4lkeen palasimme takaisin <a title=\"Haastava Mount Strachan\" href=\"https:\/\/www.vuosiamaailmalla.fi\/?p=10940\">Mount Strachanin<\/a> puolelle, jonka huipulle kipusimme. Ylh\u00e4\u00e4lt\u00e4 aukeavat maisemat olivat uskomattomat, sill\u00e4 kauden aikana melkein 11 metri\u00e4 lunta saanut vuorenhuippu oli aivan valkoisen puuterin peitossa. Ylh\u00e4\u00e4lt\u00e4 aukeni upea maisema leijonankorville, <em><a title=\"St Mark\u2019s Summit\" href=\"https:\/\/www.vuosiamaailmalla.fi\/?p=6983\">St. Mark&#8217;s Summitille<\/a><\/em> sek\u00e4 alas Howe Soundin upeaan vuonoon. On kiehtovaa miten eri maailmassa 1400 metrin korkeudella elet\u00e4\u00e4n viel\u00e4 n\u00e4in huhtikuun alussa, jolloin merenpinnantasolla nautitaan jo +15 asteen p\u00e4ivi\u00e4 ja puihin avautuu lehdensilmuja.<\/p>\n<p style=\"text-align: center;\"><a href=\"\/blog\/wp-content\/uploads\/2017\/mount_strachanin_huipulla1.jpg\"><img decoding=\"async\" src=\"\/blog\/wp-content\/uploads\/2017\/thumbs\/thumbs_mount_strachanin_huipulla1.jpg\" \/><\/a><a href=\"\/blog\/wp-content\/uploads\/2017\/mount_strachanin_huipulla3.jpg\"><img decoding=\"async\" src=\"\/blog\/wp-content\/uploads\/2017\/thumbs\/thumbs_mount_strachanin_huipulla3.jpg\" \/><\/a><a href=\"\/blog\/wp-content\/uploads\/2017\/mount_strachanin_huipulla6.jpg\"><img decoding=\"async\" src=\"\/blog\/wp-content\/uploads\/2017\/thumbs\/thumbs_mount_strachanin_huipulla6.jpg\" \/><\/a><br \/>\n<a href=\"\/blog\/wp-content\/uploads\/2017\/mount_strachanin_huipulla4.jpg\"><img decoding=\"async\" src=\"\/blog\/wp-content\/uploads\/2017\/thumbs\/thumbs_mount_strachanin_huipulla4.jpg\" \/><\/a><a href=\"\/blog\/wp-content\/uploads\/2017\/mount_strachanin_huipulla5.jpg\"><img decoding=\"async\" src=\"\/blog\/wp-content\/uploads\/2017\/thumbs\/thumbs_mount_strachanin_huipulla5.jpg\" \/><\/a><\/p>\n<p style=\"text-align: center;\"><em>Huipulla oli mukavasti lunta<\/em><\/p>\n<p style=\"text-align: center;\"><a href=\"\/blog\/wp-content\/uploads\/2017\/mount_strachanin_huipulla2.jpg\"><img decoding=\"async\" src=\"\/blog\/wp-content\/uploads\/2017\/mount_strachanin_huipulla2.jpg\" \/><\/a><\/p>\n<p style=\"text-align: center;\"><em>Vastapuolen rinteet<\/em><\/p>\n<p style=\"text-align: center;\"><a href=\"\/blog\/wp-content\/uploads\/2017\/mount_strachanin_huipulla_panoraama1.jpg\"><img decoding=\"async\" src=\"\/blog\/wp-content\/uploads\/2017\/mount_strachanin_huipulla_panoraama1_pieni.jpg\" \/><\/a><\/p>\n<p style=\"text-align: center;\"><em>Hulppeat vuoristomaisemat<\/em><\/p>\n<p style=\"text-align: center;\"><a href=\"\/blog\/wp-content\/uploads\/2017\/mount_strachanin_huipulla_panoraama2.jpg\"><img decoding=\"async\" src=\"\/blog\/wp-content\/uploads\/2017\/mount_strachanin_huipulla_panoraama2_pieni.jpg\" \/><\/a><\/p>\n<p style=\"text-align: justify;\">Jaksoimme laskea Cypressill\u00e4 aina puoleen p\u00e4iv\u00e4\u00e4n saakka, jonka j\u00e4lkeen totesimme kauden 15. laskettelup\u00e4iv\u00e4mme olevan siin\u00e4 ja pakkasimme kamat autoon. Paluumatkalla ajoimme huviksemme naapurivuori <a title=\"Pilvihattaraa Mount Seymourilla\" href=\"https:\/\/www.vuosiamaailmalla.fi\/?p=7765\">Mount Seymourille<\/a>, joka on saanut t\u00e4n\u00e4 vuonna huikeat <strong>13,5 metri\u00e4<\/strong> lunta. Lumi on pakkautunut painonsa alla ala-asemalla keskim\u00e4\u00e4rin noin 3,5 metrin paksuiseksi vaipaksi, joka kietoi sis\u00e4\u00e4ns\u00e4 hiihtokeskuksen rakennuksia ja ymp\u00e4r\u00f6i uhkaavasti osaa parkkipaikan reunapaikoista. Yl\u00e4asemalla lumen syvyydeksi mitataan per\u00e4ti 6,5 metri\u00e4, mik\u00e4 olisi kiehtova n\u00e4hd\u00e4 omin silmin, joskin Mount Strachanilla lukemat lienev\u00e4t samaa luokkaa.<\/p>\n<p style=\"text-align: center;\"><a href=\"\/blog\/wp-content\/uploads\/2017\/lunta_mount_seymourilla7.jpg\"><img decoding=\"async\" src=\"\/blog\/wp-content\/uploads\/2017\/thumbs\/thumbs_lunta_mount_seymourilla7.jpg\" \/><\/a><a href=\"\/blog\/wp-content\/uploads\/2017\/lunta_mount_seymourilla6.jpg\"><img decoding=\"async\" src=\"\/blog\/wp-content\/uploads\/2017\/thumbs\/thumbs_lunta_mount_seymourilla6.jpg\" \/><\/a><a href=\"\/blog\/wp-content\/uploads\/2017\/lunta_mount_seymourilla4.jpg\"><img decoding=\"async\" src=\"\/blog\/wp-content\/uploads\/2017\/thumbs\/thumbs_lunta_mount_seymourilla4.jpg\" \/><\/a><br \/>\n<a href=\"\/blog\/wp-content\/uploads\/2017\/lunta_mount_seymourilla5.jpg\"><img decoding=\"async\" src=\"\/blog\/wp-content\/uploads\/2017\/thumbs\/thumbs_lunta_mount_seymourilla5.jpg\" \/><\/a><a href=\"\/blog\/wp-content\/uploads\/2017\/lunta_mount_seymourilla2.jpg\"><img decoding=\"async\" src=\"\/blog\/wp-content\/uploads\/2017\/thumbs\/thumbs_lunta_mount_seymourilla2.jpg\" \/><\/a><a href=\"\/blog\/wp-content\/uploads\/2017\/lunta_mount_seymourilla3.jpg\"><img decoding=\"async\" src=\"\/blog\/wp-content\/uploads\/2017\/thumbs\/thumbs_lunta_mount_seymourilla3.jpg\" \/><\/a><\/p>\n<p style=\"text-align: center;\"><em>Seymourilla hankia katsastamassa<\/em><\/p>\n<p style=\"text-align: justify;\">Kuluva talvi on siis ollut melkoinen ja laskettelukautta jatkuu esimerkiksi Whistleriss\u00e4 aina toukokuun puoleenv\u00e4liin saakka, mink\u00e4 j\u00e4lkeen lunta riitt\u00e4\u00e4 edelleen <a title=\"Whistlerin j\u00e4ttim\u00e4iset lumisein\u00e4m\u00e4t\" href=\"https:\/\/www.vuosiamaailmalla.fi\/?p=8246\">valtaviksi lumisein\u00e4miksi<\/a> saakka. Kauden p\u00e4\u00e4ttyess\u00e4 tuleekin olemaan kiintoisaa ynn\u00e4t\u00e4 yhteen <a title=\"La Ni\u00f1a talven lopputulos\" href=\"https:\/\/www.vuosiamaailmalla.fi\/?p=9062\">talven lumikertym\u00e4t<\/a> ja verrata lukemia viime vuoden my\u00f6s hyv\u00e4ksi osoittautuneeseen <a title=\"El Ni\u00f1o talven lopputulos\" href=\"https:\/\/www.vuosiamaailmalla.fi\/?p=8253\">El Ni\u00f1o -talveen<\/a> verrattuna, kunhan sinne saakka p\u00e4\u00e4st\u00e4\u00e4n.<\/p>\n<p style=\"text-align: center;\"><a href=\"\/blog\/wp-content\/uploads\/2017\/lunta_mount_seymourilla1.jpg\"><img decoding=\"async\" src=\"\/blog\/wp-content\/uploads\/2017\/lunta_mount_seymourilla1.jpg\" \/><\/a><\/p>\n<p style=\"text-align: center;\"><em>Melkoisesti lunta<\/em><\/p>\n","protected":false},"excerpt":{"rendered":"<p>Kev\u00e4t on k\u00e4\u00e4ntynyt jo huhtikuun puolelle, mutta eritt\u00e4in luminen La Ni\u00f1a -talvi jatkaa aina vain loistavien laskettelukelien tarjoamista. Olimme jo Niinan kanssa p\u00e4\u00e4tt\u00e4neet laittaa suksemme kes\u00e4teloille, mutta sunnuntaille osunut kaunis kev\u00e4tp\u00e4iv\u00e4 sai silti meid\u00e4t lastaamaan sukset viel\u00e4 kertaalleen autoon ja suuntaamaan West Vancouverissa sijaitsevalle Cypress Mountainille.<\/p>\n","protected":false},"author":1,"featured_media":8865,"comment_status":"open","ping_status":"open","sticky":false,"template":"","format":"standard","meta":{"_jetpack_memberships_contains_paid_content":false,"footnotes":""},"categories":[17,3,778,774],"tags":[34,933,935,160,1836,173,181,1532,184,202,943],"class_list":["post-8864","post","type-post","status-publish","format-standard","has-post-thumbnail","hentry","category-arki-kanadassa","category-arki-ulkomailla","category-laskettelu-ulkoilu","category-ulkoilu","tag-arki","tag-cypress-mountain","tag-kanada","tag-kevat","tag-la-nina","tag-laskettelu","tag-mount-seymour","tag-mount-strachan","tag-north-vancouver","tag-talvi","tag-west-vancouver"],"jetpack_featured_media_url":"https:\/\/www.vuosiamaailmalla.fi\/blog\/wp-content\/uploads\/mount_strachanin_huipulla_banner.jpg","jetpack_sharing_enabled":true,"_links":{"self":[{"href":"https:\/\/www.vuosiamaailmalla.fi\/blog\/wp-json\/wp\/v2\/posts\/8864","targetHints":{"allow":["GET"]}}],"collection":[{"href":"https:\/\/www.vuosiamaailmalla.fi\/blog\/wp-json\/wp\/v2\/posts"}],"about":[{"href":"https:\/\/www.vuosiamaailmalla.fi\/blog\/wp-json\/wp\/v2\/types\/post"}],"author":[{"embeddable":true,"href":"https:\/\/www.vuosiamaailmalla.fi\/blog\/wp-json\/wp\/v2\/users\/1"}],"replies":[{"embeddable":true,"href":"https:\/\/www.vuosiamaailmalla.fi\/blog\/wp-json\/wp\/v2\/comments?post=8864"}],"version-history":[{"count":2,"href":"https:\/\/www.vuosiamaailmalla.fi\/blog\/wp-json\/wp\/v2\/posts\/8864\/revisions"}],"predecessor-version":[{"id":13572,"href":"https:\/\/www.vuosiamaailmalla.fi\/blog\/wp-json\/wp\/v2\/posts\/8864\/revisions\/13572"}],"wp:featuredmedia":[{"embeddable":true,"href":"https:\/\/www.vuosiamaailmalla.fi\/blog\/wp-json\/wp\/v2\/media\/8865"}],"wp:attachment":[{"href":"https:\/\/www.vuosiamaailmalla.fi\/blog\/wp-json\/wp\/v2\/media?parent=8864"}],"wp:term":[{"taxonomy":"category","embeddable":true,"href":"https:\/\/www.vuosiamaailmalla.fi\/blog\/wp-json\/wp\/v2\/categories?post=8864"},{"taxonomy":"post_tag","embeddable":true,"href":"https:\/\/www.vuosiamaailmalla.fi\/blog\/wp-json\/wp\/v2\/tags?post=8864"}],"curies":[{"name":"wp","href":"https:\/\/api.w.org\/{rel}","templated":true}]}}