{"id":8877,"date":"2017-04-16T18:12:45","date_gmt":"2017-04-17T01:12:45","guid":{"rendered":"http:\/\/13.53.127.146\/?p=8877"},"modified":"2022-11-11T15:24:44","modified_gmt":"2022-11-11T23:24:44","slug":"upean-laskettelukauden-paatos-mount-bakerilla","status":"publish","type":"post","link":"https:\/\/www.vuosiamaailmalla.fi\/blog\/2017\/upean-laskettelukauden-paatos-mount-bakerilla\/","title":{"rendered":"Upean laskettelukauden p\u00e4\u00e4t\u00f6s Mount Bakerilla"},"content":{"rendered":"<p style=\"text-align: justify;\">T\u00e4m\u00e4nvuotinen uskomaton laskettelutalvi p\u00e4\u00e4ttyi monin paikoin t\u00e4n\u00e4 viikonloppuna ja vain harva laskettelukeskus on auki kuun loppuun tai toukokuuhun saakka. Syy keskusten sulkeutumiseen ei kuitenkaan ole lumitilanteessa, sill\u00e4 vuorilla lasketellaan viel\u00e4 monta metri\u00e4 syv\u00e4ss\u00e4 lumihangessa. P\u00e4\u00e4si\u00e4isen j\u00e4lkeen ihmisten mielenkiinto alkaa kuitenkin keskitty\u00e4 kes\u00e4aktiviteetteihin, mink\u00e4 vuoksi kausi tulee p\u00e4\u00e4t\u00f6kseen.<\/p>\n<p><!--more--><\/p>\n<p style=\"text-align: justify;\">Mekin Niinan kanssa meinasimme jo, ett\u00e4 kahden viikon takainen <a title=\"Kev\u00e4thangilla Cypress Mountainilla\" href=\"https:\/\/www.vuosiamaailmalla.fi\/?p=8864\">aurinkoinen p\u00e4iv\u00e4mme Cypress Mountainilla<\/a> olisi ollut kautemme viimeinen laskettelup\u00e4iv\u00e4. Mieless\u00e4mme on kuitenkin kutitellut ajatus viel\u00e4 yhdest\u00e4 laskettelup\u00e4iv\u00e4st\u00e4 <a title=\"Uskomaton Mount Baker\" href=\"https:\/\/www.vuosiamaailmalla.fi\/?p=2213\">legendaarisella Mount Bakerilla<\/a>, jonka lumim\u00e4\u00e4r\u00e4t huimaavat p\u00e4\u00e4t\u00e4. Bakerilla huono vuosi nimitt\u00e4in tarkoittaa 7,5 metri\u00e4 lunta ja normaalina vuotena lunta sataa noin 17 metri\u00e4. T\u00e4m\u00e4n vuoden <a title=\"Lupaus La Ni\u00f1asta\" href=\"https:\/\/www.vuosiamaailmalla.fi\/?p=8573\"><em>La Ni\u00f1a<\/em> -talvena<\/a> lunta on tullut kuitenkin l\u00e4hes <strong>21 metri\u00e4<\/strong>, joten ei ihme ett\u00e4 mielt\u00e4mme on kutitellut ajatus laskettelusta melkein seitsem\u00e4n metrisess\u00e4 hangessa.<\/p>\n<p style=\"text-align: center;\"><a href=\"\/blog\/wp-content\/uploads\/2017\/mount_bakerin_hullut_hanget3.jpg\"><img decoding=\"async\" src=\"\/blog\/wp-content\/uploads\/2017\/thumbs\/thumbs_mount_bakerin_hullut_hanget3.jpg\" \/><\/a><a href=\"\/blog\/wp-content\/uploads\/2017\/mount_bakerin_hullut_hanget12.jpg\"><img decoding=\"async\" src=\"\/blog\/wp-content\/uploads\/2017\/thumbs\/thumbs_mount_bakerin_hullut_hanget12.jpg\" \/><\/a><a href=\"\/blog\/wp-content\/uploads\/2017\/mount_bakerin_hullut_hanget1.jpg\"><img decoding=\"async\" src=\"\/blog\/wp-content\/uploads\/2017\/thumbs\/thumbs_mount_bakerin_hullut_hanget1.jpg\" \/><\/a><\/p>\n<p style=\"text-align: center;\"><em>Mount Bakerin talvet eiv\u00e4t ole lumettomia<\/em><\/p>\n<p style=\"text-align: justify;\">Niinp\u00e4 pakkasimme sukset viel\u00e4 viimeisen kerran autoon p\u00e4\u00e4si\u00e4islauantaina ja suuntasimme kohti Mount Bakeria. Rajalla ei tuhraantunut turhan paljon aikaa ja olimmekin ensimm\u00e4isten joukossa ajamassa kohti Bakeria. Keli oli alhaalla laaksossa vesisateinen, mutta puoliv\u00e4liss\u00e4 sade muuttui lumeksi ja pian olimmekin t\u00e4ysin t\u00e4ysin talvisissa maisemissa. Huolestuimme hieman miten p\u00e4\u00e4sisimme laskettelukeskukselle saakka, sill\u00e4 vaihdoimme <a title=\"2014 BMW X1 xDrive35i\" href=\"https:\/\/www.vuosiamaailmalla.fi\/?p=2938\">autoomme<\/a> viime viikonloppuna kes\u00e4renkaat. Onneksi tie oli kuitenkin hyvin hiekoitettu ja p\u00e4\u00e4simme hyvin perille.<\/p>\n<p style=\"text-align: center;\"><a href=\"\/blog\/wp-content\/uploads\/2017\/mount_bakerin_hullut_hanget13.jpg\"><img decoding=\"async\" src=\"\/blog\/wp-content\/uploads\/2017\/thumbs\/thumbs_mount_bakerin_hullut_hanget13.jpg\" \/><\/a><a href=\"\/blog\/wp-content\/uploads\/2017\/mount_bakerin_hullut_hanget11.jpg\"><img decoding=\"async\" src=\"\/blog\/wp-content\/uploads\/2017\/thumbs\/thumbs_mount_bakerin_hullut_hanget11.jpg\" \/><\/a><a href=\"\/blog\/wp-content\/uploads\/2017\/mount_bakerin_hullut_hanget2.jpg\"><img decoding=\"async\" src=\"\/blog\/wp-content\/uploads\/2017\/thumbs\/thumbs_mount_bakerin_hullut_hanget2.jpg\" \/><\/a><\/p>\n<p style=\"text-align: center;\"><em>Pys\u00e4k\u00f6intialue oli lumen saartama<\/em><\/p>\n<p style=\"text-align: justify;\">Lauantai oli Mount Bakerin kauden toiseksi viimeinen p\u00e4iv\u00e4 ja paikalle oli saapunut valtavasti v\u00e4ke\u00e4 jokavuotiseen p\u00e4\u00e4si\u00e4isriehaan. Ohjelmaan kuuluu muovisten munien etsint\u00e4 rinteest\u00e4, joista jokainen sis\u00e4lt\u00e4\u00e4 palkinnon. Ykk\u00f6spalkintoon oikeuttaa erityinen kultainen muna, jolla saa kausikortin Mount Bakerille. Idea on hauska ja kaikenik\u00e4iset ihmiset etsiv\u00e4t munia hangesta. Niinankin onnistui l\u00f6yt\u00e4\u00e4 sattumalta kaksi p\u00e4\u00e4si\u00e4ismunaa rinteest\u00e4.<\/p>\n<p style=\"text-align: center;\"><a href=\"\/blog\/wp-content\/uploads\/2017\/hangesta_loydettya2.jpg\"><img decoding=\"async\" src=\"\/blog\/wp-content\/uploads\/2017\/thumbs\/thumbs_hangesta_loydettya2.jpg\" \/><\/a><a href=\"\/blog\/wp-content\/uploads\/2017\/hangesta_loydettya.jpg\"><img decoding=\"async\" src=\"\/blog\/wp-content\/uploads\/2017\/thumbs\/thumbs_hangesta_loydettya.jpg\" \/><\/a><\/p>\n<p style=\"text-align: center;\"><em>P\u00e4\u00e4si\u00e4ismunien etsint\u00e4\u00e4<\/em><\/p>\n<p style=\"text-align: justify;\">Lauantain keli oli vaihteleva ja p\u00e4iv\u00e4n aikana saatiin kaikkea lumisateen ja pilkist\u00e4v\u00e4n auringon v\u00e4lilt\u00e4. Lumi oli aivan mielett\u00f6m\u00e4n hyv\u00e4\u00e4 ja edellisy\u00f6n 15 sentti\u00e4 tuoretta puuteria tarjosivat ensimm\u00e4isten tuntien ajaksi runsaasti tuoreita latuja laskea. Syv\u00e4ss\u00e4 puuterissa oli mahtavaa laskea, mutta kaaduttaessa oli vaikeaa nousta yl\u00f6s, kuten Niinan sai todeta kynnetty\u00e4\u00e4n lumessa. Yli viisi metri\u00e4 syv\u00e4 hanki voi olla jopa hengenvaarallinen, sill\u00e4 puiden juurilla oleviin lumikuoppiin kaatuminen voi johtaa jopa tukehtumiseen! Kokemustemme perusteella t\u00e4m\u00e4 on helppo uskoa.<\/p>\n<p style=\"text-align: center;\"><a href=\"\/blog\/wp-content\/uploads\/2017\/mount_bakerin_rinteessa1.jpg\"><img decoding=\"async\" src=\"\/blog\/wp-content\/uploads\/2017\/thumbs\/thumbs_mount_bakerin_rinteessa1.jpg\" \/><\/a><a href=\"\/blog\/wp-content\/uploads\/2017\/mount_bakerin_rinteessa2.jpg\"><img decoding=\"async\" src=\"\/blog\/wp-content\/uploads\/2017\/thumbs\/thumbs_mount_bakerin_rinteessa2.jpg\" \/><\/a><a href=\"\/blog\/wp-content\/uploads\/2017\/mount_bakerin_rinteessa3.jpg\"><img decoding=\"async\" src=\"\/blog\/wp-content\/uploads\/2017\/thumbs\/thumbs_mount_bakerin_rinteessa3.jpg\" \/><\/a><br \/>\n<a href=\"\/blog\/wp-content\/uploads\/2017\/mount_bakerin_rinteessa4.jpg\"><img decoding=\"async\" src=\"\/blog\/wp-content\/uploads\/2017\/thumbs\/thumbs_mount_bakerin_rinteessa4.jpg\" \/><\/a><a href=\"\/blog\/wp-content\/uploads\/2017\/mount_bakerin_rinteessa6.jpg\"><img decoding=\"async\" src=\"\/blog\/wp-content\/uploads\/2017\/thumbs\/thumbs_mount_bakerin_rinteessa6.jpg\" \/><\/a><a href=\"\/blog\/wp-content\/uploads\/2017\/mount_bakerin_rinteessa5.jpg\"><img decoding=\"async\" src=\"\/blog\/wp-content\/uploads\/2017\/thumbs\/thumbs_mount_bakerin_rinteessa5.jpg\" \/><\/a><\/p>\n<p style=\"text-align: center;\"><em>Puuterip\u00e4iv\u00e4 Bakerilla<\/em><\/p>\n<p style=\"text-align: center;\"><a href=\"\/blog\/wp-content\/uploads\/2017\/puuterin_kyntoa1.jpg\"><img decoding=\"async\" src=\"\/blog\/wp-content\/uploads\/2017\/thumbs\/thumbs_puuterin_kyntoa1.jpg\" \/><\/a><a href=\"\/blog\/wp-content\/uploads\/2017\/puuterin_kyntoa2.jpg\"><img decoding=\"async\" src=\"\/blog\/wp-content\/uploads\/2017\/thumbs\/thumbs_puuterin_kyntoa2.jpg\" \/><\/a><em><a href=\"\/blog\/wp-content\/uploads\/2017\/puuterin_kyntoa3.jpg\"><img decoding=\"async\" src=\"\/blog\/wp-content\/uploads\/2017\/thumbs\/thumbs_puuterin_kyntoa3.jpg\" \/><\/a><\/em><\/p>\n<p style=\"text-align: center;\">Kaatuminen syv\u00e4ss\u00e4 hangessa naurattaa<\/p>\n<p style=\"text-align: justify;\">Kauden viimeinen laskettelup\u00e4iv\u00e4mme oli hauska, eiv\u00e4tk\u00e4 meit\u00e4 edes haitanneet Bakerin k\u00e4sitt\u00e4m\u00e4tt\u00f6m\u00e4t turvakaiteettomat tuolihissit. Sangen pienest\u00e4 koostaan huolimatta Mount Baker on <a title=\"Mount Bakerin syv\u00e4ss\u00e4 lumihangessa\" href=\"https:\/\/www.vuosiamaailmalla.fi\/?p=7716\">todella upea laskettelukeskus<\/a> ja upean kelin sattuessa maisemat ovat huikeat. Nyt 2783-metrinen\u00a0 Mount Shuksan vain pilkisteli tarunomaisena pilvien lomasta ja itse 3285-metrist\u00e4 Mount Bakeria emme n\u00e4hneet ollenkaan.<\/p>\n<p style=\"text-align: center;\"><a href=\"\/blog\/wp-content\/uploads\/2017\/mount_shuksan_pilvissa.jpg\"><img decoding=\"async\" src=\"\/blog\/wp-content\/uploads\/2017\/thumbs\/thumbs_mount_shuksan_pilvissa.jpg\" \/><\/a><a href=\"\/blog\/wp-content\/uploads\/2017\/mount_shuksan_pilvissa2.jpg\"><img decoding=\"async\" src=\"\/blog\/wp-content\/uploads\/2017\/thumbs\/thumbs_mount_shuksan_pilvissa2.jpg\" \/><\/a><\/p>\n<p style=\"text-align: center;\"><em>Tarunomainen verhoutunut Mount Shuksan<\/em><\/p>\n<p style=\"text-align: center;\"><a href=\"\/blog\/wp-content\/uploads\/2017\/mount_bakerin_rinteessa_panorama.jpg\"><img decoding=\"async\" src=\"\/blog\/wp-content\/uploads\/2017\/mount_bakerin_rinteessa_panorama_pieni.jpg\" \/><\/a><\/p>\n<p style=\"text-align: center;\"><em>Kaunis hetki keskip\u00e4iv\u00e4ll\u00e4<\/em><\/p>\n<p style=\"text-align: justify;\">P\u00e4iv\u00e4n p\u00e4\u00e4tteeksi ajoimme viel\u00e4 yl\u00f6s Heather Meadowsin alueelle, jossa sijaitsevasta kauniista vuoristolammesta ei ollut n\u00e4ht\u00e4viss\u00e4 mit\u00e4\u00e4n. Syv\u00e4\u00e4n <a title=\"P\u00e4iv\u00e4retki Mount Bakerille\" href=\"https:\/\/www.vuosiamaailmalla.fi\/?p=2965\">lumeen kaiverrettu tie<\/a> oli kuitenkin n\u00e4ht\u00e4vyys, sill\u00e4 se peitti alleen kaiken liikennemerkeist\u00e4 aina rakennuksiin saakka. N\u00e4kym\u00e4 muistutti hieman <a title=\"Whistlerin j\u00e4ttim\u00e4iset lumisein\u00e4m\u00e4t\" href=\"https:\/\/www.vuosiamaailmalla.fi\/?p=8246\">Whistlerin huikeita lumisein\u00e4mi\u00e4<\/a>, joskin Mount Bakerilla lumen sulamista saa odottaa aina loppukes\u00e4\u00e4n saakka. On uskomatonta, ett\u00e4 kaikki kuvissa n\u00e4kyv\u00e4 lumi todellakin sulaa kes\u00e4n aikana, joskin vain t\u00e4p\u00e4r\u00e4sti ennen ensilumen tuloa.<\/p>\n<p style=\"text-align: center;\"><a href=\"\/blog\/wp-content\/uploads\/2017\/mount_bakerin_hullut_hanget5.jpg\"><img decoding=\"async\" src=\"\/blog\/wp-content\/uploads\/2017\/thumbs\/thumbs_mount_bakerin_hullut_hanget5.jpg\" \/><\/a><a href=\"\/blog\/wp-content\/uploads\/2017\/mount_bakerin_hullut_hanget4.jpg\"><img decoding=\"async\" src=\"\/blog\/wp-content\/uploads\/2017\/thumbs\/thumbs_mount_bakerin_hullut_hanget4.jpg\" \/><\/a><a href=\"\/blog\/wp-content\/uploads\/2017\/mount_bakerin_hullut_hanget6.jpg\"><img decoding=\"async\" src=\"\/blog\/wp-content\/uploads\/2017\/thumbs\/thumbs_mount_bakerin_hullut_hanget6.jpg\" \/><\/a><br \/>\n<a href=\"\/blog\/wp-content\/uploads\/2017\/mount_bakerin_hullut_hanget7.jpg\"><img decoding=\"async\" src=\"\/blog\/wp-content\/uploads\/2017\/thumbs\/thumbs_mount_bakerin_hullut_hanget7.jpg\" \/><\/a><a href=\"\/blog\/wp-content\/uploads\/2017\/mount_bakerin_hullut_hanget8.jpg\"><img decoding=\"async\" src=\"\/blog\/wp-content\/uploads\/2017\/thumbs\/thumbs_mount_bakerin_hullut_hanget8.jpg\" \/><\/a><a href=\"\/blog\/wp-content\/uploads\/2017\/mount_bakerin_hullut_hanget9.jpg\"><img decoding=\"async\" src=\"\/blog\/wp-content\/uploads\/2017\/thumbs\/thumbs_mount_bakerin_hullut_hanget9.jpg\" \/><\/a><\/p>\n<p style=\"text-align: center;\"><em>Ajo yl\u00f6s Heather Meadowsille<\/em><\/p>\n<p style=\"text-align: justify;\">Mahtava laskettelukautemme on nyt siis pulkassa ja ensi viikonloppuna viemme sukset kes\u00e4huoltoon ja -s\u00e4ilytykseen. Minulle kertyi t\u00e4n\u00e4 vuonna 16 laskettelup\u00e4iv\u00e4\u00e4 ja Niinalle per\u00e4ti 18 (joista kaksi jouluna <a title=\"El\u00e4myskylpy Kolilla\" href=\"https:\/\/www.vuosiamaailmalla.fi\/?p=7631\">Kolilla<\/a>), mik\u00e4 on huomattavasti normitalven 8-10 p\u00e4iv\u00e4\u00e4 enemm\u00e4n. Ja mik\u00e4 oli lasketellessa, kun talvi tarjosi parastaan t\u00e4\u00e4ll\u00e4 l\u00e4nsirannikolla.<\/p>\n<p style=\"text-align: center;\"><a href=\"\/blog\/wp-content\/uploads\/2017\/mount_bakerin_hullut_hanget15.jpg\"><img decoding=\"async\" src=\"\/blog\/wp-content\/uploads\/2017\/thumbs\/thumbs_mount_bakerin_hullut_hanget15.jpg\" \/><\/a><a href=\"\/blog\/wp-content\/uploads\/2017\/mount_bakerin_hullut_hanget14.jpg\"><img decoding=\"async\" src=\"\/blog\/wp-content\/uploads\/2017\/thumbs\/thumbs_mount_bakerin_hullut_hanget14.jpg\" \/><\/a><a href=\"\/blog\/wp-content\/uploads\/2017\/mount_bakerin_hullut_hanget10.jpg\"><img decoding=\"async\" src=\"\/blog\/wp-content\/uploads\/2017\/thumbs\/thumbs_mount_bakerin_hullut_hanget10.jpg\" \/><\/a><\/p>\n<p style=\"text-align: center;\"><em>Lumen saartamia rakennuksia<\/em><\/p>\n<p style=\"text-align: justify;\">Koska vuorilla sataa lunta viel\u00e4 muutaman viikon ajan, teen koko talven yhteenvetoa vasta my\u00f6hemmin, mutta kyseess\u00e4 oli <a title=\"La Ni\u00f1a talven lopputulos\" href=\"https:\/\/www.vuosiamaailmalla.fi\/?p=9062\">uskomattomin talvi<\/a> t\u00e4\u00e4ll\u00e4 asumiemme <a title=\"Viisi vuotta Kanadassa\" href=\"https:\/\/www.vuosiamaailmalla.fi\/?p=8704\">viiden vuoden<\/a> aikana. Toivotaan, ett\u00e4 my\u00f6s ensi talvi on vastaavanlainen, joskin lumen kanssa ei olisi <a title=\"Metrotownin talviset nietokset\" href=\"https:\/\/www.vuosiamaailmalla.fi\/?p=8799\">niin v\u00e4li\u00e4<\/a> t\u00e4\u00e4ll\u00e4 alhaalla laaksossa.<\/p>\n","protected":false},"excerpt":{"rendered":"<p>T\u00e4m\u00e4nvuotinen uskomaton laskettelutalvi p\u00e4\u00e4ttyi monin paikoin t\u00e4n\u00e4 viikonloppuna ja vain harva laskettelukeskus on auki kuun loppuun tai toukokuuhun saakka. Syy keskusten sulkeutumiseen ei kuitenkaan ole lumitilanteessa, sill\u00e4 vuorilla lasketellaan viel\u00e4 monta metri\u00e4 syv\u00e4ss\u00e4 lumihangessa. P\u00e4\u00e4si\u00e4isen j\u00e4lkeen ihmisten mielenkiinto alkaa kuitenkin keskitty\u00e4 kes\u00e4aktiviteetteihin, mink\u00e4 vuoksi kausi tulee p\u00e4\u00e4t\u00f6kseen.<\/p>\n","protected":false},"author":1,"featured_media":8881,"comment_status":"open","ping_status":"open","sticky":false,"template":"","format":"standard","meta":{"_jetpack_memberships_contains_paid_content":false,"footnotes":""},"categories":[17,3,778,7,774,890],"tags":[34,935,173,587,588,202,1743,11],"class_list":["post-8877","post","type-post","status-publish","format-standard","has-post-thumbnail","hentry","category-arki-kanadassa","category-arki-ulkomailla","category-laskettelu-ulkoilu","category-matkakertomukset","category-ulkoilu","category-yhdysvallat","tag-arki","tag-kanada","tag-laskettelu","tag-mount-baker","tag-mount-shuksan","tag-talvi","tag-washington-osavaltio","tag-matkakertomukset-yhdysvallat"],"jetpack_featured_media_url":"https:\/\/www.vuosiamaailmalla.fi\/blog\/wp-content\/uploads\/mount_bakerin_rinnemaisemat_banner.jpg","jetpack_sharing_enabled":true,"_links":{"self":[{"href":"https:\/\/www.vuosiamaailmalla.fi\/blog\/wp-json\/wp\/v2\/posts\/8877","targetHints":{"allow":["GET"]}}],"collection":[{"href":"https:\/\/www.vuosiamaailmalla.fi\/blog\/wp-json\/wp\/v2\/posts"}],"about":[{"href":"https:\/\/www.vuosiamaailmalla.fi\/blog\/wp-json\/wp\/v2\/types\/post"}],"author":[{"embeddable":true,"href":"https:\/\/www.vuosiamaailmalla.fi\/blog\/wp-json\/wp\/v2\/users\/1"}],"replies":[{"embeddable":true,"href":"https:\/\/www.vuosiamaailmalla.fi\/blog\/wp-json\/wp\/v2\/comments?post=8877"}],"version-history":[{"count":2,"href":"https:\/\/www.vuosiamaailmalla.fi\/blog\/wp-json\/wp\/v2\/posts\/8877\/revisions"}],"predecessor-version":[{"id":12905,"href":"https:\/\/www.vuosiamaailmalla.fi\/blog\/wp-json\/wp\/v2\/posts\/8877\/revisions\/12905"}],"wp:featuredmedia":[{"embeddable":true,"href":"https:\/\/www.vuosiamaailmalla.fi\/blog\/wp-json\/wp\/v2\/media\/8881"}],"wp:attachment":[{"href":"https:\/\/www.vuosiamaailmalla.fi\/blog\/wp-json\/wp\/v2\/media?parent=8877"}],"wp:term":[{"taxonomy":"category","embeddable":true,"href":"https:\/\/www.vuosiamaailmalla.fi\/blog\/wp-json\/wp\/v2\/categories?post=8877"},{"taxonomy":"post_tag","embeddable":true,"href":"https:\/\/www.vuosiamaailmalla.fi\/blog\/wp-json\/wp\/v2\/tags?post=8877"}],"curies":[{"name":"wp","href":"https:\/\/api.w.org\/{rel}","templated":true}]}}