{"id":8883,"date":"2017-04-19T19:14:44","date_gmt":"2017-04-20T02:14:44","guid":{"rendered":"http:\/\/13.53.127.146\/?p=8883"},"modified":"2018-05-08T21:21:21","modified_gmt":"2018-05-09T04:21:21","slug":"tulevia-matkoja","status":"publish","type":"post","link":"https:\/\/www.vuosiamaailmalla.fi\/blog\/2017\/tulevia-matkoja\/","title":{"rendered":"Tulevia matkoja"},"content":{"rendered":"<p style=\"text-align: justify;\">Kev\u00e4t tekee vauhdilla tuloaan. Kaiken <a title=\"Upean laskettelukauden p\u00e4\u00e4t\u00f6s Mount Bakerilla\" href=\"https:\/\/www.vuosiamaailmalla.fi\/?p=8877\">laskettelun<\/a> ja ty\u00f6nteon lomassa olemme kuitenkin enn\u00e4tt\u00e4neet my\u00f6s suunnitella sek\u00e4 varailla tulevia kes\u00e4n lomamatkojamme, jotka viev\u00e4t meid\u00e4t t\u00e4n\u00e4 vuonna todella erilaisiin kohteisiin!<\/p>\n<p style=\"text-align: justify;\">Ty\u00f6nt\u00e4ytteisen kev\u00e4\u00e4n katkaisee toukokuun puolessav\u00e4liss\u00e4 nelip\u00e4iv\u00e4inen luksusviikonloppumme <strong>San Franciscossa<\/strong>. Emme olekaan viel\u00e4 vierailleet Kaliforniassa ja nyt siihen tarjoutui loistava tilaisuus kev\u00e4\u00e4n lopulla. Nelj\u00e4n p\u00e4iv\u00e4n aikana katsastamme kaupungin kuuluisia n\u00e4ht\u00e4vyyksi\u00e4 ja y\u00f6vymme sek\u00e4 sy\u00f6mme eritt\u00e4in fiineiss\u00e4 merkeiss\u00e4. Ja t\u00e4h\u00e4n on en\u00e4\u00e4 vain nelj\u00e4 viikkoa aikaa! \ud83d\ude42<\/p>\n<p><!--more--><\/p>\n<p style=\"text-align: justify;\">Juhannuksena edess\u00e4 onkin sitten eritt\u00e4in kiintoisa kes\u00e4lomareissu, kun lenn\u00e4mme Niinan kanssa puoleksitoista viikoksi <strong>Islantiin<\/strong>! Siell\u00e4 tutkimme t\u00e4m\u00e4n tuliper\u00e4isen saaren salaisuuksia viiden p\u00e4iv\u00e4n ajan upeita vesiputouksia ja maisemia ihaillen, sek\u00e4 l\u00e4mpimiss\u00e4 l\u00e4hteiss\u00e4 lilluen.<\/p>\n<p style=\"text-align: justify;\">Islannista suuntaamme toiseksi viideksi p\u00e4iv\u00e4ksi <strong>Gr\u00f6nlantiin<\/strong>, jossa kohteemme on maailman suurin mannerj\u00e4\u00e4tikk\u00f6. Kiipe\u00e4mme j\u00e4\u00e4tik\u00f6lle sek\u00e4 purjehdimme ihmettelem\u00e4\u00e4n sen hajoamista, sek\u00e4 y\u00f6vymme iglussa! Tai ainakin yrit\u00e4mme saada unta, sill\u00e4 napapiirin pohjoispuolella aurinko ei keskikes\u00e4ll\u00e4 laske ollenkaan. Ohjelmaa ja tekemist\u00e4 on tiedossa runsaasti t\u00e4ll\u00e4 eritt\u00e4in erist\u00e4ytyneell\u00e4 saarella. \ud83d\ude2e<\/p>\n<p style=\"text-align: justify;\">Paluumatkalla meill\u00e4 on viel\u00e4 10 tunnin <em>layover<\/em> Yhdysvalloissa Minnesotan osavaltiossa sijaitsevassa <strong>Minneapoliksessa<\/strong>, jossa viet\u00e4mme p\u00e4iv\u00e4n kaupunkia tutkiskellen. Ohjelmassa on pikainen katsaus kaupunkiin, sek\u00e4 vierailu Amerikan suurimmalla ostoskeskuksella.<\/p>\n<p style=\"text-align: justify;\">Edess\u00e4 on siis pikapuoliin monenlaista matkaa ja loppuvuodeksi suunnitelmissa on viel\u00e4 jotain erityist\u00e4, sill\u00e4 suunnitelmissamme ei ole tulla t\u00e4n\u00e4 vuonna jouluksi Suomeen. N\u00e4ist\u00e4 matkoista ja suunnitelmista kuitenkin lis\u00e4\u00e4 juttua my\u00f6hempin\u00e4 aikoina! \ud83d\ude42<\/p>\n","protected":false},"excerpt":{"rendered":"<p>Kev\u00e4t tekee vauhdilla tuloaan. Kaiken laskettelun ja ty\u00f6nteon lomassa olemme kuitenkin enn\u00e4tt\u00e4neet my\u00f6s suunnitella sek\u00e4 varailla tulevia kes\u00e4n lomamatkojamme, jotka viev\u00e4t meid\u00e4t t\u00e4n\u00e4 vuonna todella erilaisiin kohteisiin! Ty\u00f6nt\u00e4ytteisen kev\u00e4\u00e4n katkaisee toukokuun puolessav\u00e4liss\u00e4 nelip\u00e4iv\u00e4inen luksusviikonloppumme San Franciscossa. Emme olekaan viel\u00e4 vierailleet Kaliforniassa ja nyt siihen tarjoutui loistava tilaisuus kev\u00e4\u00e4n lopulla. Nelj\u00e4n p\u00e4iv\u00e4n aikana katsastamme kaupungin kuuluisia &hellip; <a href=\"https:\/\/www.vuosiamaailmalla.fi\/blog\/2017\/tulevia-matkoja\/\" class=\"more-link\">Jatka lukemista<span class=\"screen-reader-text\"> &#8221;Tulevia matkoja&#8221;<\/span><\/a><\/p>\n","protected":false},"author":1,"featured_media":0,"comment_status":"open","ping_status":"open","sticky":false,"template":"","format":"standard","meta":{"_jetpack_memberships_contains_paid_content":false,"footnotes":""},"categories":[1223,1216,7,892],"tags":[1218,1217,1219,1220,1221,735,11],"class_list":["post-8883","post","type-post","status-publish","format-standard","hentry","category-gronlanti","category-islanti","category-matkakertomukset","category-tanska","tag-gronlanti","tag-islanti","tag-matkakertomus-islanti-ja-gronlanti","tag-matkakertomus-luksusta-san-franciscossa","tag-minneapolis","tag-san-francisco","tag-matkakertomukset-yhdysvallat"],"jetpack_featured_media_url":"","jetpack_sharing_enabled":true,"_links":{"self":[{"href":"https:\/\/www.vuosiamaailmalla.fi\/blog\/wp-json\/wp\/v2\/posts\/8883","targetHints":{"allow":["GET"]}}],"collection":[{"href":"https:\/\/www.vuosiamaailmalla.fi\/blog\/wp-json\/wp\/v2\/posts"}],"about":[{"href":"https:\/\/www.vuosiamaailmalla.fi\/blog\/wp-json\/wp\/v2\/types\/post"}],"author":[{"embeddable":true,"href":"https:\/\/www.vuosiamaailmalla.fi\/blog\/wp-json\/wp\/v2\/users\/1"}],"replies":[{"embeddable":true,"href":"https:\/\/www.vuosiamaailmalla.fi\/blog\/wp-json\/wp\/v2\/comments?post=8883"}],"version-history":[{"count":0,"href":"https:\/\/www.vuosiamaailmalla.fi\/blog\/wp-json\/wp\/v2\/posts\/8883\/revisions"}],"wp:attachment":[{"href":"https:\/\/www.vuosiamaailmalla.fi\/blog\/wp-json\/wp\/v2\/media?parent=8883"}],"wp:term":[{"taxonomy":"category","embeddable":true,"href":"https:\/\/www.vuosiamaailmalla.fi\/blog\/wp-json\/wp\/v2\/categories?post=8883"},{"taxonomy":"post_tag","embeddable":true,"href":"https:\/\/www.vuosiamaailmalla.fi\/blog\/wp-json\/wp\/v2\/tags?post=8883"}],"curies":[{"name":"wp","href":"https:\/\/api.w.org\/{rel}","templated":true}]}}