{"id":8933,"date":"2017-05-27T10:38:35","date_gmt":"2017-05-27T17:38:35","guid":{"rendered":"http:\/\/13.53.127.146\/?p=8933"},"modified":"2025-03-17T23:29:10","modified_gmt":"2025-03-18T06:29:10","slug":"selfie-paaministeri-vierailulla","status":"publish","type":"post","link":"https:\/\/www.vuosiamaailmalla.fi\/blog\/2017\/selfie-paaministeri-vierailulla\/","title":{"rendered":"Selfie-p\u00e4\u00e4ministeri vierailulla"},"content":{"rendered":"<p style=\"text-align: justify;\">Normaalisti ty\u00f6viikot hurahtavat vauhdilla, ilman ett\u00e4 niist\u00e4 j\u00e4isi kovin paljoa muisteltavaa. Kuitenkin viime viikon torstai oli sangen tavanomaisesta poikkeava ty\u00f6p\u00e4iv\u00e4 ja j\u00e4\u00e4 varmasti mieleen. Olimme tiimini kanssa ty\u00f6st\u00e4neet koko alkuviikon sis\u00e4lt\u00f6\u00e4 loppuviikon mystiseen vierailuun, johon oli tulossa korkean tason vieraita. Torstaiaamuna meille paljastui, ett\u00e4 tulossa olisi itse <a title=\"Justin Trudeaun valtakauden p\u00e4\u00e4t\u00f6s\" href=\"https:\/\/www.vuosiamaailmalla.fi\/blog\/2025\/justin-trudeaun-valtakauden-paatos\/\">Kanadan p\u00e4\u00e4ministeri<\/a>.<\/p>\n<p><!--more--><\/p>\n<p style=\"text-align: justify;\"><a title=\"Kanadan Fidel Castro\" href=\"https:\/\/www.vuosiamaailmalla.fi\/blog\/2024\/kanadan-fidel-castro\/\">Justin Trudeau<\/a> on tuttu vieras Vancouverissa, sill\u00e4 h\u00e4n asui t\u00e4\u00e4ll\u00e4 nuorempana ja h\u00e4nen \u00e4itins\u00e4 Margaret asuu t\u00e4\u00e4ll\u00e4 edelleen. P\u00e4\u00e4ministerin\u00e4 Trudeau h\u00e4n vierailee Kanadan kolmanneksi suurimmassa kaupungissa usein, mutta emme ole koskaan n\u00e4hneet h\u00e4nt\u00e4 liven\u00e4.<\/p>\n<p style=\"text-align: center;\"><a href=\"\/blog\/wp-content\/uploads\/2017\/trudeau_vierailulla1.jpg\"><img decoding=\"async\" src=\"\/blog\/wp-content\/uploads\/2017\/trudeau_vierailulla1.jpg\" \/><\/a><\/p>\n<p style=\"text-align: center;\"><em>P\u00e4\u00e4ministerin musta autosaattue<\/em><\/p>\n<p style=\"text-align: justify;\">Trudeau saapui toimistollemme <a title=\"Itsen\u00e4isyysp\u00e4iv\u00e4n retki Seattleen\" href=\"https:\/\/www.vuosiamaailmalla.fi\/?p=1199\">Seattlesta<\/a>, jossa t\u00e4m\u00e4 tapasi aamup\u00e4iv\u00e4st\u00e4 <em>Microsoftin<\/em> johtoa. Kiertueen tarkoituksena oli keskustella l\u00e4nsirannikon teknologiayhteisty\u00f6n lis\u00e4\u00e4misest\u00e4 rajan ylitse ja Vancouver on Kanadan merkitt\u00e4vin ohjelmistotuotannon keskittym\u00e4. Ennen p\u00e4\u00e4ministerin saapumista saimme esimakua siit\u00e4 mit\u00e4 p\u00e4\u00e4ministerin vierailu tarkoittaa. Nappikorvaiset mustapukuiset miehet ja poliisikoirat kiersiv\u00e4t kampustamme koko aamup\u00e4iv\u00e4n ajan toimitiloja tarkastaen, samaan aikaan kun toimittajat pystytteliv\u00e4t kameroitaan.<\/p>\n<p style=\"text-align: center;\"><a href=\"\/blog\/wp-content\/uploads\/2017\/trudeau_vierailulla3.jpg\"><img decoding=\"async\" src=\"\/blog\/wp-content\/uploads\/2017\/trudeau_vierailulla3.jpg\" \/><\/a><\/p>\n<p style=\"text-align: center;\"><em>Lauma uteliaita kollegoja<br \/>\n<\/em><\/p>\n<p style=\"text-align: justify;\">P\u00e4\u00e4ministeri saapui paikalle kello yhden aikaan ja kulki koko kampuksen l\u00e4pi eri toimintoihimme lyhyesti tutustuen. Trudeau vietti paikalla kaksi tuntia suuressa paneelikeskustelussa paikallisten teknologiavaikuttajien kanssa, ennen matkansa jatkumista. Ennen autosaattueeseen nousua h\u00e4n k\u00e4vi k\u00e4ttelem\u00e4ss\u00e4 ja ottamassa <em>selfieit\u00e4<\/em> useiden ty\u00f6ntekij\u00f6idemme kanssa. Sangen charmikas Trudeau tunnetaankin <a title=\"Kriisi Kanadan rajoilla\" href=\"https:\/\/www.vuosiamaailmalla.fi\/?p=9215\">selfie-p\u00e4\u00e4ministerin\u00e4<\/a>, joka rakastaa poseerata ihmisten valokuvissa. Valitettavasti en itse saanut selfiet\u00e4 kiireisen p\u00e4\u00e4ministerin kanssa, mutta n\u00e4inp\u00e4 t\u00e4m\u00e4n sent\u00e4\u00e4n aivan l\u00e4hiet\u00e4isyydelt\u00e4.<\/p>\n<p style=\"text-align: center;\"><a href=\"\/blog\/wp-content\/uploads\/2017\/trudeau_vierailulla4.jpg\"><img decoding=\"async\" src=\"\/blog\/wp-content\/uploads\/2017\/thumbs\/thumbs_trudeau_vierailulla4.jpg\" \/><\/a><a href=\"\/blog\/wp-content\/uploads\/2017\/trudeau_vierailulla2.jpg\"><img decoding=\"async\" src=\"\/blog\/wp-content\/uploads\/2017\/thumbs\/thumbs_trudeau_vierailulla2.jpg\" \/><\/a><\/p>\n<p style=\"text-align: center;\"><em>Trudeau rakastaa selfieit\u00e4<\/em><\/p>\n<p style=\"text-align: justify;\">Kiintoisan erilaisesta torstaip\u00e4iv\u00e4st\u00e4 tuli mieleeni er\u00e4s toinen p\u00e4iv\u00e4 kev\u00e4\u00e4ll\u00e4 2012, kun toimistollamme kuvattiin <a title=\"Yliluonnollinen maanantai\" href=\"https:\/\/www.vuosiamaailmalla.fi\/?p=140\">televisiosarjan finaalia<\/a>. Tuolloinkaan ty\u00f6nteosta ei meinannut tulla mit\u00e4\u00e4n, kun kaikkia kiinnosti n\u00e4hd\u00e4 mit\u00e4 toimiston edustalla tapahtui. T\u00e4llaiset erikoisp\u00e4iv\u00e4t ovatkin omiaan pirist\u00e4m\u00e4\u00e4n tavallista arkea ja on hauskaa ett\u00e4 p\u00e4\u00e4tt\u00e4j\u00e4t saavat hieman kosketuspintaa siihen mit\u00e4 kaikkea kiintoisaa Vancouverin lukuisissa firmoissa tapahtuukaan.<\/p>\n","protected":false},"excerpt":{"rendered":"<p>Normaalisti ty\u00f6viikot hurahtavat vauhdilla, ilman ett\u00e4 niist\u00e4 j\u00e4isi kovin paljoa muisteltavaa. Kuitenkin viime viikon torstai oli sangen tavanomaisesta poikkeava ty\u00f6p\u00e4iv\u00e4 ja j\u00e4\u00e4 varmasti mieleen. Olimme tiimini kanssa ty\u00f6st\u00e4neet koko alkuviikon sis\u00e4lt\u00f6\u00e4 loppuviikon mystiseen vierailuun, johon oli tulossa korkean tason vieraita. Torstaiaamuna meille paljastui, ett\u00e4 tulossa olisi itse Kanadan p\u00e4\u00e4ministeri.<\/p>\n","protected":false},"author":1,"featured_media":8935,"comment_status":"open","ping_status":"open","sticky":false,"template":"","format":"standard","meta":{"_jetpack_memberships_contains_paid_content":false,"footnotes":""},"categories":[17,3,13],"tags":[25,34,133,1230,935,207],"class_list":["post-8933","post","type-post","status-publish","format-standard","has-post-thumbnail","hentry","category-arki-kanadassa","category-arki-ulkomailla","category-tyoskentely-kanadassa","tag-ajankohtaista","tag-arki","tag-hassua","tag-justin-trudeau","tag-kanada","tag-tyo"],"jetpack_featured_media_url":"https:\/\/www.vuosiamaailmalla.fi\/blog\/wp-content\/uploads\/trudeau_vierailulla_banner.jpg","jetpack_sharing_enabled":true,"_links":{"self":[{"href":"https:\/\/www.vuosiamaailmalla.fi\/blog\/wp-json\/wp\/v2\/posts\/8933","targetHints":{"allow":["GET"]}}],"collection":[{"href":"https:\/\/www.vuosiamaailmalla.fi\/blog\/wp-json\/wp\/v2\/posts"}],"about":[{"href":"https:\/\/www.vuosiamaailmalla.fi\/blog\/wp-json\/wp\/v2\/types\/post"}],"author":[{"embeddable":true,"href":"https:\/\/www.vuosiamaailmalla.fi\/blog\/wp-json\/wp\/v2\/users\/1"}],"replies":[{"embeddable":true,"href":"https:\/\/www.vuosiamaailmalla.fi\/blog\/wp-json\/wp\/v2\/comments?post=8933"}],"version-history":[{"count":3,"href":"https:\/\/www.vuosiamaailmalla.fi\/blog\/wp-json\/wp\/v2\/posts\/8933\/revisions"}],"predecessor-version":[{"id":13942,"href":"https:\/\/www.vuosiamaailmalla.fi\/blog\/wp-json\/wp\/v2\/posts\/8933\/revisions\/13942"}],"wp:featuredmedia":[{"embeddable":true,"href":"https:\/\/www.vuosiamaailmalla.fi\/blog\/wp-json\/wp\/v2\/media\/8935"}],"wp:attachment":[{"href":"https:\/\/www.vuosiamaailmalla.fi\/blog\/wp-json\/wp\/v2\/media?parent=8933"}],"wp:term":[{"taxonomy":"category","embeddable":true,"href":"https:\/\/www.vuosiamaailmalla.fi\/blog\/wp-json\/wp\/v2\/categories?post=8933"},{"taxonomy":"post_tag","embeddable":true,"href":"https:\/\/www.vuosiamaailmalla.fi\/blog\/wp-json\/wp\/v2\/tags?post=8933"}],"curies":[{"name":"wp","href":"https:\/\/api.w.org\/{rel}","templated":true}]}}