{"id":8940,"date":"2017-02-27T13:18:39","date_gmt":"2017-02-27T21:18:39","guid":{"rendered":"http:\/\/13.53.127.146\/?p=8940"},"modified":"2024-02-24T14:34:15","modified_gmt":"2024-02-24T22:34:15","slug":"8940","status":"publish","type":"post","link":"https:\/\/www.vuosiamaailmalla.fi\/blog\/2017\/8940\/","title":{"rendered":"Jumissa Coquihalla Highwaylla"},"content":{"rendered":"<p style=\"text-align: left;\"><em>Matkakertomuksen muut osat l\u00f6ytyv\u00e4t <a href=\"https:\/\/www.vuosiamaailmalla.fi\/?tag=matkakertomus-bc-hiihtoloma\">t\u00e4\u00e4lt\u00e4<\/a>.<\/em><\/p>\n<p style=\"text-align: justify;\">Vaikka olemmekin Niinan kanssa sangen aktiivisia laskettelijoita, emme ole aiemmin tehneet <a href=\"https:\/\/www.vuosiamaailmalla.fi\/?p=7873\">pitk\u00e4\u00e4 viikonloppua<\/a> pidempi\u00e4 laskettelumatkoja. T\u00e4m\u00e4nvuotinen eeppinen lumitalvi sai meid\u00e4t kuitenkin innostumaan ajatuksesta talvilomaviikosta hieman et\u00e4isemmill\u00e4 rinteill\u00e4 ja lopulta <a title=\"Viikko Kanadan Kalliovuorilla\" href=\"https:\/\/www.vuosiamaailmalla.fi\/?p=8759\">suunnaksi valikoituivat<\/a> Kanadan upeat Kalliovuoret.<\/p>\n<p><!--more--><\/p>\n<p style=\"text-align: justify;\">Reissun majoitukset varattiin hyviss\u00e4 ajoin jo loppuvuodesta ja matkaan l\u00e4hdettiin perjantaina alkuiltap\u00e4iv\u00e4st\u00e4. Vancouverissa oli satanut vett\u00e4 kaatamalla koko p\u00e4iv\u00e4n, mik\u00e4 ei auttanut tulevan lasketteluloman tunnelmaan p\u00e4\u00e4syss\u00e4. P\u00e4\u00e4simme kuitenkin hyvin matkaan ja olimmekin pian Hopessa, jossa meit\u00e4 oli vastassa t\u00e4ysi talvi. Oli outoa n\u00e4hd\u00e4 yleens\u00e4 <a title=\"Othello Tunnels\" href=\"https:\/\/www.vuosiamaailmalla.fi\/?p=3170\">kes\u00e4inen Hope<\/a> hautautuneena syv\u00e4\u00e4n hankeen, kun edellisviikon rankat lumisateet olivat dumpanneet kyl\u00e4n p\u00e4\u00e4lle melkein metrin verran lunta. Maisema lienee ollut kaunis heti lumen tultua, mutta nyt lumikasoja rummutti harmaa kaatosade.<\/p>\n<p style=\"text-align: center;\"><a href=\"\/blog\/wp-content\/uploads\/2017\/hopen_hanget.jpg\"><img decoding=\"async\" src=\"\/blog\/wp-content\/uploads\/2017\/hopen_hanget.jpg\" \/><\/a><\/p>\n<p style=\"text-align: center;\"><em>Talvi oli tullut Hopeenkin<\/em><\/p>\n<p style=\"text-align: justify;\">Vaikka alhaalla laakossa sade tulikin veten\u00e4, tuiskutti vuorilla lunta. T\u00e4m\u00e4 olisi ongelma sis\u00e4maahan suunnatessa, sill\u00e4 Vancouverista pois p\u00e4\u00e4st\u00e4kseen on aina ylitett\u00e4v\u00e4 korkeita vuoristosolia. Perjantaiaamulla kaikki nelj\u00e4 muualle Kanadaan viev\u00e4\u00e4 tiet\u00e4 olivat kiinni onnettomuuksien tai lumivy\u00f6ryriskin vuoksi ja k\u00e4yt\u00e4nn\u00f6ss\u00e4 koko Vancouver oli t\u00e4ysin eristetty muusta Kanadasta yli vuorokauden ajan.<\/p>\n<p style=\"text-align: justify;\">Nettitietojen mukaan Hopesta l\u00e4htev\u00e4 viheli\u00e4inen <a title=\"Valtatie halki helvetin\" href=\"https:\/\/www.vuosiamaailmalla.fi\/?p=2735\"><em>Coquihalla Highway<\/em><\/a> oli kuitenkin saatu avattua kello kahden maissa, joten l\u00e4hdimme yritt\u00e4m\u00e4\u00e4n sen ylityst\u00e4. Suunnitelma oli kuitenkin sama tuhansilla muillakin ja j\u00e4m\u00e4hdimme mateluvauhtia liikkuvaan autojonoon v\u00e4litt\u00f6m\u00e4sti Hopen j\u00e4lkeen. Joukossa oli <a title=\"Vaarallinen raskas liikenne\" href=\"https:\/\/www.vuosiamaailmalla.fi\/blog\/2024\/vaarallinen-raskas-liikenne\/\">satam\u00e4\u00e4rin kuorma-autoja<\/a>, jotka olivat pahasti my\u00f6h\u00e4ss\u00e4 aikataulustaan kaikkien teiden sulkeuduttua yli vuorokauden ajaksi.<\/p>\n<p style=\"text-align: center;\"><a href=\"\/blog\/wp-content\/uploads\/2017\/coquihalla_tukossa2.jpg\"><img decoding=\"async\" src=\"\/blog\/wp-content\/uploads\/2017\/coquihalla_tukossa2.jpg\" \/><\/a><\/p>\n<p style=\"text-align: center;\"><em>V\u00e4lit\u00f6n ruuhka Hopen j\u00e4lkeen<\/em><\/p>\n<p style=\"text-align: justify;\">Ensi alkuun jono kuitenkin liikkui, kunnes noin tuntia my\u00f6hemmin hieman korkeammalle p\u00e4\u00e4sty\u00e4mme se pys\u00e4htyi, eik\u00e4 en\u00e4\u00e4 l\u00e4htenyt liikkeelle. Tuolla korkeudella rankkasade oli vaihtunut sankaksi lumisateeksi, joka alkoi nopeasti hautaamaan tukkeutunutta moottoritiet\u00e4 alleen. Tien pinta oli eritt\u00e4in liukas ja kuorma-autokuskit alkoivatkin asennella ketjuja autoihinsa.<\/p>\n<p style=\"text-align: center;\"><a href=\"\/blog\/wp-content\/uploads\/2017\/coquihalla_tukossa3.jpg\"><img decoding=\"async\" src=\"\/blog\/wp-content\/uploads\/2017\/coquihalla_tukossa3.jpg\" \/><\/a><\/p>\n<p style=\"text-align: center;\"><em>Hidasta kitkutusta kohti Coquihallan huippua<\/em><\/p>\n<p style=\"text-align: justify;\">Kesti toista tuntia ennen kuin jossain edell\u00e4mme sijainnut onnettomuuspaikka saatiin raivattua ja kilometrien mittainen autojono l\u00e4hti j\u00e4lleen liikkumaan. Noin tunnin verran eteenp\u00e4in madeltuamme ja jo aika l\u00e4helle Coquihallan huippua jono pys\u00e4htyi j\u00e4lleen. T\u00e4ll\u00e4 kertaa pys\u00e4hdys oli lopullinen ja pime\u00e4 alkoi laskeutumaan. Kesti toista tuntia ennen kuin pelastusmiehist\u00f6 p\u00e4\u00e4si onnettomuuspaikalle ja kuulemamme mukaan ainakin viisi kuorma-autoa oli liukastellut nelikaistaisen moottoritien tukkoon.<\/p>\n<p style=\"text-align: justify;\">Aloimme jo miettim\u00e4\u00e4n p\u00e4\u00e4semmek\u00f6 ollenkaan varaamaamme y\u00f6paikkaan yli 300 kilometrin p\u00e4\u00e4ss\u00e4. Pime\u00e4n laskeutuessa meille alkoi my\u00f6s kirkastumaan, ett\u00e4 saattaisimme joutua nukkumaan tuiskuttavaan lumihankeen hautautuvassa autossamme.<\/p>\n<p style=\"text-align: center;\"><a href=\"\/blog\/wp-content\/uploads\/2017\/coquihalla_tukossa1.jpg\"><img decoding=\"async\" src=\"\/blog\/wp-content\/uploads\/2017\/coquihalla_tukossa1.jpg\" \/><\/a><\/p>\n<p style=\"text-align: center;\"><em>Pime\u00e4 alkaa jo laskeutumaan<\/em><\/p>\n<p style=\"text-align: justify;\">Lopulta edest\u00e4p\u00e4in tuli tieto, ett\u00e4 onnettomuuspaikan raivaus kest\u00e4isi koko y\u00f6n. Hieman edemp\u00e4n\u00e4 olisi kuitenkin k\u00e4\u00e4nt\u00f6paikka, mutta sinne p\u00e4\u00e4seminen vaatisi kahden kuorma-auton pikkuruisesta v\u00e4lik\u00f6st\u00e4 mahtumista. L\u00e4hdimme ajamaan muutaman henkil\u00f6auton per\u00e4ss\u00e4 ja peilit sis\u00e4\u00e4n vedetty\u00e4mme mahduimme juuri ja juuri kapeasta v\u00e4list\u00e4. Olin melkein varma, ett\u00e4 naarmuttaisimme <a title=\"Hyv\u00e4stit oranssille BMW X1:llemme\" href=\"https:\/\/www.vuosiamaailmalla.fi\/?p=8907\">automme<\/a> kyljet v\u00e4lik\u00f6st\u00e4 ajaessamme, sill\u00e4 ylim\u00e4\u00e4r\u00e4ist\u00e4 tilaa oli vain hesarin paksuuden verran.<\/p>\n<p style=\"text-align: justify;\">Olimme niit\u00e4 harvoja onnekkaita jotka p\u00e4\u00e4siv\u00e4t tekem\u00e4\u00e4n u-k\u00e4\u00e4nn\u00f6ksen ja paluumatkalla Hopeen mittasimme autojonon pituudeksi ainakin 13 kilometri\u00e4. Tuhannet ihmiset joutuivat y\u00f6pym\u00e4\u00e4n y\u00f6n autoissaan ja radiosta kuulemamme mukaan viranomaiset olivat jakaneet y\u00f6n aikana vett\u00e4 ja sy\u00f6t\u00e4v\u00e4\u00e4. Autoissa nukkuminen oli varmaan hyinen kokemus, sill\u00e4 vuoristossa oli pakkasta, eik\u00e4 autoa voinut pit\u00e4\u00e4 koko aikaa p\u00e4\u00e4ll\u00e4. Monilta varmaan loppui odottelun aikana polttoainekin.<\/p>\n<p style=\"text-align: justify;\">Meill\u00e4kin n\u00e4lk\u00e4 kurni yli seitsem\u00e4n tunnin jumituksen j\u00e4lkeen ja ajoimme Hopen m\u00e4kk\u00e4rille suunnittelemaan seuraavaa liikett\u00e4mme. Kello oli puoliyksitoista y\u00f6ll\u00e4 ja olimme p\u00e4\u00e4sseet yhdeks\u00e4n tunnin aikana vain Hopeen. Vaihtoehtoina oli kahden tunnin ajo takaisin kotiin ja uusi yritys aamulla tai sitten y\u00f6t\u00e4 my\u00f6den ajo kohti ensimm\u00e4ist\u00e4 y\u00f6paikkaamme.<\/p>\n<p style=\"text-align: justify;\">Soitto hotellille vahvisti ett\u00e4 heill\u00e4 on ymp\u00e4rivuorokautinen p\u00e4ivystys ja nettitietojen mukaan <em>Highway 3<\/em> oli saatu auki illan aikana. Niinp\u00e4 p\u00e4\u00e4timme l\u00e4hte\u00e4 ajamaan pitk\u00e4\u00e4 kiertoreitti\u00e4 pitkin kohti kaukana sijaitsevaa hotellia.<\/p>\n<p style=\"text-align: center;\"><iframe loading=\"lazy\" style=\"border: 0;\" src=\"https:\/\/www.google.com\/maps\/embed?pb=!1m32!1m12!1m3!1d1635229.2754425204!2d-121.42271994036462!3d49.87786150015695!2m3!1f0!2f0!3f0!3m2!1i1024!2i768!4f13.1!4m17!3e0!4m3!3m2!1d49.5034584!2d-121.4190692!4m5!1s0x5482f0745b64303b%3A0x9d341c2da45bcf89!2sOlalla%2C+Brittil%C3%A4inen+Kolumbia!3m2!1d49.260835!2d-119.828762!4m5!1s0x537ef54d4f2026a5%3A0x400a2d627d7e3cc9!2sSalmon+Arm!3m2!1d50.700103399999996!2d-119.2838443!5e1!3m2!1sfi!2sca!4v1495916655597\" width=\"600\" height=\"450\" frameborder=\"0\" allowfullscreen=\"allowfullscreen\"><\/iframe><\/p>\n<p style=\"text-align: center;\"><em>Y\u00f6n pitk\u00e4 kiertotie<\/em><\/p>\n<p style=\"text-align: justify;\">Liikenne Highway 3:lla oli keskiy\u00f6ll\u00e4 jo rauhoittunut ja saimmekin posottaa sellaista vauhtia kuin talvisella vuoristotiell\u00e4 vain uskalsi ajaa. Vuorten toisella puolella <a title=\"Viikonloppu Princetonin kaivoskaupungissa\" href=\"https:\/\/www.vuosiamaailmalla.fi\/?p=8472\">Princetonin kaivoskaupungista<\/a> eteenp\u00e4in kirkas kuutamo valaisi matkaamme. Vaihdoimme kuskia muutamaan otteeseen ajaessamme l\u00e4pi y\u00f6n kohti kaukana odottavaa l\u00e4mmint\u00e4 peti\u00e4.<\/p>\n<p style=\"text-align: justify;\">J\u00e4lkik\u00e4teen muisteltuna \u00f6inen talvimaisema oli kaunis ja tunnelmallinen, mutta yli 400 kilometrin ajaminen y\u00f6ll\u00e4 oli eritt\u00e4in raskasta. Olimme lopulta perill\u00e4 puoliviidelt\u00e4 aamuy\u00f6ll\u00e4, 15 tuntia Vancouverista l\u00e4hd\u00f6n j\u00e4lkeen. S\u00e4nky tuntui taivaalliselta ja p\u00e4\u00e4timme nukkua aamuyhdeks\u00e4\u00e4n, jolloin ehtisimme viel\u00e4 m\u00e4keen hiihtolomamatkamme ensimm\u00e4isess\u00e4 keskuksessa Revelstokessa.<\/p>\n<p style=\"text-align: justify;\">Pahamaineinen Coquihalla Highway n\u00e4ytti j\u00e4lleen kerran, miksi sit\u00e4 kutsutaan valtatieksi helvettiin. Lopulta tie avautui aamukymmenen maissa, mutta me olimme silloin jo yli 300 kilometri\u00e4 muiden edell\u00e4. Onneksi alkumatkan ongelmamme olivat tulevan lomamme ainoat ongelmat ja matkan hienoista maisemista sek\u00e4 tunnelmista <a title=\"Hiihtoloma Kalliovuorilla\" href=\"https:\/\/www.vuosiamaailmalla.fi\/?p=8959\">seuraavassa kirjoituksessa<\/a>.<\/p>\n<p style=\"text-align: right;\"><em>Seuraavaan osaan <a title=\"Hiihtoloma Kalliovuorilla\" href=\"https:\/\/www.vuosiamaailmalla.fi\/?p=8959\">t\u00e4st\u00e4<\/a>. Matkakertomuksen muut osat l\u00f6ytyv\u00e4t <a href=\"https:\/\/www.vuosiamaailmalla.fi\/?tag=matkakertomus-bc-hiihtoloma\">t\u00e4\u00e4lt\u00e4<\/a>.<\/em><\/p>\n","protected":false},"excerpt":{"rendered":"<p>Matkakertomuksen muut osat l\u00f6ytyv\u00e4t t\u00e4\u00e4lt\u00e4. Vaikka olemmekin Niinan kanssa sangen aktiivisia laskettelijoita, emme ole aiemmin tehneet pitk\u00e4\u00e4 viikonloppua pidempi\u00e4 laskettelumatkoja. T\u00e4m\u00e4nvuotinen eeppinen lumitalvi sai meid\u00e4t kuitenkin innostumaan ajatuksesta talvilomaviikosta hieman et\u00e4isemmill\u00e4 rinteill\u00e4 ja lopulta suunnaksi valikoituivat Kanadan upeat Kalliovuoret.<\/p>\n","protected":false},"author":1,"featured_media":8941,"comment_status":"open","ping_status":"open","sticky":false,"template":"","format":"standard","meta":{"_jetpack_memberships_contains_paid_content":false,"footnotes":""},"categories":[9,7],"tags":[697,770,935,1206,270,202],"class_list":["post-8940","post","type-post","status-publish","format-standard","has-post-thumbnail","hentry","category-kanada","category-matkakertomukset","tag-coquihalla-highway","tag-hope","tag-kanada","tag-matkakertomus-bc-hiihtoloma","tag-saa","tag-talvi"],"jetpack_featured_media_url":"https:\/\/www.vuosiamaailmalla.fi\/blog\/wp-content\/uploads\/coquihalla_tukossa_banner.jpg","jetpack_sharing_enabled":true,"_links":{"self":[{"href":"https:\/\/www.vuosiamaailmalla.fi\/blog\/wp-json\/wp\/v2\/posts\/8940","targetHints":{"allow":["GET"]}}],"collection":[{"href":"https:\/\/www.vuosiamaailmalla.fi\/blog\/wp-json\/wp\/v2\/posts"}],"about":[{"href":"https:\/\/www.vuosiamaailmalla.fi\/blog\/wp-json\/wp\/v2\/types\/post"}],"author":[{"embeddable":true,"href":"https:\/\/www.vuosiamaailmalla.fi\/blog\/wp-json\/wp\/v2\/users\/1"}],"replies":[{"embeddable":true,"href":"https:\/\/www.vuosiamaailmalla.fi\/blog\/wp-json\/wp\/v2\/comments?post=8940"}],"version-history":[{"count":1,"href":"https:\/\/www.vuosiamaailmalla.fi\/blog\/wp-json\/wp\/v2\/posts\/8940\/revisions"}],"predecessor-version":[{"id":13508,"href":"https:\/\/www.vuosiamaailmalla.fi\/blog\/wp-json\/wp\/v2\/posts\/8940\/revisions\/13508"}],"wp:featuredmedia":[{"embeddable":true,"href":"https:\/\/www.vuosiamaailmalla.fi\/blog\/wp-json\/wp\/v2\/media\/8941"}],"wp:attachment":[{"href":"https:\/\/www.vuosiamaailmalla.fi\/blog\/wp-json\/wp\/v2\/media?parent=8940"}],"wp:term":[{"taxonomy":"category","embeddable":true,"href":"https:\/\/www.vuosiamaailmalla.fi\/blog\/wp-json\/wp\/v2\/categories?post=8940"},{"taxonomy":"post_tag","embeddable":true,"href":"https:\/\/www.vuosiamaailmalla.fi\/blog\/wp-json\/wp\/v2\/tags?post=8940"}],"curies":[{"name":"wp","href":"https:\/\/api.w.org\/{rel}","templated":true}]}}