{"id":8992,"date":"2017-06-18T17:45:46","date_gmt":"2017-06-19T00:45:46","guid":{"rendered":"http:\/\/13.53.127.146\/?p=8992"},"modified":"2017-08-23T18:57:14","modified_gmt":"2017-08-24T01:57:14","slug":"telttayo-birkenhead-lakella","status":"publish","type":"post","link":"https:\/\/www.vuosiamaailmalla.fi\/blog\/2017\/telttayo-birkenhead-lakella\/","title":{"rendered":"Telttay\u00f6 Birkenhead Lakella"},"content":{"rendered":"<p style=\"text-align: justify;\">En liene paljoa v\u00e4\u00e4r\u00e4ss\u00e4 jos sanon, ett\u00e4 edellisest\u00e4 y\u00f6st\u00e4 teltassa on l\u00e4hemm\u00e4s 15 vuotta. Tarkka vuosi ei muistu mieleeni, mutta muistan kyseess\u00e4 olleen juhannus ja paikka oli Lieksan Ruunaan koski. Jostain syyst\u00e4 tuon ammoisen vaelluksen j\u00e4lkeen ei ole tullut vietetty\u00e4 \u00f6it\u00e4 ulkosalla, mutta ajatus on toisinaan py\u00f6rinyt mieliss\u00e4mme. Puheesta siirryttiin kuitenkin tekoihin vasta kaksi viikkoa sitten, kun Niina antoi minulle syntt\u00e4rilahjaksi lahjakortin paikalliseen <em>Mountain Equipment Co-opin<\/em> retkeilutarvikeparatiisiin. \ud83d\ude42<\/p>\n<p><!--more--><\/p>\n<p style=\"text-align: justify;\">Lahjakortin kanssa liikkeest\u00e4 l\u00e4hti mukaamme uusi kolmen hengen teltta, kaksi makuupussia sek\u00e4 ilmapatja, joiden kanssa suuntasimme viime viikon lauantaina Pembertoniin. Kohteenamme oli Pembertonista noin 60 kilometri\u00e4 pohjoiseen sijaitseva <em>Birkenhead Lake Provincial Park<\/em>, jonka leirint\u00e4alue sijaitsee kauniilla paikalla pitkulan j\u00e4rven k\u00e4rjess\u00e4, korkeiden vuorten ymp\u00e4r\u00f6im\u00e4n\u00e4. Emme ole k\u00e4yneet paikalla aiemmin ja l\u00e4hin reissumme on ollut pari kes\u00e4\u00e4 sitten tehty <a title=\"Vuoristotie Seton Portageen\" href=\"https:\/\/www.vuosiamaailmalla.fi\/?p=7122\">automatka Seton Portageen<\/a>.<\/p>\n<p style=\"text-align: center;\"><iframe loading=\"lazy\" style=\"border: 0;\" src=\"https:\/\/www.google.com\/maps\/embed?pb=!1m28!1m12!1m3!1d1139564.2682418902!2d-123.44882291713479!3d49.926686536791905!2m3!1f0!2f0!3f0!3m2!1i1024!2i768!4f13.1!4m13!3e6!4m5!1s0x548673f143a94fb3%3A0xbb9196ea9b81f38b!2sVancouver%2C+Brittil%C3%A4inen+Kolumbia%2C+Kanada!3m2!1d49.2827291!2d-123.12073749999999!4m5!1s0x5480afea00f71d1d%3A0x99cd174d0fe06206!2sBirkenhead+Lake+Provincial+Park%2C+D'Arcy%2C+BC+V0N+1L0%2C+Kanada!3m2!1d50.5597139!2d-122.6669237!5e1!3m2!1sfi!2sus!4v1497759938824\" width=\"600\" height=\"450\" frameborder=\"0\" allowfullscreen=\"allowfullscreen\"><\/iframe><\/p>\n<p style=\"text-align: justify;\">Pitk\u00e4st\u00e4 aikaa leireilem\u00e4\u00e4n l\u00e4htiess\u00e4 on syyt\u00e4 suunnitella kaikki retkell\u00e4 tarvittava huolella. Pitk\u00e4 muistilista t\u00e4yttikin <a title=\"2017 BMW X1 xDrive28i\" href=\"https:\/\/www.vuosiamaailmalla.fi\/?p=8983\">uuden automme<\/a> takaluukun melkein t\u00e4yteen. Tavaran m\u00e4\u00e4r\u00e4 tuntui valtavalta ottaen huomioon, ett\u00e4 olisimme matkassa vain yhden y\u00f6n. Tarkoituksemme oli totutella taas hiljalleen teltassa nukkumisen ihmeelliseen maailmaan, mist\u00e4 olen haaveillut jo pidemm\u00e4n aikaa. Vaikka teltasta her\u00e4\u00e4minen onkin kankeaa puuhaa, on y\u00f6n aikana silti mukava kuunnella ymp\u00e4rilt\u00e4 kuuluvia \u00e4\u00e4ni\u00e4. Tosin n\u00e4in syrj\u00e4seudulla se rapina pusikossa saattaa olla vaikka karhu. \ud83d\ude2f<\/p>\n<p style=\"text-align: center;\"><a href=\"\/blog\/wp-content\/uploads\/2017\/tiella_birkenhead_lakelle4.jpg\"><img decoding=\"async\" src=\"\/blog\/wp-content\/uploads\/2017\/tiella_birkenhead_lakelle4.jpg\" \/><\/a><\/p>\n<p style=\"text-align: center;\"><em>Menomatkalla keli oli viel\u00e4 hyv\u00e4<\/em><\/p>\n<p style=\"text-align: justify;\">Kanadalaiset ovat eritt\u00e4in ulkoiluhenkist\u00e4 v\u00e4ke\u00e4 ja leirint\u00e4 on t\u00e4\u00e4ll\u00e4 hyvin suosittua. Provinssin kaikki julkiset leirint\u00e4alueet l\u00f6yt\u00e4\u00e4 keskitetysti yhdelt\u00e4 hallituksen nettisivulta, jossa on kartat sek\u00e4 jopa valokuvat joka ikisest\u00e4 telttapaikasta. Alueet on yleens\u00e4 suunnitelty hyvin ja jokaisella vieraalla on oma pieni tienhaaransa vehreyden keskell\u00e4, jota erottaa pieni mets\u00e4kaistale naapureista. Telttapaikkaan kuuluu yleens\u00e4 my\u00f6s oma piknik-p\u00f6yt\u00e4 sek\u00e4 tulisija makkaroiden paistoon. Koska oman auton saa aivan viereen, ei tavaroita tarvitse ottaa autosta ja teltan voi mukavasti pyhitt\u00e4\u00e4 nukkumatarpeille.<\/p>\n<p style=\"text-align: center;\"><a href=\"\/blog\/wp-content\/uploads\/2017\/telttapaikka.jpg\"><img decoding=\"async\" src=\"\/blog\/wp-content\/uploads\/2017\/thumbs\/thumbs_telttapaikka.jpg\" \/><\/a><a href=\"\/blog\/wp-content\/uploads\/2017\/x1_birkenhead_lakella1.jpg\"><img decoding=\"async\" src=\"\/blog\/wp-content\/uploads\/2017\/thumbs\/thumbs_x1_birkenhead_lakella1.jpg\" \/><\/a><\/p>\n<p style=\"text-align: center;\"><em>Kaikki mit\u00e4 leiripaikalta tarvitsee<\/em><\/p>\n<p style=\"text-align: justify;\">Varaamamme telttapaikka oli oikein vieh\u00e4tt\u00e4v\u00e4, eik\u00e4 meille sattunut kuin yksi naapuri. Puistonvartija k\u00e4vi luonamme kertomassa leirint\u00e4alueen simppelit s\u00e4\u00e4nn\u00f6t, mink\u00e4 j\u00e4lkeen aloimme kasaamaan telttaamme. Aiemmat kokemukset vaikeasti koottavista 20 vuotta vanhoista teltoista tai armeijan puolijoukkueteltam pystytyksest\u00e4 olivat vain kaukaisia, sill\u00e4 nykyiset teltat ovat kevyit\u00e4 ja helposti koottavia. Pienen opettelun j\u00e4lkeen teltan kasaa jatkossa vain viidess\u00e4 minuutissa. \ud83d\udca1<\/p>\n<p style=\"text-align: center;\"><a href=\"\/blog\/wp-content\/uploads\/2017\/teltan_pystytys2.jpg\"><img decoding=\"async\" src=\"\/blog\/wp-content\/uploads\/2017\/thumbs\/thumbs_teltan_pystytys2.jpg\" \/><\/a><a href=\"\/blog\/wp-content\/uploads\/2017\/teltan_pystytys1.jpg\"><img decoding=\"async\" src=\"\/blog\/wp-content\/uploads\/2017\/thumbs\/thumbs_teltan_pystytys1.jpg\" \/><\/a><a href=\"\/blog\/wp-content\/uploads\/2017\/teltan_pystytys3.jpg\"><img decoding=\"async\" src=\"\/blog\/wp-content\/uploads\/2017\/thumbs\/thumbs_teltan_pystytys3.jpg\" \/><\/a><\/p>\n<p style=\"text-align: center;\"><em>Pienest\u00e4 m\u00f6kellyksest\u00e4 syntyi teltta<\/em><\/p>\n<p style=\"text-align: center;\"><a href=\"\/blog\/wp-content\/uploads\/2017\/teltassa1.jpg\"><img decoding=\"async\" src=\"\/blog\/wp-content\/uploads\/2017\/thumbs\/thumbs_teltassa1.jpg\" \/><\/a><a href=\"\/blog\/wp-content\/uploads\/2017\/teltassa2.jpg\"><img decoding=\"async\" src=\"\/blog\/wp-content\/uploads\/2017\/thumbs\/thumbs_teltassa2.jpg\" \/><\/a><\/p>\n<p style=\"text-align: center;\"><em>Teltassa bunkkaamisen hurmaa<\/em><\/p>\n<p style=\"text-align: justify;\">Teltan noustua paikoilleen katsastimme muun leirint\u00e4alueen sek\u00e4 j\u00e4rven rannan. Lauantai oli pilvinen, mutta paikalle oli silti saapunut noin 40 autokuntaa. Maisemat olivat pilviset, joten nousimme py\u00f6riemme selk\u00e4\u00e4n ja l\u00e4hdimme polkemaan pitkin j\u00e4rven vierustaa kulkevaa mets\u00e4polkua. Sangen helppokulkuista mets\u00e4polkua oli hyv\u00e4 py\u00f6r\u00e4ill\u00e4 ja py\u00f6r\u00e4ilimme aina vuolaan kosken ylitt\u00e4v\u00e4lle pienelle riippusillalle saakka. Vuorilta ry\u00f6ppy\u00e4v\u00e4 sulamisvesi oli kauniin kirkasta, mutta kylm\u00e4\u00e4.<\/p>\n<p style=\"text-align: center;\"><a href=\"\/blog\/wp-content\/uploads\/2017\/birkenhead_laken_rannassa1.jpg\"><img decoding=\"async\" src=\"\/blog\/wp-content\/uploads\/2017\/birkenhead_laken_rannassa1.jpg\" \/><\/a><\/p>\n<p style=\"text-align: center;\"><em>Viel\u00e4 viile\u00e4 uimaranta<\/em><\/p>\n<p style=\"text-align: center;\"><a href=\"\/blog\/wp-content\/uploads\/2017\/birkenhead_lake_pyoraily2.jpg\"><img decoding=\"async\" src=\"\/blog\/wp-content\/uploads\/2017\/thumbs\/thumbs_birkenhead_lake_pyoraily2.jpg\" \/><\/a><a href=\"\/blog\/wp-content\/uploads\/2017\/birkenhead_lake_pyoraily3.jpg\"><img decoding=\"async\" src=\"\/blog\/wp-content\/uploads\/2017\/thumbs\/thumbs_birkenhead_lake_pyoraily3.jpg\" \/><\/a><a href=\"\/blog\/wp-content\/uploads\/2017\/birkenhead_lake_pyoraily1.jpg\"><img decoding=\"async\" src=\"\/blog\/wp-content\/uploads\/2017\/thumbs\/thumbs_birkenhead_lake_pyoraily1.jpg\" \/><\/a><\/p>\n<p style=\"text-align: center;\"><em>Vuolas koski alas vuorilta<\/em><\/p>\n<p style=\"text-align: justify;\">Takaisin leiriss\u00e4 oli vuorossa p\u00e4iv\u00e4llisen valmistus. Monet tuntuvat suosivan kaasukeittimi\u00e4, mutta me p\u00e4\u00e4dyimme kompaktiin tilaan menev\u00e4\u00e4n perinteiseen <em>Trangiaan<\/em>, jonka kanssa juustomakarooni valmistui nopeasti. Niinan valmistaessa ruokaa, min\u00e4 grillasin meille makkarat sytytt\u00e4m\u00e4ll\u00e4mme nuotiolla, joka l\u00e4mmitti mukavasti viilenev\u00e4ss\u00e4 illassa.<\/p>\n<p style=\"text-align: center;\"><a href=\"\/blog\/wp-content\/uploads\/2017\/leirisapuska2.jpg\"><img decoding=\"async\" src=\"\/blog\/wp-content\/uploads\/2017\/thumbs\/thumbs_leirisapuska2.jpg\" \/><\/a><a href=\"\/blog\/wp-content\/uploads\/2017\/leirisapuska1.jpg\"><img decoding=\"async\" src=\"\/blog\/wp-content\/uploads\/2017\/thumbs\/thumbs_leirisapuska1.jpg\" \/><\/a><a href=\"\/blog\/wp-content\/uploads\/2017\/leirisapuska3.jpg\"><img decoding=\"async\" src=\"\/blog\/wp-content\/uploads\/2017\/thumbs\/thumbs_leirisapuska3.jpg\" \/><\/a><\/p>\n<p style=\"text-align: center;\"><em>Illallisen laittoa<\/em><\/p>\n<p style=\"text-align: center;\"><a href=\"\/blog\/wp-content\/uploads\/2017\/leirisapuska4.jpg\"><img decoding=\"async\" src=\"\/blog\/wp-content\/uploads\/2017\/leirisapuska4.jpg\" \/><\/a><\/p>\n<p style=\"text-align: center;\"><em>Maistuva lopputulos<\/em><\/p>\n<p style=\"text-align: justify;\">Illan h\u00e4m\u00e4rtyess\u00e4 oli aika k\u00f6mpi\u00e4 telttaan, joka on sis\u00e4lt\u00e4 mukavan tilava. Ilmapatjan p\u00e4\u00e4ll\u00e4 oli mukava nukkua ja pimeys laskeutui hiljalleen. Y\u00f6ll\u00e4 l\u00e4mp\u00f6tila tipahti alle kymmenen asteen, joten aamuinen her\u00e4tys oli hieman kankea. Onneksi karhuja ei silti n\u00e4kynyt tai kuulunut, vaikka pieni mets\u00e4hiiri vilistikin y\u00f6ll\u00e4 telttamme ylitse.<\/p>\n<p style=\"text-align: justify;\">Sunnuntai valkeni kauniin aurinkoisena ja mukavan l\u00e4mpim\u00e4n\u00e4. Aamupalan sy\u00f6ty\u00e4mme kipusimme lyhyen <em>Goat Trailin<\/em> viereisell\u00e4 vuorenrinteell\u00e4 sijaitsevalle n\u00e4k\u00f6alapaikalle. Polku ja lyhyt vaellus olivat hyv\u00e4 aloitus p\u00e4iv\u00e4\u00e4n ja takaisin autolla pistimme teltan kasaan ja l\u00e4hdimme ajelemaan kohti kotia.<\/p>\n<p style=\"text-align: center;\"><a href=\"\/blog\/wp-content\/uploads\/2017\/goat_trail4.jpg\"><img decoding=\"async\" src=\"\/blog\/wp-content\/uploads\/2017\/thumbs\/thumbs_goat_trail4.jpg\" \/><\/a><a href=\"\/blog\/wp-content\/uploads\/2017\/goat_trail3.jpg\"><img decoding=\"async\" src=\"\/blog\/wp-content\/uploads\/2017\/thumbs\/thumbs_goat_trail3.jpg\" \/><\/a><a href=\"\/blog\/wp-content\/uploads\/2017\/goat_trail1.jpg\"><img decoding=\"async\" src=\"\/blog\/wp-content\/uploads\/2017\/thumbs\/thumbs_goat_trail1.jpg\" \/><\/a><\/p>\n<p style=\"text-align: center;\"><em>Lyhyt aamuvaellus<\/em><\/p>\n<p style=\"text-align: center;\"><a href=\"\/blog\/wp-content\/uploads\/2017\/goat_trail2.jpg\"><img decoding=\"async\" src=\"\/blog\/wp-content\/uploads\/2017\/goat_trail2.jpg\" \/><\/a><\/p>\n<p style=\"text-align: center;\"><em>Maisema ylh\u00e4\u00e4lt\u00e4<\/em><\/p>\n<p style=\"text-align: justify;\">Lyhyt telttaretkemme oli onnistunut ja se j\u00e4tti j\u00e4lkeens\u00e4 palavan halun l\u00e4hte\u00e4 luonnon helmaan uudestaan. N\u00e4in varmasti my\u00f6s teemme pian Islannista ja Gr\u00f6nlannista palattuamme, mutta seuraava paikka on viel\u00e4 p\u00e4\u00e4tt\u00e4m\u00e4tt\u00e4. Melkein kaikki l\u00e4hiseudun leirint\u00e4alueet on jo varattu ennakkoon koko kes\u00e4ksi, mutta useimmissa on j\u00e4ljell\u00e4 kourallinen varaamattomia paikkoja <a title=\"Kes\u00e4y\u00f6 Golden Earsin helmassa\" href=\"https:\/\/www.vuosiamaailmalla.fi\/?p=9093\">nopeimmille saapujille<\/a>, joten eik\u00f6h\u00e4n paikka l\u00f6ydy.<\/p>\n<p style=\"text-align: center;\"><a href=\"\/blog\/wp-content\/uploads\/2017\/x1_birkenhead_lakella3.jpg\"><img decoding=\"async\" src=\"\/blog\/wp-content\/uploads\/2017\/thumbs\/thumbs_x1_birkenhead_lakella3.jpg\" \/><\/a><a href=\"\/blog\/wp-content\/uploads\/2017\/birkenhead_laken_rannassa2.jpg\"><img decoding=\"async\" src=\"\/blog\/wp-content\/uploads\/2017\/thumbs\/thumbs_birkenhead_laken_rannassa2.jpg\" \/><\/a><\/p>\n<p style=\"text-align: center;\"><em>Pieni lev\u00e4hdys ennen paluumatkaa<\/em><\/p>\n<p style=\"text-align: center;\"><a href=\"\/blog\/wp-content\/uploads\/2017\/birkenhead_lake_panoraama.jpg\"><img decoding=\"async\" src=\"\/blog\/wp-content\/uploads\/2017\/birkenhead_lake_panoraama_pieni.jpg\" \/><\/a><\/p>\n<p style=\"text-align: center;\"><em>Kaunis Birkenhead Lake<\/em><\/p>\n<p style=\"text-align: justify;\">Ensi vuonna leirint\u00e4\u00e4 pit\u00e4\u00e4 my\u00f6s laajentaa my\u00f6s leirint\u00e4alueiden ulkopuolelle, sill\u00e4 British Columbian vuoret ja laaksot ovat t\u00e4ynn\u00e4 vaelluspolkujen varrella sijaitsevia telttapaikkoja upeilla maisemilla. Leirint\u00e4k\u00e4rp\u00e4nen n\u00e4ytt\u00e4\u00e4kin puraisseen meit\u00e4 kunnolla! \ud83d\ude42<\/p>\n<p style=\"text-align: center;\"><a href=\"\/blog\/wp-content\/uploads\/2017\/tiella_birkenhead_lakelle3.jpg\"><img decoding=\"async\" src=\"\/blog\/wp-content\/uploads\/2017\/thumbs\/thumbs_tiella_birkenhead_lakelle3.jpg\" \/><\/a><a href=\"\/blog\/wp-content\/uploads\/2017\/tiella_birkenhead_lakelle2.jpg\"><img decoding=\"async\" src=\"\/blog\/wp-content\/uploads\/2017\/thumbs\/thumbs_tiella_birkenhead_lakelle2.jpg\" \/><\/a><a href=\"\/blog\/wp-content\/uploads\/2017\/tiella_birkenhead_lakelle1.jpg\"><img decoding=\"async\" src=\"\/blog\/wp-content\/uploads\/2017\/thumbs\/thumbs_tiella_birkenhead_lakelle1.jpg\" \/><\/a><\/p>\n<p style=\"text-align: center;\"><em>Kotimatkan maisemat olivat upeita<\/em><\/p>\n<p style=\"text-align: center;\"><a href=\"\/blog\/wp-content\/uploads\/2017\/x1_birkenhead_lakella2.jpg\"><img decoding=\"async\" src=\"\/blog\/wp-content\/uploads\/2017\/x1_birkenhead_lakella2.jpg\" \/><\/a><\/p>\n<p style=\"text-align: center;\"><em>Leireilem\u00e4\u00e4n viel\u00e4 palataan<\/em><\/p>\n","protected":false},"excerpt":{"rendered":"<p>En liene paljoa v\u00e4\u00e4r\u00e4ss\u00e4 jos sanon, ett\u00e4 edellisest\u00e4 y\u00f6st\u00e4 teltassa on l\u00e4hemm\u00e4s 15 vuotta. Tarkka vuosi ei muistu mieleeni, mutta muistan kyseess\u00e4 olleen juhannus ja paikka oli Lieksan Ruunaan koski. Jostain syyst\u00e4 tuon ammoisen vaelluksen j\u00e4lkeen ei ole tullut vietetty\u00e4 \u00f6it\u00e4 ulkosalla, mutta ajatus on toisinaan py\u00f6rinyt mieliss\u00e4mme. Puheesta siirryttiin kuitenkin tekoihin vasta kaksi viikkoa &hellip; <a href=\"https:\/\/www.vuosiamaailmalla.fi\/blog\/2017\/telttayo-birkenhead-lakella\/\" class=\"more-link\">Jatka lukemista<span class=\"screen-reader-text\"> &#8221;Telttay\u00f6 Birkenhead Lakella&#8221;<\/span><\/a><\/p>\n","protected":false},"author":1,"featured_media":8994,"comment_status":"open","ping_status":"open","sticky":false,"template":"","format":"standard","meta":{"_jetpack_memberships_contains_paid_content":false,"footnotes":""},"categories":[17,3,1238,774],"tags":[34,1239,935,1240,565],"class_list":["post-8992","post","type-post","status-publish","format-standard","has-post-thumbnail","hentry","category-arki-kanadassa","category-arki-ulkomailla","category-leirinta","category-ulkoilu","tag-arki","tag-birkenhead-lake-provincial-park","tag-kanada","tag-leirinta","tag-pemberton"],"jetpack_featured_media_url":"https:\/\/www.vuosiamaailmalla.fi\/blog\/wp-content\/uploads\/birkenhead_laken_rannassa_banner.jpg","jetpack_sharing_enabled":true,"_links":{"self":[{"href":"https:\/\/www.vuosiamaailmalla.fi\/blog\/wp-json\/wp\/v2\/posts\/8992","targetHints":{"allow":["GET"]}}],"collection":[{"href":"https:\/\/www.vuosiamaailmalla.fi\/blog\/wp-json\/wp\/v2\/posts"}],"about":[{"href":"https:\/\/www.vuosiamaailmalla.fi\/blog\/wp-json\/wp\/v2\/types\/post"}],"author":[{"embeddable":true,"href":"https:\/\/www.vuosiamaailmalla.fi\/blog\/wp-json\/wp\/v2\/users\/1"}],"replies":[{"embeddable":true,"href":"https:\/\/www.vuosiamaailmalla.fi\/blog\/wp-json\/wp\/v2\/comments?post=8992"}],"version-history":[{"count":0,"href":"https:\/\/www.vuosiamaailmalla.fi\/blog\/wp-json\/wp\/v2\/posts\/8992\/revisions"}],"wp:featuredmedia":[{"embeddable":true,"href":"https:\/\/www.vuosiamaailmalla.fi\/blog\/wp-json\/wp\/v2\/media\/8994"}],"wp:attachment":[{"href":"https:\/\/www.vuosiamaailmalla.fi\/blog\/wp-json\/wp\/v2\/media?parent=8992"}],"wp:term":[{"taxonomy":"category","embeddable":true,"href":"https:\/\/www.vuosiamaailmalla.fi\/blog\/wp-json\/wp\/v2\/categories?post=8992"},{"taxonomy":"post_tag","embeddable":true,"href":"https:\/\/www.vuosiamaailmalla.fi\/blog\/wp-json\/wp\/v2\/tags?post=8992"}],"curies":[{"name":"wp","href":"https:\/\/api.w.org\/{rel}","templated":true}]}}