{"id":9004,"date":"2017-06-25T12:19:15","date_gmt":"2017-06-25T19:19:15","guid":{"rendered":"http:\/\/13.53.127.146\/?p=9004"},"modified":"2017-06-25T12:24:19","modified_gmt":"2017-06-25T19:24:19","slug":"juhannus-islannin-etelarannikolta","status":"publish","type":"post","link":"https:\/\/www.vuosiamaailmalla.fi\/blog\/2017\/juhannus-islannin-etelarannikolta\/","title":{"rendered":"Juhannus Islannin etel\u00e4rannikolla"},"content":{"rendered":"<p style=\"text-align: justify;\">Harvemmin tulee oltua lomalla sesonkiaikaan, mutta t\u00e4n\u00e4 kes\u00e4n\u00e4 p\u00e4\u00e4timme l\u00e4hte\u00e4 juuri juhannuksena reissuun. Kuten <a title=\"Tulevia matkoja\" href=\"https:\/\/www.vuosiamaailmalla.fi\/?p=8883\">kev\u00e4\u00e4ll\u00e4 kerrottua<\/a>, matkakohteenamme ovat skandinaaviset Islanti sek\u00e4 Gr\u00f6ntlanti, jossa viet\u00e4mme yhteens\u00e4 12 p\u00e4iv\u00e4\u00e4. Kylm\u00e4t Pohjois-Atlannin saaret ovat hieman harvinaisempi reissukohde, mutta parhaimmillaan juuri kes\u00e4ll\u00e4.<\/p>\n<p><!--more--><\/p>\n<p style=\"text-align: justify;\">Reissumme aloittaa skandinaavinen Islanti, jossa olemme nyt t\u00e4t\u00e4 kirjoittaessa kolmatta iltaa. Lyhyess\u00e4 ajassa olemme ehtineet n\u00e4hd\u00e4 jo valtavasti ja itseasiassa t\u00e4n\u00e4\u00e4n olemme aloittaneet paluumatkan kohti Reykjaviki\u00e4 pitkin maan upeaa etel\u00e4rannikkoa. Rannikko tarjoilee kaikkea mist\u00e4 Islanti on kuuluisa eli valtavia ruohon ja lupiinien peitt\u00e4mi\u00e4 puuttomia laavatasankoja, kauniita vesiputouksia, vuoristoja peitt\u00e4vi\u00e4 j\u00e4\u00e4tik\u00f6it\u00e4 sek\u00e4 tietenkin pauhaava valtameri.<\/p>\n<p style=\"text-align: justify;\">Keli on ollut alkumatkasta pilvinen ja hieman sateinenkin, mutta maisemat ovat siit\u00e4kin huolimatta ylitt\u00e4neet kaikki odotuksemme. Esimerkiksi t\u00e4n\u00e4\u00e4n n\u00e4kem\u00e4mme Euroopan suurin j\u00e4\u00e4tikk\u00f6 Vatnaj\u00f6kull oli jotain k\u00e4sitt\u00e4m\u00e4t\u00f6nt\u00e4, sill\u00e4 giganttisen j\u00e4\u00e4tik\u00f6n kokoa on ollut mahdotonta ymm\u00e4rt\u00e4\u00e4 sit\u00e4 n\u00e4kem\u00e4tt\u00e4. Korkeilta vuorilta roikkuva ja laaksoihin tunkeutuva j\u00e4ttim\u00e4inen j\u00e4\u00e4tikk\u00f6 tekikin meihin suuren vaikutuksen.<\/p>\n<p style=\"text-align: justify;\">Islannista j\u00e4\u00e4 t\u00e4lt\u00e4 lyhyelt\u00e4 reissulla paljon n\u00e4ht\u00e4v\u00e4\u00e4 joskus my\u00f6hemp\u00e4\u00e4n ajankohtaan, mutta ainakin reissu toimii mukavana vilkkaan ty\u00f6vuoden katkaisijana. Keskiviikkona lenn\u00e4mme Gr\u00f6nlantiin, joka lienee viel\u00e4 aivan omanlainen maailmansa. N\u00e4ist\u00e4 maisemista ja tunnelmista lis\u00e4\u00e4 my\u00f6hemmin sek\u00e4 ajallaan laajana matkakertomuksena. \ud83d\ude42<\/p>\n","protected":false},"excerpt":{"rendered":"<p>Harvemmin tulee oltua lomalla sesonkiaikaan, mutta t\u00e4n\u00e4 kes\u00e4n\u00e4 p\u00e4\u00e4timme l\u00e4hte\u00e4 juuri juhannuksena reissuun. Kuten kev\u00e4\u00e4ll\u00e4 kerrottua, matkakohteenamme ovat skandinaaviset Islanti sek\u00e4 Gr\u00f6ntlanti, jossa viet\u00e4mme yhteens\u00e4 12 p\u00e4iv\u00e4\u00e4. Kylm\u00e4t Pohjois-Atlannin saaret ovat hieman harvinaisempi reissukohde, mutta parhaimmillaan juuri kes\u00e4ll\u00e4.<\/p>\n","protected":false},"author":1,"featured_media":0,"comment_status":"open","ping_status":"open","sticky":false,"template":"","format":"standard","meta":{"_jetpack_memberships_contains_paid_content":false,"footnotes":""},"categories":[1216,7,12],"tags":[1217,1219,1241],"class_list":["post-9004","post","type-post","status-publish","format-standard","hentry","category-islanti","category-matkakertomukset","category-matkalla-kerrottua","tag-islanti","tag-matkakertomus-islanti-ja-gronlanti","tag-vatnajokull"],"jetpack_featured_media_url":"","jetpack_sharing_enabled":true,"_links":{"self":[{"href":"https:\/\/www.vuosiamaailmalla.fi\/blog\/wp-json\/wp\/v2\/posts\/9004","targetHints":{"allow":["GET"]}}],"collection":[{"href":"https:\/\/www.vuosiamaailmalla.fi\/blog\/wp-json\/wp\/v2\/posts"}],"about":[{"href":"https:\/\/www.vuosiamaailmalla.fi\/blog\/wp-json\/wp\/v2\/types\/post"}],"author":[{"embeddable":true,"href":"https:\/\/www.vuosiamaailmalla.fi\/blog\/wp-json\/wp\/v2\/users\/1"}],"replies":[{"embeddable":true,"href":"https:\/\/www.vuosiamaailmalla.fi\/blog\/wp-json\/wp\/v2\/comments?post=9004"}],"version-history":[{"count":0,"href":"https:\/\/www.vuosiamaailmalla.fi\/blog\/wp-json\/wp\/v2\/posts\/9004\/revisions"}],"wp:attachment":[{"href":"https:\/\/www.vuosiamaailmalla.fi\/blog\/wp-json\/wp\/v2\/media?parent=9004"}],"wp:term":[{"taxonomy":"category","embeddable":true,"href":"https:\/\/www.vuosiamaailmalla.fi\/blog\/wp-json\/wp\/v2\/categories?post=9004"},{"taxonomy":"post_tag","embeddable":true,"href":"https:\/\/www.vuosiamaailmalla.fi\/blog\/wp-json\/wp\/v2\/tags?post=9004"}],"curies":[{"name":"wp","href":"https:\/\/api.w.org\/{rel}","templated":true}]}}