{"id":9038,"date":"2017-07-15T22:19:14","date_gmt":"2017-07-16T05:19:14","guid":{"rendered":"http:\/\/13.53.127.146\/?p=9038"},"modified":"2025-02-07T23:36:35","modified_gmt":"2025-02-08T07:36:35","slug":"kanada-laski-vaestonsa","status":"publish","type":"post","link":"https:\/\/www.vuosiamaailmalla.fi\/blog\/2017\/kanada-laski-vaestonsa\/","title":{"rendered":"Kanada laski v\u00e4est\u00f6ns\u00e4"},"content":{"rendered":"<p style=\"text-align: justify;\">Joka viides vuosi suoritettava <a title=\"Kasvava Kanada\" href=\"https:\/\/www.vuosiamaailmalla.fi\/blog\/2012\/kasvava-kanada\/\">maanlaajuinen v\u00e4est\u00f6nlaskenta<\/a> (eng. <em>Census<\/em>) tuntuu suomalaisittain vanhanaikaiselta k\u00e4yt\u00e4nn\u00f6lt\u00e4, mutta on monissa maissa edelleen virallinen metodi. Kanadassa tehtiin tuorein v\u00e4est\u00f6nlaskenta viime vuonna (2016) ja sen tuloksia alettiin saada tipoittain nyt alkuvuodesta. T\u00e4m\u00e4 oli my\u00f6s meid\u00e4n ensimm\u00e4inen Censuksemme, joten my\u00f6s me sis\u00e4llymme nyt n\u00e4ihin lukemiin.<\/p>\n<p><!--more--><\/p>\n<p style=\"text-align: justify;\"><em>Aiheeseen liittyen lue my\u00f6s: <a title=\"Kanadan v\u00e4est\u00f6r\u00e4j\u00e4hdys\" href=\"https:\/\/www.vuosiamaailmalla.fi\/blog\/2023\/kanadan-vaestorajahdys\/\"><strong>Kanadan v\u00e4est\u00f6r\u00e4j\u00e4hdys<\/strong><\/a>.<\/em><\/p>\n<p style=\"text-align: justify;\">Laskenta ei tosiasiassa k\u00e4sit\u00e4 kaikkien ihmisten yksil\u00f6llist\u00e4 laskemista, vaan siihen valitaan joka vuosi satunnaisotoksella noin kolmannes koko v\u00e4est\u00f6st\u00e4. Ilmoitus valituksi tulemisesta toimitetaan postitse kotiin ja kysely t\u00e4ytet\u00e4\u00e4n netiss\u00e4. Viime vuoden kysely oli Kanadan tilastokeskuksen kaikkien aikojen onnistunein ja vastausprosentti ylsi 98,4% lukemaan. Suuri lukema ei ole yll\u00e4tys, sill\u00e4 vastaaminen on pakollista kaikille Kanadassa oleskeleville ja vastaamatta j\u00e4tt\u00e4misest\u00e4 seuraa 500 dollarin sakko sek\u00e4 jopa kolme kuukautta vankilassa. Kenenk\u00e4\u00e4n ei kuitenkaan tiedet\u00e4 joutuneen ikin\u00e4 vankilaan, vaikka muutamia tapauksia onkin edennyt aina oikeuteen asti.<\/p>\n<p style=\"text-align: justify;\">K\u00e4yt\u00f6ss\u00e4 on niin kutsuttu &#8221;pitk\u00e4 kaavake&#8221;, joka sis\u00e4lt\u00e4\u00e4 koko liudan kysymyksi\u00e4 asumisesta, koulutuksesta, sukupuolesta, kotona puhuttavista kielist\u00e4, uskonnosta, ty\u00f6paikasta ja niin edelleen. Vuoden 2016 laskenta on paluu pitk\u00e4\u00e4n kaavakkeeseen, sill\u00e4 vuonna 2011 vallassa ollut <a title=\"Kanada \u00e4\u00e4nesti muutoksen puolesta\" href=\"https:\/\/www.vuosiamaailmalla.fi\/blog\/2015\/kanada-aanesti-muutoksen-puolesta\/\">konservatiivihallitus<\/a> toi k\u00e4ytt\u00f6\u00f6n yksinkertaisemman kaavakkeen, joka ei kuitenkaan tarjonnut tarpeeksi kattavaa tietoa kanadalaisista.<\/p>\n<p style=\"text-align: center;\"><a href=\"\/blog\/wp-content\/uploads\/2017\/kanadan_vaestotilasto1.jpg\"><img decoding=\"async\" src=\"\/blog\/wp-content\/uploads\/2017\/kanadan_vaestotilasto1.jpg\" \/><\/a><\/p>\n<p style=\"text-align: center;\"><em>Tuoreet v\u00e4kiluvut<\/em><\/p>\n<p style=\"text-align: justify;\">Nyt julkaistut ensimm\u00e4iset tulokset kertovat, ett\u00e4 Kanadan v\u00e4est\u00f6 on jatkanut voimakasta kasvuaan. Kanadalaisia oli viime vuoden loppuun menness\u00e4 35 151 728, miss\u00e4 on lis\u00e4yst\u00e4 yli 1,6 miljoonaa (+5%) <a title=\"34 miljoonaa kanadalaista\" href=\"https:\/\/www.vuosiamaailmalla.fi\/blog\/2012\/35-miljoonaa-kanadalaista\/\">viiden vuoden takaisesta<\/a>. Kasvua tukee ennen kaikkea voimakas maahanmuutto, jota nykyhallitus on <a title=\"Kanada lis\u00e4\u00e4 maahanmuuttoa\" href=\"https:\/\/www.vuosiamaailmalla.fi\/blog\/2016\/kanada-lisaa-maahanmuuttoa\/\">nostanut entisest\u00e4\u00e4n<\/a> ja jo 20% kanadalaisista on syntynyt toisessa maassa.<\/p>\n<p style=\"text-align: justify;\">Ty\u00f6voimaper\u00e4isest\u00e4 maahanmuutosta huolimatta Kanadan v\u00e4est\u00f6 vanhenee edelleen ja yli 65-vuotiaiden m\u00e4\u00e4r\u00e4 ylitti nyt ensi kertaa historiassa alle 14-vuotiaiden m\u00e4\u00e4r\u00e4n. Kanadalaisperheeseen syntyy keskim\u00e4\u00e4rin 1,6 lasta (Suomessa lukema on 1,57), mik\u00e4 on alle v\u00e4est\u00f6n uusiutumiseen vaadittavan 2,1. T\u00e4m\u00e4 tarkoittaa, ett\u00e4 v\u00e4est\u00f6 v\u00e4henisi ilman nykyist\u00e4 maahanmuuttoa.<\/p>\n<p style=\"text-align: center;\"><a href=\"\/blog\/wp-content\/uploads\/2017\/lapset_ja_vanhukset.jpg\"><img decoding=\"async\" src=\"\/blog\/wp-content\/uploads\/2017\/lapset_ja_vanhukset.jpg\" \/><\/a><\/p>\n<p style=\"text-align: center;\"><em>Vanhukset ohittivat lapset<\/em><\/p>\n<p style=\"text-align: justify;\">V\u00e4est\u00f6nkasvua kirjattiin kaikkialla Kanadassa, paitsi New Brunswickin provinssissa, jossa v\u00e4kim\u00e4\u00e4r\u00e4 laski 0,5%. Suurin kasvu keskittyi t\u00e4ll\u00e4kin kertaa L\u00e4nsi-Kanadaan, erityisesti Albertan ja <a title=\"British Columbia ylitti 5 miljoonaa asukasta\" href=\"https:\/\/www.vuosiamaailmalla.fi\/blog\/2019\/british-columbia-ylitti-5-miljoonaa-asukasta\/\">British Columbian<\/a> provinsseihin. Ontario on edelleen Kanadan v\u00e4kirikkain provinssi 13,4 miljoonalla (+4,6%) asukkaallaan, per\u00e4ss\u00e4\u00e4n ranskankielinen Quebec (8,2 miljoonaa, +3,3%) sek\u00e4 oma British Columbiamme (4,6 miljoonaa, +5,6%). Per\u00e4ti kolmannes kanadalaisista asuu siis juuri Ontariossa.<\/p>\n<p style=\"text-align: center;\"><a href=\"\/blog\/wp-content\/uploads\/2017\/vaestokasvualueet.jpg\"><img decoding=\"async\" src=\"\/blog\/wp-content\/uploads\/2017\/vaestokasvualueet.jpg\" \/><\/a><\/p>\n<p style=\"text-align: center;\"><em>V\u00e4est\u00f6kasvun voittajat ja h\u00e4vi\u00e4j\u00e4t<\/em><\/p>\n<p style=\"text-align: center;\"><a href=\"\/blog\/wp-content\/uploads\/2017\/kanadan_vaestotilasto2.jpg\"><img decoding=\"async\" src=\"\/blog\/wp-content\/uploads\/2017\/thumbs\/thumbs_kanadan_vaestotilasto2.jpg\" \/><\/a><a href=\"\/blog\/wp-content\/uploads\/2017\/kanadan_vaestotilasto3.jpg\"><img decoding=\"async\" src=\"\/blog\/wp-content\/uploads\/2017\/thumbs\/thumbs_kanadan_vaestotilasto3.jpg\" \/><\/a><\/p>\n<p style=\"text-align: justify;\">Sek\u00e4 kanadalaiset ett\u00e4 maahanmuuttajat jatkavat my\u00f6s voimakasta kaupunkeihin pakkautumista. <a title=\"Taivaisiin kasvanut Toronto\" href=\"https:\/\/www.vuosiamaailmalla.fi\/blog\/2014\/taivaisiin-kohonnut-toronto\/\">Toronton<\/a> metropolialue on nyt kooltaan 5,93 miljoonaa asukasta ja itse keskuskaupunki ohitti taannoin <a title=\"Jouluaatto Chicagossa\" href=\"https:\/\/www.vuosiamaailmalla.fi\/blog\/2014\/jouluaatto-chicagossa\/\">Chicagon<\/a> kaupunkirajojen sis\u00e4ll\u00e4 mitattaessa 2,73 miljoonalla asukkaallaan. Chicago on kuitenkin edelleen metropolina paljon Torontoa suurempi, mutta tapahtuneella oli silti runsaasti uutisarvoa <a title=\"Viihdeuutisia ja valheellisia lehtikirjoituksia\" href=\"https:\/\/www.vuosiamaailmalla.fi\/blog\/2015\/eroja-uutismedi\/\">kanadalaisessa mediassa<\/a>. Per\u00e4ss\u00e4 tulevat Montreal ja Vancouver, joista j\u00e4lkimm\u00e4isess\u00e4 asui viime vuonna 631 486 ihmist\u00e4 (+4,6%) ja koko metropolialueella 2,46 (+6%) miljoonaa.<\/p>\n<p style=\"text-align: center;\"><a href=\"\/blog\/wp-content\/uploads\/2017\/vaestontiheys.jpg\"><img decoding=\"async\" src=\"\/blog\/wp-content\/uploads\/2017\/vaestontiheys.jpg\" \/><\/a><\/p>\n<p style=\"text-align: center;\"><em>Kasvustakin huolimatta harvaanasuttu maa<\/em><\/p>\n<p style=\"text-align: justify;\"><a title=\"Muutto Burnabyyn\" href=\"https:\/\/www.vuosiamaailmalla.fi\/blog\/2016\/muutto-uuteen-kotiin\/\">Kotikaupunkimme Burnabyn<\/a> v\u00e4kim\u00e4\u00e4r\u00e4 nousi per\u00e4ti 7,4% ollen nyt 239 700. T\u00e4ll\u00e4 lukemalla Burnaby on Kanadan 20. suurin kaupunki, Vancouverin ollessa numero kahdeksan, omaten kolmanneksi suurimman metropolialueen. Hurjasti kasvava Surrey puolestaan lis\u00e4si asukaslukuaan huikeat 10,6%, ylitt\u00e4en maagiset puoli miljoonaa asukasta lukemalla 517 887. Surrey tuleekin haastamaan Vancouverin l\u00e4hitulevaisuudessa metropolialueen v\u00e4kirikkaimpana kaupunkina.<\/p>\n<p style=\"text-align: justify;\">Jos Kanadan kasvu jatkuu t\u00e4llaisissa lukemissa, ylitt\u00e4\u00e4 maa 50 miljoonan asukkaan rajan jo ennen vuosisadan puoliv\u00e4li\u00e4. Vancouverin ennustetaan ylitt\u00e4v\u00e4n <a title=\"Kolmen miljoonan asukkaan Vancouver\" href=\"https:\/\/www.vuosiamaailmalla.fi\/blog\/2025\/kolmen-miljoonan-asukkaan-vancouver\/\">kolme miljoonaa asukasta<\/a> joskus 2030-luvulla, mik\u00e4li talous jatkuu <a title=\"Tulikuumana hohkaava talous\" href=\"https:\/\/www.vuosiamaailmalla.fi\/blog\/2016\/tulikuumana-hohkaava-talous\/\">yht\u00e4 vahvana<\/a>. Onkin kiintoisaa n\u00e4hd\u00e4, milt\u00e4 Kanada n\u00e4ytt\u00e4\u00e4 <a title=\"Voimakkaasti kasvava v\u00e4est\u00f6\" href=\"https:\/\/www.vuosiamaailmalla.fi\/blog\/2022\/voimakkaasti-kasvava-vaesto\/\">seuraavan v\u00e4est\u00f6nlaskennan aikoihin<\/a> vuonna 2021. Aika n\u00e4ytt\u00e4\u00e4 <a title=\"Kanadan v\u00e4est\u00f6r\u00e4j\u00e4hdys\" href=\"https:\/\/www.vuosiamaailmalla.fi\/blog\/2023\/kanadan-vaestorajahdys\/\">jatkuuko kasvu<\/a>, vai muuttuvatko poliittiset tuulet, josta v\u00e4est\u00f6nkasvu nykyisess\u00e4 muodossaan l\u00e4hes tyystin riippuu.<\/p>\n<p style=\"text-align: center;\"><a href=\"\/blog\/wp-content\/uploads\/2017\/tuleva_vaestonkasvu.jpg\"><img decoding=\"async\" src=\"\/blog\/wp-content\/uploads\/2017\/tuleva_vaestonkasvu.jpg\" \/><\/a><\/p>\n<p style=\"text-align: center;\"><em>Tulevaisuuden kasvu nojaa maahanmuuttoon<\/em><\/p>\n","protected":false},"excerpt":{"rendered":"<p>Joka viides vuosi suoritettava maanlaajuinen v\u00e4est\u00f6nlaskenta (eng. Census) tuntuu suomalaisittain vanhanaikaiselta k\u00e4yt\u00e4nn\u00f6lt\u00e4, mutta on monissa maissa edelleen virallinen metodi. Kanadassa tehtiin tuorein v\u00e4est\u00f6nlaskenta viime vuonna (2016) ja sen tuloksia alettiin saada tipoittain nyt alkuvuodesta. T\u00e4m\u00e4 oli my\u00f6s meid\u00e4n ensimm\u00e4inen Censuksemme, joten my\u00f6s me sis\u00e4llymme nyt n\u00e4ihin lukemiin.<\/p>\n","protected":false},"author":1,"featured_media":9040,"comment_status":"open","ping_status":"open","sticky":false,"template":"","format":"standard","meta":{"_jetpack_memberships_contains_paid_content":false,"footnotes":""},"categories":[17,3,4],"tags":[25,34,77,935,937,939,1249],"class_list":["post-9038","post","type-post","status-publish","format-standard","has-post-thumbnail","hentry","category-arki-kanadassa","category-arki-ulkomailla","category-asuminen-kanadassa","tag-ajankohtaista","tag-arki","tag-burnaby","tag-kanada","tag-toronto","tag-vancouver","tag-vaesto"],"jetpack_featured_media_url":"https:\/\/www.vuosiamaailmalla.fi\/blog\/wp-content\/uploads\/census_2016_banner.jpg","jetpack_sharing_enabled":true,"_links":{"self":[{"href":"https:\/\/www.vuosiamaailmalla.fi\/blog\/wp-json\/wp\/v2\/posts\/9038","targetHints":{"allow":["GET"]}}],"collection":[{"href":"https:\/\/www.vuosiamaailmalla.fi\/blog\/wp-json\/wp\/v2\/posts"}],"about":[{"href":"https:\/\/www.vuosiamaailmalla.fi\/blog\/wp-json\/wp\/v2\/types\/post"}],"author":[{"embeddable":true,"href":"https:\/\/www.vuosiamaailmalla.fi\/blog\/wp-json\/wp\/v2\/users\/1"}],"replies":[{"embeddable":true,"href":"https:\/\/www.vuosiamaailmalla.fi\/blog\/wp-json\/wp\/v2\/comments?post=9038"}],"version-history":[{"count":7,"href":"https:\/\/www.vuosiamaailmalla.fi\/blog\/wp-json\/wp\/v2\/posts\/9038\/revisions"}],"predecessor-version":[{"id":13885,"href":"https:\/\/www.vuosiamaailmalla.fi\/blog\/wp-json\/wp\/v2\/posts\/9038\/revisions\/13885"}],"wp:featuredmedia":[{"embeddable":true,"href":"https:\/\/www.vuosiamaailmalla.fi\/blog\/wp-json\/wp\/v2\/media\/9040"}],"wp:attachment":[{"href":"https:\/\/www.vuosiamaailmalla.fi\/blog\/wp-json\/wp\/v2\/media?parent=9038"}],"wp:term":[{"taxonomy":"category","embeddable":true,"href":"https:\/\/www.vuosiamaailmalla.fi\/blog\/wp-json\/wp\/v2\/categories?post=9038"},{"taxonomy":"post_tag","embeddable":true,"href":"https:\/\/www.vuosiamaailmalla.fi\/blog\/wp-json\/wp\/v2\/tags?post=9038"}],"curies":[{"name":"wp","href":"https:\/\/api.w.org\/{rel}","templated":true}]}}