{"id":9044,"date":"2013-07-08T20:54:45","date_gmt":"2013-07-09T03:54:45","guid":{"rendered":"http:\/\/13.53.127.146\/?p=9044"},"modified":"2021-03-14T16:00:02","modified_gmt":"2021-03-14T23:00:02","slug":"juhannusvieraita-kotipuolesta","status":"publish","type":"post","link":"https:\/\/www.vuosiamaailmalla.fi\/blog\/2013\/juhannusvieraita-kotipuolesta\/","title":{"rendered":"Juhannusvieraita kotopuolesta"},"content":{"rendered":"<p style=\"text-align: justify;\">Toukokuussa <a title=\"Vieraita vanhalta mantereelta\" href=\"https:\/\/www.vuosiamaailmalla.fi\/?p=2118\">luonamme vierailleiden<\/a> Niinan vanhempien j\u00e4lkeen saimme seuraavat vieraamme vain kuukautta my\u00f6hemmin, kun luoksemme saapuivat vuorostaan omat vanhempani muutamaa p\u00e4iv\u00e4\u00e4 ennen juhannusta. Kaksiviikkoinen vierailu alkoi tutuissa merkeiss\u00e4 ensiksi pari p\u00e4iv\u00e4\u00e4 kaupunkiin tutustuen ja viikonlopun koittaessa suuntasimme porukalla kohti Whistleri\u00e4.<\/p>\n<p><!--more--><\/p>\n<p style=\"text-align: justify;\">Matkalla pys\u00e4hdyimme tietenkin ottamaan valokuvia <em>Shannon Fallsin<\/em> 335 metri\u00e4 korkeasta vesiputouksesta, joka ry\u00f6ppy\u00e4\u00e4 mets\u00e4n keskell\u00e4 alas kallioista vuorenrinnett\u00e4. Toinen pakollinen pys\u00e4hdyspaikka vieraiden kanssa on my\u00f6s <em>Brandywine Fallsin<\/em> putous hieman ennen Whistleri\u00e4, joka on aivan erin\u00e4k\u00f6isen\u00e4 oiva kontrasti Shannon Fallsiin.<\/p>\n<p style=\"text-align: center;\"><a href=\"\/blog\/wp-content\/uploads\/2013\/shannon_falls2.jpg\"><img decoding=\"async\" src=\"\/blog\/wp-content\/uploads\/2013\/thumbs\/thumbs_shannon_falls2.jpg\" \/><\/a><a href=\"\/blog\/wp-content\/uploads\/2013\/shannon_falls1.jpg\"><img decoding=\"async\" src=\"\/blog\/wp-content\/uploads\/2013\/thumbs\/thumbs_shannon_falls1.jpg\" \/><\/a><\/p>\n<p style=\"text-align: center;\"><em>Pys\u00e4htymisen arvoinen Shannon Falls<\/em><\/p>\n<p style=\"text-align: center;\"><iframe loading=\"lazy\" src=\"https:\/\/www.youtube-nocookie.com\/embed\/gkIAHAu0Jxk?rel=0\" width=\"640\" height=\"360\" frameborder=\"0\" allowfullscreen=\"allowfullscreen\"><\/iframe><\/p>\n<p style=\"text-align: center;\"><a href=\"\/blog\/wp-content\/uploads\/2013\/brandywine_falls1.jpg\"><img decoding=\"async\" src=\"\/blog\/wp-content\/uploads\/2013\/thumbs\/thumbs_brandywine_falls1.jpg\" \/><\/a><a href=\"\/blog\/wp-content\/uploads\/2013\/brandywine_falls3.jpg\"><img decoding=\"async\" src=\"\/blog\/wp-content\/uploads\/2013\/thumbs\/thumbs_brandywine_falls3.jpg\" \/><\/a><a href=\"\/blog\/wp-content\/uploads\/2013\/brandywine_falls2.jpg\"><img decoding=\"async\" src=\"\/blog\/wp-content\/uploads\/2013\/thumbs\/thumbs_brandywine_falls2.jpg\" \/><\/a><\/p>\n<p style=\"text-align: center;\"><em>Brandywine Fallsilla<\/em><\/p>\n<p style=\"text-align: justify;\">Whistleriss\u00e4 lauantain keli oli pilvinen, mutta matkasimme silti koko konkkaronkka gondolalla yl\u00f6s vuorelle. Huipulla otimme legendaarisen <a title=\"Enn\u00e4tysten Peak 2 Peak\" href=\"https:\/\/www.vuosiamaailmalla.fi\/?p=7000\"><em>Peak 2 Peakin<\/em><\/a> pilvien halki vastapuolella sijaitsevalle Blackcombille. Ylh\u00e4\u00e4ll\u00e4 oli viel\u00e4 n\u00e4in kes\u00e4kuun lopussakin <a title=\"Whistlerin j\u00e4ttim\u00e4iset lumisein\u00e4m\u00e4t\" href=\"https:\/\/www.vuosiamaailmalla.fi\/?p=8246\">runsaasti lunta<\/a> ja keli niin kolea, ett\u00e4 takille oli kyll\u00e4 tarvetta. Pilvien vuoksi maisemat olivat hieman piilossa, mutta Whistlerin huippu on t\u00e4ll\u00e4kin kelill\u00e4 kokemisen arvoinen.<\/p>\n<p style=\"text-align: center;\"><a href=\"\/blog\/wp-content\/uploads\/2013\/pilvinen_peak2peak1.jpg\"><img decoding=\"async\" src=\"\/blog\/wp-content\/uploads\/2013\/thumbs\/thumbs_pilvinen_peak2peak1.jpg\" \/><\/a><a href=\"\/blog\/wp-content\/uploads\/2013\/pilvinen_peak2peak2.jpg\"><img decoding=\"async\" src=\"\/blog\/wp-content\/uploads\/2013\/thumbs\/thumbs_pilvinen_peak2peak2.jpg\" \/><\/a><\/p>\n<p style=\"text-align: center;\"><em>Gondola halki pilvien<\/em><\/p>\n<p style=\"text-align: justify;\">P\u00e4iv\u00e4retkemme p\u00e4\u00e4tti vierailu Pembertonin pohjoispuolella sijaitsevalle upealla <a title=\"Kuvankaunis Joffre Lakes\" href=\"https:\/\/www.vuosiamaailmalla.fi\/?p=7117\">Joffre Lakelle<\/a> sek\u00e4 lyhyt patikointi <em>Nairn Fallseille<\/em>. Kallio-onkaloiden kautta pauhaavatputoukset virtasivat voimakkaina runsaan sulamisveden t\u00e4ytt\u00e4min\u00e4.<\/p>\n<p style=\"text-align: center;\"><a href=\"\/blog\/wp-content\/uploads\/2013\/kuvausta_nairn_fallsilla.jpg\"><img decoding=\"async\" src=\"\/blog\/wp-content\/uploads\/2013\/kuvausta_nairn_fallsilla.jpg\" \/><\/a><\/p>\n<p style=\"text-align: center;\"><em>Kuvausta Nairn Fallsilla<\/em><\/p>\n<p style=\"text-align: center;\"><a href=\"\/blog\/wp-content\/uploads\/2013\/sea_to_sky_hwy_panoraama1.jpg\"><img decoding=\"async\" src=\"\/blog\/wp-content\/uploads\/2013\/sea_to_sky_hwy_panoraama1_pieni.jpg\" \/><\/a><\/p>\n<p style=\"text-align: center;\"><em>Paluumatkalla paistoi aurinko<\/em><\/p>\n<p style=\"text-align: justify;\">Juhannusviikolla olimme Niinan kanssa normaaliin tapaan p\u00e4iv\u00e4t t\u00f6iss\u00e4, mutta ilta-aikaan vierailimme vieraidemme kanssa muun muassa <em>Lighthouse Parkissa<\/em> ihmettelem\u00e4ss\u00e4 siell\u00e4 vehreyden keskell\u00e4 kasvavia j\u00e4ttipuita. K\u00e4vimme my\u00f6s Lynn Canyonilla ylitt\u00e4m\u00e4ss\u00e4 kuuluisa kiikker\u00e4 riippusilta syv\u00e4n kanjonin ylitse, mik\u00e4 kutkuttaa mielt\u00e4.<\/p>\n<p style=\"text-align: center;\"><a href=\"\/blog\/wp-content\/uploads\/2013\/lighthouse_park4.jpg\"><img decoding=\"async\" src=\"\/blog\/wp-content\/uploads\/2013\/thumbs\/thumbs_lighthouse_park4.jpg\" \/><\/a><a href=\"\/blog\/wp-content\/uploads\/2013\/lighthouse_park5.jpg\"><img decoding=\"async\" src=\"\/blog\/wp-content\/uploads\/2013\/thumbs\/thumbs_lighthouse_park5.jpg\" \/><\/a><a href=\"\/blog\/wp-content\/uploads\/2013\/lighthouse_park3.jpg\"><img decoding=\"async\" src=\"\/blog\/wp-content\/uploads\/2013\/thumbs\/thumbs_lighthouse_park3.jpg\" \/><\/a><\/p>\n<p style=\"text-align: center;\"><em>Lighthouse Parkin polkuja<\/em><\/p>\n<p style=\"text-align: center;\"><a href=\"\/blog\/wp-content\/uploads\/2013\/risteilyalus_ja_majakka.jpg\"><img decoding=\"async\" src=\"\/blog\/wp-content\/uploads\/2013\/risteilyalus_ja_majakka.jpg\" \/><\/a><\/p>\n<p style=\"text-align: center;\"><em>Itse pieni majakka<\/em><\/p>\n<p style=\"text-align: center;\"><a href=\"\/blog\/wp-content\/uploads\/2013\/lynn_creekin_riippusilta4.jpg\"><img decoding=\"async\" src=\"\/blog\/wp-content\/uploads\/2013\/thumbs\/thumbs_lynn_creekin_riippusilta4.jpg\" \/><\/a><a href=\"\/blog\/wp-content\/uploads\/2013\/lynn_creekin_riippusilta3.jpg\"><img decoding=\"async\" src=\"\/blog\/wp-content\/uploads\/2013\/thumbs\/thumbs_lynn_creekin_riippusilta3.jpg\" \/><\/a><\/p>\n<p style=\"text-align: center;\"><em>Riippusilta Lynn Canyonin yli<\/em><\/p>\n<p style=\"text-align: justify;\">Perjantaina otin vapaap\u00e4iv\u00e4n ja suuntasin vanhempieni kanssa Grouse Mountainille. En ole itsek\u00e4\u00e4n vieraillut t\u00e4ll\u00e4 1231 metri\u00e4 korkealla l\u00e4hivuorella hetkeen varsinkaan n\u00e4in kes\u00e4aikaan. Alkuviikon kelit olivat olleet upeat, mutta harmillisesti perjantaiaamu oli pilvinen. Siit\u00e4 huolimatta maisemat vuorelle viev\u00e4st\u00e4 gondolasta olivat hienot alapuolellaan Vancouver sek\u00e4 <a title=\"Capilano Canyon\" href=\"https:\/\/www.vuosiamaailmalla.fi\/?p=2032\">Capilano Laken<\/a> juomavesivarastona toimiva pitkula tekoj\u00e4rvi.<\/p>\n<p style=\"text-align: center;\"><a href=\"\/blog\/wp-content\/uploads\/2013\/hissimatka_grouselle.jpg\"><img decoding=\"async\" src=\"\/blog\/wp-content\/uploads\/2013\/thumbs\/thumbs_hissimatka_grouselle.jpg\" \/><\/a><a href=\"\/blog\/wp-content\/uploads\/2013\/hissimatka_grouselle4.jpg\"><img decoding=\"async\" src=\"\/blog\/wp-content\/uploads\/2013\/thumbs\/thumbs_hissimatka_grouselle4.jpg\" \/><\/a><a href=\"\/blog\/wp-content\/uploads\/2013\/hissimatka_grouselle2.jpg\"><img decoding=\"async\" src=\"\/blog\/wp-content\/uploads\/2013\/thumbs\/thumbs_hissimatka_grouselle2.jpg\" \/><\/a><\/p>\n<p style=\"text-align: center;\"><em>Gondola yl\u00f6s Grouse Mountainille<\/em><\/p>\n<p style=\"text-align: center;\"><a href=\"\/blog\/wp-content\/uploads\/2013\/hissimatka_grouselle1.jpg\"><img decoding=\"async\" src=\"\/blog\/wp-content\/uploads\/2013\/hissimatka_grouselle1.jpg\" \/><\/a><\/p>\n<p style=\"text-align: center;\"><em>Yl\u00e4aseman maisema<\/em><\/p>\n<p style=\"text-align: justify;\">Ylh\u00e4\u00e4ll\u00e4 ihastelimme ymp\u00e4r\u00f6ivien maisemien lis\u00e4ksi muun muassa my\u00f6s moottorisahalla veistettyj\u00e4 hienoja puuveistoksia, jotka esitt\u00e4v\u00e4t monenlaisia eri luontoaiheita. Hauskaa oli my\u00f6s seurata hetken aikaa vuorenhuipun karhuaitauksen kahden asukkaan, harmaakarhu Grinderin ja Coolan, arkisia puuhia.<\/p>\n<p style=\"text-align: center;\"><a href=\"\/blog\/wp-content\/uploads\/2013\/hissimatka_grouselle5.jpg\"><img decoding=\"async\" src=\"\/blog\/wp-content\/uploads\/2013\/hissimatka_grouselle5.jpg\" \/><\/a><\/p>\n<p style=\"text-align: center;\"><em>Kaupunki alapuolella<\/em><\/p>\n<p style=\"text-align: center;\"><a href=\"\/blog\/wp-content\/uploads\/2013\/puuveistoksia1.jpg\"><img decoding=\"async\" src=\"\/blog\/wp-content\/uploads\/2013\/thumbs\/thumbs_puuveistoksia1.jpg\" \/><\/a><a href=\"\/blog\/wp-content\/uploads\/2013\/puuveistoksia2.jpg\"><img decoding=\"async\" src=\"\/blog\/wp-content\/uploads\/2013\/thumbs\/thumbs_puuveistoksia2.jpg\" \/><\/a><a href=\"\/blog\/wp-content\/uploads\/2013\/puuveistoksia3.jpg\"><img decoding=\"async\" src=\"\/blog\/wp-content\/uploads\/2013\/thumbs\/thumbs_puuveistoksia3.jpg\" \/><\/a><\/p>\n<p style=\"text-align: center;\"><em>Taidokkaita puuveistoksia<\/em><\/p>\n<p style=\"text-align: center;\"><a href=\"\/blog\/wp-content\/uploads\/2013\/grousen_huipulla1.jpg\"><img decoding=\"async\" src=\"\/blog\/wp-content\/uploads\/2013\/thumbs\/thumbs_grousen_huipulla1.jpg\" \/><\/a><a href=\"\/blog\/wp-content\/uploads\/2013\/grousen_grizzly1.jpg\"><img decoding=\"async\" src=\"\/blog\/wp-content\/uploads\/2013\/thumbs\/thumbs_grousen_grizzly1.jpg\" \/><\/a><a href=\"\/blog\/wp-content\/uploads\/2013\/grousen_grizzly2.jpg\"><img decoding=\"async\" src=\"\/blog\/wp-content\/uploads\/2013\/thumbs\/thumbs_grousen_grizzly2.jpg\" \/><\/a><\/p>\n<p style=\"text-align: center;\"><em>Grouse Mountainin asukkaat Grinder ja Coola<\/em><\/p>\n<p style=\"text-align: center;\"><a href=\"\/blog\/wp-content\/uploads\/2013\/grouse_mountain_panoraama1.jpg\"><img decoding=\"async\" src=\"\/blog\/wp-content\/uploads\/2013\/grouse_mountain_panoraama1_pieni.jpg\" \/><\/a><\/p>\n<p style=\"text-align: center;\"><em>Pilvinen perjantai<\/em><\/p>\n<p style=\"text-align: justify;\">Puoleksi p\u00e4iv\u00e4ksi palasimme alas ja k\u00e4vimme noutamassa Niinan t\u00f6ist\u00e4, suuntanamme Horseshoe Bayn lauttaterminaali. Sielt\u00e4 otimme lautan Vancouver Islandille Nanaimoon, kohti pitk\u00e4\u00e4 viikonloppua rauhaisassa Uclueletissa. Pitk\u00e4n ajomatkan j\u00e4lkeen olimme illasta perill\u00e4 hienolla uudehkolla <em>Black Rock Oceanfront Resortilla<\/em>. Ehdimme viel\u00e4 n\u00e4kem\u00e4\u00e4 miten aurinko laski kauniin p\u00e4iv\u00e4n p\u00e4\u00e4tteeksi valtameren taakse.<\/p>\n<p style=\"text-align: center;\"><a href=\"\/blog\/wp-content\/uploads\/2013\/lautta_panoraama1.jpg\"><img decoding=\"async\" src=\"\/blog\/wp-content\/uploads\/2013\/lautta_panoraama1_pieni.jpg\" \/><\/a><\/p>\n<p style=\"text-align: center;\"><em>Lauttamatkan maisemia<\/em><\/p>\n<p style=\"text-align: center;\"><a href=\"\/blog\/wp-content\/uploads\/2013\/lautta_panoraama2.jpg\"><img decoding=\"async\" src=\"\/blog\/wp-content\/uploads\/2013\/lautta_panoraama2_pieni.jpg\" \/><\/a><\/p>\n<p style=\"text-align: center;\"><a href=\"\/blog\/wp-content\/uploads\/2013\/black_rock_resort1.jpg\"><img decoding=\"async\" src=\"\/blog\/wp-content\/uploads\/2013\/thumbs\/thumbs_black_rock_resort1.jpg\" \/><\/a><a href=\"\/blog\/wp-content\/uploads\/2013\/black_rock_resort2.jpg\"><img decoding=\"async\" src=\"\/blog\/wp-content\/uploads\/2013\/thumbs\/thumbs_black_rock_resort2.jpg\" \/><\/a><\/p>\n<p style=\"text-align: center;\"><em>Uclueletin hotellimme<\/em><\/p>\n<p style=\"text-align: center;\"><a href=\"\/blog\/wp-content\/uploads\/2013\/blackrock_auringonlasku_panoraama.jpg\"><img decoding=\"async\" src=\"\/blog\/wp-content\/uploads\/2013\/blackrock_auringonlasku_panoraama_pieni.jpg\" \/><\/a><\/p>\n<p style=\"text-align: center;\"><em>Kaunis auringonlasku<\/em><\/p>\n<p style=\"text-align: justify;\">Seuraava aamu valkeni kauniina, mik\u00e4 oli ilahduttavaa, sill\u00e4 suuntasimme heti aamupalan j\u00e4lkeen Tofinoon veneretkelle Meares Islandille. Vierailimme Niinan kanssa kyseisell\u00e4 saarella <a title=\"Ikiaikaisten j\u00e4ttil\u00e4isten Tofino\" href=\"https:\/\/www.vuosiamaailmalla.fi\/?p=7129\">edellisell\u00e4 Tofinon matkallamme<\/a> ja siell\u00e4 sijaitsevat yli 800-vuotiaat todelliset j\u00e4ttipuut j\u00e4iv\u00e4t pysyv\u00e4sti mieleemme. Vanhemmillani riittikin ihmetelt\u00e4v\u00e4\u00e4 ikiaikaisissa j\u00e4ttil\u00e4isiss\u00e4, joiden koko ei v\u00e4lity mitenk\u00e4\u00e4n valokuvissa.<\/p>\n<p style=\"text-align: center;\"><a href=\"\/blog\/wp-content\/uploads\/2013\/blackrock_maisema.jpg\"><img decoding=\"async\" src=\"\/blog\/wp-content\/uploads\/2013\/blackrock_maisema_pieni.jpg\" \/><\/a><\/p>\n<p style=\"text-align: center;\"><em>Kauniina valkeava aamu<\/em><\/p>\n<p style=\"text-align: center;\"><a href=\"\/blog\/wp-content\/uploads\/2013\/tofinon_rannassa.jpg\"><img decoding=\"async\" src=\"\/blog\/wp-content\/uploads\/2013\/thumbs\/thumbs_tofinon_rannassa.jpg\" \/><\/a><a href=\"\/blog\/wp-content\/uploads\/2013\/uclueletin_keskustaa1.jpg\"><img decoding=\"async\" src=\"\/blog\/wp-content\/uploads\/2013\/thumbs\/thumbs_uclueletin_keskustaa1.jpg\" \/><\/a><\/p>\n<p style=\"text-align: center;\"><em>Matkalla Meares Islandille<\/em><\/p>\n<p style=\"text-align: center;\"><a href=\"\/blog\/wp-content\/uploads\/2013\/meares_island_trail7.jpg\"><img decoding=\"async\" src=\"\/blog\/wp-content\/uploads\/2013\/thumbs\/thumbs_meares_island_trail7.jpg\" \/><\/a><a href=\"\/blog\/wp-content\/uploads\/2013\/meares_island_trail6.jpg\"><img decoding=\"async\" src=\"\/blog\/wp-content\/uploads\/2013\/thumbs\/thumbs_meares_island_trail6.jpg\" \/><\/a><a href=\"\/blog\/wp-content\/uploads\/2013\/jattilaispuita_meares_islandilla7.jpg\"><img decoding=\"async\" src=\"\/blog\/wp-content\/uploads\/2013\/thumbs\/thumbs_jattilaispuita_meares_islandilla7.jpg\" \/><\/a><\/p>\n<p style=\"text-align: center;\"><em>J\u00e4ttil\u00e4ismets\u00e4ss\u00e4<\/em><\/p>\n<p style=\"text-align: center;\"><a href=\"\/blog\/wp-content\/uploads\/2013\/jattilaispuita_meares_islandilla6.jpg\"><img decoding=\"async\" src=\"\/blog\/wp-content\/uploads\/2013\/jattilaispuita_meares_islandilla6.jpg\" \/><\/a><\/p>\n<p style=\"text-align: center;\"><em>Mets\u00e4n kookkain puu<\/em><\/p>\n<p style=\"text-align: center;\"><a href=\"\/blog\/wp-content\/uploads\/2013\/rainforest_trail1.jpg\"><img decoding=\"async\" src=\"\/blog\/wp-content\/uploads\/2013\/thumbs\/thumbs_rainforest_trail1.jpg\" \/><\/a><a href=\"\/blog\/wp-content\/uploads\/2013\/rainforest_trail2.jpg\"><img decoding=\"async\" src=\"\/blog\/wp-content\/uploads\/2013\/thumbs\/thumbs_rainforest_trail2.jpg\" \/><\/a><\/p>\n<p style=\"text-align: center;\"><em>Rainforest Traililla<\/em><\/p>\n<p style=\"text-align: justify;\">P\u00e4iv\u00e4n ollessa kaunis palasimme takaisin Ucluelettiin, miss\u00e4 k\u00e4velimme upean <em>Wild\u00a0Pacific Trailin<\/em> ymp\u00e4ri. Rantaan rakennettu polku on sen verran hieno, ett\u00e4 k\u00e4velemme sen ymp\u00e4ri joka kerta Tofinossa ollessamme. Meri oli t\u00e4ll\u00e4kin kertaa tyyni, joten varsinainen myrskykausi ja rantakivikkoihin iskev\u00e4t suuret aallot j\u00e4iv\u00e4t <a title=\"Haaksirikkoinen Tofino\" href=\"https:\/\/www.vuosiamaailmalla.fi\/blog\/2016\/haaksirikkoinen-tofino\/\">toiseen kertaan n\u00e4ht\u00e4v\u00e4ksi<\/a>. Merta on hyv\u00e4 katsella polun varrelle rakennetuilta penkeilt\u00e4, joilla istuessa mieli lep\u00e4\u00e4 kohisevan meren \u00e4\u00e4rell\u00e4.<\/p>\n<p style=\"text-align: center;\"><a href=\"\/blog\/wp-content\/uploads\/2013\/wild_pacific_trail3.jpg\"><img decoding=\"async\" src=\"\/blog\/wp-content\/uploads\/2013\/thumbs\/thumbs_wild_pacific_trail3.jpg\" \/><\/a><a href=\"\/blog\/wp-content\/uploads\/2013\/wild_pacific_trail5.jpg\"><img decoding=\"async\" src=\"\/blog\/wp-content\/uploads\/2013\/thumbs\/thumbs_wild_pacific_trail5.jpg\" \/><\/a><a href=\"\/blog\/wp-content\/uploads\/2013\/wild_pacific_trail4.jpg\"><img decoding=\"async\" src=\"\/blog\/wp-content\/uploads\/2013\/thumbs\/thumbs_wild_pacific_trail4.jpg\" \/><\/a><\/p>\n<p style=\"text-align: center;\"><em>Upea Wild Pacific Trail<\/em><\/p>\n<p style=\"text-align: center;\"><a href=\"\/blog\/wp-content\/uploads\/2013\/wild_pacific_trail_panoraama1.jpg\"><img decoding=\"async\" src=\"\/blog\/wp-content\/uploads\/2013\/wild_pacific_trail_panoraama1_pieni.jpg\" \/><\/a><\/p>\n<p style=\"text-align: center;\"><em>T\u00e4ll\u00e4 kertaa tyyni meri<\/em><\/p>\n<p style=\"text-align: justify;\">Seuraavaksi suuntasimme Long Beachille, joka osoittautui matkamme varsinaiseksi huippukohdaksi. K\u00e4vely Tyynenmeren ranta-aalloissa hienohiekkaisella rannalla l\u00e4mpim\u00e4n auringon paistaessa on herkist\u00e4v\u00e4 kokemus, jossa kotoisat huolet tuntuvan hyvin kaukaisilta. Kahlasimme rantavedess\u00e4 hyv\u00e4n tovin, muita ihmisi\u00e4 sek\u00e4 kauempana ulapalla taituroivia surffaajia katsellen. Kiireett\u00f6myys on osa Tofinon vieh\u00e4tyst\u00e4 ja kes\u00e4isell\u00e4 Long Beachilla on hyv\u00e4 nauttia kauniista kes\u00e4p\u00e4ivist\u00e4.<\/p>\n<p style=\"text-align: center;\"><a href=\"\/blog\/wp-content\/uploads\/2013\/surffaajan_auto.jpg\"><img decoding=\"async\" src=\"\/blog\/wp-content\/uploads\/2013\/thumbs\/thumbs_surffaajan_auto.jpg\" \/><\/a><a href=\"\/blog\/wp-content\/uploads\/2013\/long_beach7.jpg\"><img decoding=\"async\" src=\"\/blog\/wp-content\/uploads\/2013\/thumbs\/thumbs_long_beach7.jpg\" \/><\/a><a href=\"\/blog\/wp-content\/uploads\/2013\/long_beach5.jpg\"><img decoding=\"async\" src=\"\/blog\/wp-content\/uploads\/2013\/thumbs\/thumbs_long_beach5.jpg\" \/><\/a><\/p>\n<p style=\"text-align: center;\"><em>Long Beach on surffaajan paratiisi<\/em><\/p>\n<p style=\"text-align: center;\"><a href=\"\/blog\/wp-content\/uploads\/2013\/long_beach3.jpg\"><img decoding=\"async\" src=\"\/blog\/wp-content\/uploads\/2013\/thumbs\/thumbs_long_beach3.jpg\" \/><\/a><a href=\"\/blog\/wp-content\/uploads\/2013\/long_beach2.jpg\"><img decoding=\"async\" src=\"\/blog\/wp-content\/uploads\/2013\/thumbs\/thumbs_long_beach2.jpg\" \/><\/a><a href=\"\/blog\/wp-content\/uploads\/2013\/long_beach6.jpg\"><img decoding=\"async\" src=\"\/blog\/wp-content\/uploads\/2013\/thumbs\/thumbs_long_beach6.jpg\" \/><\/a><br \/>\n<a href=\"\/blog\/wp-content\/uploads\/2013\/long_beach8.jpg\"><img decoding=\"async\" src=\"\/blog\/wp-content\/uploads\/2013\/thumbs\/thumbs_long_beach8.jpg\" \/><\/a><a href=\"\/blog\/wp-content\/uploads\/2013\/long_beach4.jpg\"><img decoding=\"async\" src=\"\/blog\/wp-content\/uploads\/2013\/thumbs\/thumbs_long_beach4.jpg\" \/><\/a><a href=\"\/blog\/wp-content\/uploads\/2013\/long_beach1.jpg\"><img decoding=\"async\" src=\"\/blog\/wp-content\/uploads\/2013\/thumbs\/thumbs_long_beach1.jpg\" \/><\/a><\/p>\n<p style=\"text-align: center;\"><em>Matkan kohokohta<\/em><\/p>\n<p style=\"text-align: justify;\">Valitettavasti maanantai koitti liiankin nopeasti ja edess\u00e4 oli paluu Vancouveriin. Paluumatkalla Nanaimoon pys\u00e4hdyimme <em>Cathedral Grovella<\/em> ihmettelem\u00e4ss\u00e4 viel\u00e4 yksi\u00e4 j\u00e4ttipuita. Seuraava pys\u00e4hdys oli Nanaimoon johtavalla moottoritiell\u00e4, jolla v\u00e4ist\u00f6liikkeest\u00e4 kaatunut asuntovaunu seisautti koko paluuliikenteen v\u00e4h\u00e4n reiluksi tunniksi. Onneksi onnettomuuspaikka saatiin kuitenkin raivattua nopeasti ja ehdimme hyvin lautallemme takaisin mantereelle.<\/p>\n<p style=\"text-align: center;\"><a href=\"\/blog\/wp-content\/uploads\/2013\/paluumatkalla_nanaimoon1.jpg\"><img decoding=\"async\" src=\"\/blog\/wp-content\/uploads\/2013\/thumbs\/thumbs_paluumatkalla_nanaimoon1.jpg\" \/><\/a><a href=\"\/blog\/wp-content\/uploads\/2013\/joki_matkalla_tofinoon4.jpg\"><img decoding=\"async\" src=\"\/blog\/wp-content\/uploads\/2013\/thumbs\/thumbs_joki_matkalla_tofinoon4.jpg\" \/><\/a><\/p>\n<p style=\"text-align: center;\"><em>Paluumatkalla Nanaimoon<\/em><\/p>\n<p style=\"text-align: center;\"><a href=\"\/blog\/wp-content\/uploads\/2013\/cathedral_grove6.jpg\"><img decoding=\"async\" src=\"\/blog\/wp-content\/uploads\/2013\/thumbs\/thumbs_cathedral_grove6.jpg\" \/><\/a><a href=\"\/blog\/wp-content\/uploads\/2013\/cathedral_grove5.jpg\"><img decoding=\"async\" src=\"\/blog\/wp-content\/uploads\/2013\/thumbs\/thumbs_cathedral_grove5.jpg\" \/><\/a><a href=\"\/blog\/wp-content\/uploads\/2013\/cathedral_grove4.jpg\"><img decoding=\"async\" src=\"\/blog\/wp-content\/uploads\/2013\/thumbs\/thumbs_cathedral_grove4.jpg\" \/><\/a><\/p>\n<p style=\"text-align: center;\"><em>Pakollinen pys\u00e4hdys Cathedral Grovella<\/em><\/p>\n<p style=\"text-align: center;\"><a href=\"\/blog\/wp-content\/uploads\/2013\/kaatunut_asuntovaunu2.jpg\"><img decoding=\"async\" src=\"\/blog\/wp-content\/uploads\/2013\/thumbs\/thumbs_kaatunut_asuntovaunu2.jpg\" \/><\/a><a href=\"\/blog\/wp-content\/uploads\/2013\/kaatunut_asuntovaunu1.jpg\"><img decoding=\"async\" src=\"\/blog\/wp-content\/uploads\/2013\/thumbs\/thumbs_kaatunut_asuntovaunu1.jpg\" \/><\/a><\/p>\n<p style=\"text-align: center;\"><em>Onnettomuus Nanaimon l\u00e4hell\u00e4<\/em><\/p>\n<p style=\"text-align: justify;\">Aurinkoisella paluupurjehduksella olikin hyv\u00e4 muistella kahta mukavaa viikkoamme, sill\u00e4 vanhempieni paluulento Suomeen oli seuraavan p\u00e4iv\u00e4n iltana. Olimme n\u00e4hneet lyhyess\u00e4 ajassa todella paljon ja joukkoon oli mahtunut erilaisia kohteita kuin kuukautta aiemmalla Niinan vanhempien vierailulla. T\u00e4st\u00e4 onkin hyv\u00e4 jatkaa <a title=\"Kes\u00e4n viimeiset vieraat\" href=\"https:\/\/www.vuosiamaailmalla.fi\/?p=2276\">kes\u00e4n viimeisten vieraiden<\/a> visiitin suunnitteluun, joka on edess\u00e4 vain kuukauden p\u00e4\u00e4st\u00e4 elokuun alussa.<\/p>\n<p style=\"text-align: center;\"><a href=\"\/blog\/wp-content\/uploads\/2013\/lahto_nanaimosta.jpg\"><img decoding=\"async\" src=\"\/blog\/wp-content\/uploads\/2013\/lahto_nanaimosta.jpg\" \/><\/a><\/p>\n<p style=\"text-align: center;\"><em>Matkan ja vierailun loppu<\/em><\/p>\n","protected":false},"excerpt":{"rendered":"<p>Toukokuussa luonamme vierailleiden Niinan vanhempien j\u00e4lkeen saimme seuraavat vieraamme vain kuukautta my\u00f6hemmin, kun luoksemme saapuivat vuorostaan omat vanhempani muutamaa p\u00e4iv\u00e4\u00e4 ennen juhannusta. Kaksiviikkoinen vierailu alkoi tutuissa merkeiss\u00e4 ensiksi pari p\u00e4iv\u00e4\u00e4 kaupunkiin tutustuen ja viikonlopun koittaessa suuntasimme porukalla kohti Whistleri\u00e4.<\/p>\n","protected":false},"author":1,"featured_media":9053,"comment_status":"open","ping_status":"open","sticky":false,"template":"","format":"standard","meta":{"_jetpack_memberships_contains_paid_content":false,"footnotes":""},"categories":[17,3,9,7],"tags":[1251,961,129,935,1252,956,566,184,743,924,1250,957,958,939,724,955,725,218,959],"class_list":["post-9044","post","type-post","status-publish","format-standard","has-post-thumbnail","hentry","category-arki-kanadassa","category-arki-ulkomailla","category-kanada","category-matkakertomukset","tag-brandywine-falls","tag-cathedral-grove","tag-grouse-mountain","tag-kanada","tag-long-beach","tag-meares-island","tag-nairn-falls","tag-north-vancouver","tag-pacific-spirit-regional-park","tag-peak-2-peak","tag-shannon-falls","tag-tofino","tag-ucluelet","tag-vancouver","tag-vancouver-island","tag-vancouverinsaari","tag-vierailu","tag-whistler","tag-wild-pacific-trail"],"jetpack_featured_media_url":"https:\/\/www.vuosiamaailmalla.fi\/blog\/wp-content\/uploads\/long_beach_banner.jpg","jetpack_sharing_enabled":true,"_links":{"self":[{"href":"https:\/\/www.vuosiamaailmalla.fi\/blog\/wp-json\/wp\/v2\/posts\/9044","targetHints":{"allow":["GET"]}}],"collection":[{"href":"https:\/\/www.vuosiamaailmalla.fi\/blog\/wp-json\/wp\/v2\/posts"}],"about":[{"href":"https:\/\/www.vuosiamaailmalla.fi\/blog\/wp-json\/wp\/v2\/types\/post"}],"author":[{"embeddable":true,"href":"https:\/\/www.vuosiamaailmalla.fi\/blog\/wp-json\/wp\/v2\/users\/1"}],"replies":[{"embeddable":true,"href":"https:\/\/www.vuosiamaailmalla.fi\/blog\/wp-json\/wp\/v2\/comments?post=9044"}],"version-history":[{"count":2,"href":"https:\/\/www.vuosiamaailmalla.fi\/blog\/wp-json\/wp\/v2\/posts\/9044\/revisions"}],"predecessor-version":[{"id":12048,"href":"https:\/\/www.vuosiamaailmalla.fi\/blog\/wp-json\/wp\/v2\/posts\/9044\/revisions\/12048"}],"wp:featuredmedia":[{"embeddable":true,"href":"https:\/\/www.vuosiamaailmalla.fi\/blog\/wp-json\/wp\/v2\/media\/9053"}],"wp:attachment":[{"href":"https:\/\/www.vuosiamaailmalla.fi\/blog\/wp-json\/wp\/v2\/media?parent=9044"}],"wp:term":[{"taxonomy":"category","embeddable":true,"href":"https:\/\/www.vuosiamaailmalla.fi\/blog\/wp-json\/wp\/v2\/categories?post=9044"},{"taxonomy":"post_tag","embeddable":true,"href":"https:\/\/www.vuosiamaailmalla.fi\/blog\/wp-json\/wp\/v2\/tags?post=9044"}],"curies":[{"name":"wp","href":"https:\/\/api.w.org\/{rel}","templated":true}]}}