{"id":9055,"date":"2017-07-19T22:05:14","date_gmt":"2017-07-20T05:05:14","guid":{"rendered":"http:\/\/13.53.127.146\/?p=9055"},"modified":"2023-03-04T09:51:07","modified_gmt":"2023-03-04T17:51:07","slug":"virtuaalinen-tulevaisuus-saapui","status":"publish","type":"post","link":"https:\/\/www.vuosiamaailmalla.fi\/blog\/2017\/virtuaalinen-tulevaisuus-saapui\/","title":{"rendered":"Virtuaalinen tulevaisuus saapui"},"content":{"rendered":"<p style=\"text-align: justify;\">Viime p\u00e4iv\u00e4t ovat kuluneet t\u00e4ll\u00e4 suunnalla virtuaalisia maailmoja tutkiessa, hankittuani t\u00e4ll\u00e4 viikolla jo pitk\u00e4\u00e4n harkinnassani olleet <em>Playstation VR<\/em> -virtuaalilasit. Olen kokeillut virtuaalilaseja lyhyesti muutaman kerran aiemminkin ja kokemusten valossa on ollut pakko todeta, ett\u00e4 kyseess\u00e4 on viihteen tulevaisuus. Hyvin toteutettuna virtuaaliset pelimaailmat ovat \u00e4\u00e4rimm\u00e4isen mukaansatempaavia ja uusi n\u00e4k\u00f6kulma tuo kaikkeen uuden oivalluksia sis\u00e4lt\u00e4v\u00e4n elementin.<\/p>\n<p><!--more--><\/p>\n<p style=\"text-align: justify;\">PSVR on &#8221;kohtuuhintaisena&#8221; (Kanadassa kameran sis\u00e4lt\u00e4v\u00e4 pakkaus maksaa v\u00e4h\u00e4n yli 400\u20ac) mielest\u00e4ni hyv\u00e4 ykk\u00f6ssukupolven ratkaisu ja itse olen ollut positiivisesti yll\u00e4ttynyt p\u00e4\u00e4hineen mukavuudesta sek\u00e4 grafiikan tarkkuudesta. Ehk\u00e4p\u00e4 <em>Playstation 4 Pro<\/em> <a title=\"mCabelilla ter\u00e4vyytt\u00e4 virtuaalikuvaan?\" href=\"https:\/\/www.vuosiamaailmalla.fi\/blog\/2017\/mcabelilla-teravyytta-virtuaalikuvaan\/\">silottelee kulmia<\/a> hieman normi-pleikkaa enemm\u00e4n, mutta itse\u00e4ni pieni ajoittainen sahalaitaisuus ei ole haitannut ja kaikki kokeilemani pelit ovat py\u00f6rineet pehme\u00e4sti. Pahoinvointiakaan ei ole ilmennyt monenkaan tunnin k\u00e4yt\u00f6n aikana.<\/p>\n<p style=\"text-align: center;\"><a href=\"\/blog\/wp-content\/uploads\/2017\/tulevaisuus_saapui.jpg\"><img decoding=\"async\" src=\"\/blog\/wp-content\/uploads\/2017\/tulevaisuus_saapui.jpg\" \/><\/a><\/p>\n<p style=\"text-align: center;\"><em>Virtuaalimaailmoihin uppoutuneena<\/em><\/p>\n<p style=\"text-align: justify;\">Potentiaalia virtuaalitekniikalla onkin todella huimasti ja nyt vain odotetaan kunnon AAA-pelej\u00e4 sek\u00e4 lis\u00e4\u00e4 <a title=\"Koukussa Rec Roomiin\" href=\"https:\/\/www.vuosiamaailmalla.fi\/blog\/2017\/koukussa-rec-roomiin\/\">laadukasta sis\u00e4lt\u00f6\u00e4<\/a>. Syksyll\u00e4 julkaistava <em>Grand Turismo Sports<\/em> on ainakin omalla listallani todella korkealla ja lis\u00e4\u00e4nkin k\u00e4ytt\u00f6kokemuksiani Playstation VR:st\u00e4 t\u00e4nne blogiin ajan kanssa.<\/p>\n","protected":false},"excerpt":{"rendered":"<p>Viime p\u00e4iv\u00e4t ovat kuluneet t\u00e4ll\u00e4 suunnalla virtuaalisia maailmoja tutkiessa, hankittuani t\u00e4ll\u00e4 viikolla jo pitk\u00e4\u00e4n harkinnassani olleet Playstation VR -virtuaalilasit. Olen kokeillut virtuaalilaseja lyhyesti muutaman kerran aiemminkin ja kokemusten valossa on ollut pakko todeta, ett\u00e4 kyseess\u00e4 on viihteen tulevaisuus. Hyvin toteutettuna virtuaaliset pelimaailmat ovat \u00e4\u00e4rimm\u00e4isen mukaansatempaavia ja uusi n\u00e4k\u00f6kulma tuo kaikkeen uuden oivalluksia sis\u00e4lt\u00e4v\u00e4n elementin.<\/p>\n","protected":false},"author":1,"featured_media":9150,"comment_status":"open","ping_status":"open","sticky":false,"template":"","format":"standard","meta":{"_jetpack_memberships_contains_paid_content":false,"footnotes":""},"categories":[6],"tags":[34,1253,1254],"class_list":["post-9055","post","type-post","status-publish","format-standard","has-post-thumbnail","hentry","category-laitteita-ja-vempaimia","tag-arki","tag-playstation-4","tag-playstation-vr"],"jetpack_featured_media_url":"https:\/\/www.vuosiamaailmalla.fi\/blog\/wp-content\/uploads\/tulevaisuus_saapui2_banner.jpg","jetpack_sharing_enabled":true,"_links":{"self":[{"href":"https:\/\/www.vuosiamaailmalla.fi\/blog\/wp-json\/wp\/v2\/posts\/9055","targetHints":{"allow":["GET"]}}],"collection":[{"href":"https:\/\/www.vuosiamaailmalla.fi\/blog\/wp-json\/wp\/v2\/posts"}],"about":[{"href":"https:\/\/www.vuosiamaailmalla.fi\/blog\/wp-json\/wp\/v2\/types\/post"}],"author":[{"embeddable":true,"href":"https:\/\/www.vuosiamaailmalla.fi\/blog\/wp-json\/wp\/v2\/users\/1"}],"replies":[{"embeddable":true,"href":"https:\/\/www.vuosiamaailmalla.fi\/blog\/wp-json\/wp\/v2\/comments?post=9055"}],"version-history":[{"count":2,"href":"https:\/\/www.vuosiamaailmalla.fi\/blog\/wp-json\/wp\/v2\/posts\/9055\/revisions"}],"predecessor-version":[{"id":13075,"href":"https:\/\/www.vuosiamaailmalla.fi\/blog\/wp-json\/wp\/v2\/posts\/9055\/revisions\/13075"}],"wp:featuredmedia":[{"embeddable":true,"href":"https:\/\/www.vuosiamaailmalla.fi\/blog\/wp-json\/wp\/v2\/media\/9150"}],"wp:attachment":[{"href":"https:\/\/www.vuosiamaailmalla.fi\/blog\/wp-json\/wp\/v2\/media?parent=9055"}],"wp:term":[{"taxonomy":"category","embeddable":true,"href":"https:\/\/www.vuosiamaailmalla.fi\/blog\/wp-json\/wp\/v2\/categories?post=9055"},{"taxonomy":"post_tag","embeddable":true,"href":"https:\/\/www.vuosiamaailmalla.fi\/blog\/wp-json\/wp\/v2\/tags?post=9055"}],"curies":[{"name":"wp","href":"https:\/\/api.w.org\/{rel}","templated":true}]}}