{"id":9062,"date":"2017-05-21T19:26:33","date_gmt":"2017-05-22T02:26:33","guid":{"rendered":"http:\/\/13.53.127.146\/?p=9062"},"modified":"2024-03-29T22:07:41","modified_gmt":"2024-03-30T05:07:41","slug":"la-nina-talven-lopputulos","status":"publish","type":"post","link":"https:\/\/www.vuosiamaailmalla.fi\/blog\/2017\/la-nina-talven-lopputulos\/","title":{"rendered":"La Ni\u00f1a talven lopputulos"},"content":{"rendered":"<p style=\"text-align: justify;\">Niinh\u00e4n siin\u00e4 sitten k\u00e4vi, ett\u00e4 menneest\u00e4 talvesta tuli kaikkien aikojen paras laskettelukautemme Vancouverissa asumiemme <a title=\"Viisi vuotta Kanadassa\" href=\"https:\/\/www.vuosiamaailmalla.fi\/?p=8704\">viiden vuoden<\/a> aikana. <a title=\"Lupaus La Ni\u00f1asta\" href=\"https:\/\/www.vuosiamaailmalla.fi\/?p=8573\">Syksyll\u00e4 povattu <em>La Ni\u00f1a<\/em><\/a> s\u00e4\u00e4ilmi\u00f6 toteutui odotetun kaltaisesti ja taivaalta satoi valkoista kultaa paksusti l\u00e4pi koko pitk\u00e4n talven.<\/p>\n<p><!--more--><\/p>\n<p style=\"text-align: justify;\">Kirjoitin viime kev\u00e4\u00e4n\u00e4 edellisvuoden <a title=\"El Ni\u00f1o talven lopputulos\" href=\"https:\/\/www.vuosiamaailmalla.fi\/?p=8253\"><em>El Ni\u00f1o<\/em> talven lumim\u00e4\u00e4rist\u00e4<\/a> ja vaikka ilmi\u00f6 tarkoittaakin l\u00e4mpim\u00e4n sateista talvea, tuli lunta varsinkin hieman korkeammalla sijaitsevassa Whistleriss\u00e4 reilulla mitalla. Sama toistui my\u00f6s t\u00e4n\u00e4 vuonna, mutta hieman yll\u00e4tt\u00e4en lumen kokonaism\u00e4\u00e4r\u00e4 Whistleriss\u00e4 punnersi vain hieman viime vuoden yl\u00e4puolelle. V\u00e4h\u00e4n alle 13 metri\u00e4 on silti toista metri\u00e4 yli kymmenen vuoden keskiarvon ja vietimmekin <a title=\"Loppuvuoden laskuja\" href=\"https:\/\/www.vuosiamaailmalla.fi\/?p=8665\">Whistlerin rinteiss\u00e4<\/a> yhteens\u00e4 per\u00e4ti 7 laskettelup\u00e4iv\u00e4\u00e4.<\/p>\n<p style=\"text-align: center;\"><a href=\"\/blog\/wp-content\/uploads\/2016\/whisler_aamulaskuja_panoraama.jpg\"><img decoding=\"async\" src=\"\/blog\/wp-content\/uploads\/2016\/whisler_aamulaskuja_panoraama_pieni.jpg\" \/><\/a><\/p>\n<p style=\"text-align: center;\"><em>Whistler oli j\u00e4lleen varma valinta<\/em><\/p>\n<p style=\"text-align: justify;\">Hyvin p\u00e4rj\u00e4siv\u00e4t my\u00f6s paikallisvuoret, joista jokainen p\u00e4\u00e4si yli maagisen 10 metrin. Legendaarisiin mittoihin ylsi keskuksista pienin <a title=\"Pilvihattaraa Mount Seymourilla\" href=\"https:\/\/www.vuosiamaailmalla.fi\/?p=7765\">Mount Seymour<\/a>, jonka lumitilastoihin kirjattiin huikea melkein 15 metrin kokonaiskertym\u00e4. Harmillisesti emme kuitenkaan ehtineet Seymourin m\u00e4kiin ja vierailimme ainoastaan kahdesti <a title=\"Kev\u00e4thangilla Cypress Mountainilla\" href=\"https:\/\/www.vuosiamaailmalla.fi\/?p=8864\">Cypress Mountainilla<\/a> aivan loppukaudesta.<\/p>\n<p style=\"text-align: center;\"><a href=\"\/blog\/wp-content\/uploads\/2017\/cypressin_kevathangilla3.jpg\"><img decoding=\"async\" src=\"\/blog\/wp-content\/uploads\/2017\/thumbs\/thumbs_cypressin_kevathangilla3.jpg\" \/><\/a><a href=\"\/blog\/wp-content\/uploads\/2017\/cypressin_kevathangilla5.jpg\"><img decoding=\"async\" src=\"\/blog\/wp-content\/uploads\/2017\/thumbs\/thumbs_cypressin_kevathangilla5.jpg\" \/><\/a><a href=\"\/blog\/wp-content\/uploads\/2016\/pakkasta_cypressilla3.jpg\"><img decoding=\"async\" src=\"\/blog\/wp-content\/uploads\/2016\/thumbs\/thumbs_pakkasta_cypressilla3.jpg\" \/><\/a><\/p>\n<p style=\"text-align: center;\"><em>Cypressill\u00e4 piisasi t\u00e4ll\u00e4 kaudella lunta<\/em><\/p>\n<p style=\"text-align: center;\"><a href=\"\/blog\/wp-content\/uploads\/2017\/lunta_mount_seymourilla1.jpg\"><img decoding=\"async\" src=\"\/blog\/wp-content\/uploads\/2017\/lunta_mount_seymourilla1.jpg\" \/><\/a><\/p>\n<p style=\"text-align: center;\"><em>Mount Seymour yll\u00e4tti kaikki kinoksillaan<br \/>\n<\/em><\/p>\n<p style=\"text-align: justify;\">T\u00e4m\u00e4n talven <a title=\"Hiihtoloma Kalliovuorilla\" href=\"https:\/\/www.vuosiamaailmalla.fi\/?p=8959\">suuri laskettelureissumme<\/a> suuntautui helmikuussa Kanadan Kalliovuorille ja niinp\u00e4 emme vierailleet Okanagan alueen keskuksissa. Niiss\u00e4 kausi oli l\u00f6yt\u00e4mieni tilastojen mukaan keskinkertainen, <a title=\"Viikonloppu Okanagan rinteiss\u00e4\" href=\"https:\/\/www.vuosiamaailmalla.fi\/?p=7873\"><em>Silver Starissa<\/em><\/a> jopa heikko. On kuitenkin pakko my\u00f6nt\u00e4\u00e4, ett\u00e4 n\u00e4in kauden j\u00e4lkeen on hieman vaikea l\u00f6yt\u00e4\u00e4 t\u00e4ysin luotettavia lumitilastoja, sill\u00e4 kaikki keskukset eiv\u00e4t pid\u00e4 avoimesti kirjaa lumikertymist\u00e4\u00e4n.<\/p>\n<p style=\"text-align: center;\"><a href=\"\/blog\/wp-content\/uploads\/2017\/kalliovuorten_panoraama2.jpg\"><img decoding=\"async\" src=\"\/blog\/wp-content\/uploads\/2017\/kalliovuorten_panoraama2_pieni.jpg\" \/><\/a><\/p>\n<p style=\"text-align: center;\"><em>Kalliovuoret olivat mahtava laskettelureissu<\/em><\/p>\n<p style=\"text-align: justify;\">Vuoden eeppisin lumikertym\u00e4 n\u00e4htiin kuitenkin <a title=\"Mount Bakerin syv\u00e4ss\u00e4 lumihangessa\" href=\"https:\/\/www.vuosiamaailmalla.fi\/?p=7716\">Mount Bakerilla<\/a>, jonka lopputulos oli k\u00e4sitt\u00e4m\u00e4tt\u00f6m\u00e4t <strong>22 metri\u00e4 lunta<\/strong>. Talvi oli Bakerilla niin uskomaton, ett\u00e4 meid\u00e4n piti ajaa paikan p\u00e4\u00e4lle ihan varta vasten keskuksen <a title=\"Upean laskettelukauden p\u00e4\u00e4t\u00f6s Mount Bakerilla\" href=\"https:\/\/www.vuosiamaailmalla.fi\/?p=8877\">kauden viimeiselle laskettelup\u00e4iv\u00e4lle<\/a>, jonka j\u00e4lkeenkin lunta tuli viel\u00e4 metri lis\u00e4\u00e4. Baker on omaa luokkaansa ja vaikka t\u00e4m\u00e4nvuotinen tulos onkin 6 metri\u00e4 viime vuotta suurempi ja 5 metri\u00e4 keskiarvoa enemm\u00e4n, j\u00e4\u00e4 se viel\u00e4 kauas vuosituhannen alun 29 metrin maailmanenn\u00e4tyksest\u00e4.<\/p>\n<p style=\"text-align: center;\"><a href=\"\/blog\/wp-content\/uploads\/2017\/mount_bakerin_rinteessa1.jpg\"><img decoding=\"async\" src=\"\/blog\/wp-content\/uploads\/2017\/thumbs\/thumbs_mount_bakerin_rinteessa1.jpg\" \/><\/a><a href=\"\/blog\/wp-content\/uploads\/2017\/mount_bakerin_hullut_hanget9.jpg\"><img decoding=\"async\" src=\"\/blog\/wp-content\/uploads\/2017\/thumbs\/thumbs_mount_bakerin_hullut_hanget9.jpg\" \/><\/a><a href=\"\/blog\/wp-content\/uploads\/2017\/mount_bakerin_hullut_hanget10.jpg\"><img decoding=\"async\" src=\"\/blog\/wp-content\/uploads\/2017\/thumbs\/thumbs_mount_bakerin_hullut_hanget10.jpg\" \/><\/a><\/p>\n<p style=\"text-align: center;\"><em>Mount Baker p\u00e4\u00e4tyi omille lukemilleen<\/em><\/p>\n<p style=\"text-align: center;\"><a href=\"\/blog\/wp-content\/uploads\/2017\/mount_bakerin_rinteessa_panorama.jpg\"><img decoding=\"async\" src=\"\/blog\/wp-content\/uploads\/2017\/mount_bakerin_rinteessa_panorama_pieni.jpg\" \/><\/a><\/p>\n<p style=\"text-align: center;\"><em>Kaunis viimeinen p\u00e4iv\u00e4<\/em><\/p>\n<p style=\"text-align: justify;\">Kaiken kaikkiaan t\u00e4ll\u00e4 kaudella minulle kertyi laskettelup\u00e4ivi\u00e4 16 ja Niinalle 18, mitk\u00e4 ovat molemmat ylitse normaalin m\u00e4\u00e4r\u00e4mme. Laskea olisi tosin kerennyt viel\u00e4 enemm\u00e4nkin, sill\u00e4 ainakin Whistler pysyi auki viel\u00e4 kuukauden ajan suksen kes\u00e4teloille pistetty\u00e4mme. Toivoa sopiikin, ett\u00e4 hitaasti l\u00e4hestyv\u00e4st\u00e4 <a title=\"Aikainen laskettelukauden avaus\" href=\"https:\/\/www.vuosiamaailmalla.fi\/?p=9359\">ensi talvestakin<\/a> tulee yht\u00e4 eeppinen kuin 2016-2017 oli!<\/p>\n<p style=\"text-align: center;\"><a href=\"\/blog\/wp-content\/uploads\/2017\/kauden_2017_lumikertymat.jpg\"><img decoding=\"async\" src=\"\/blog\/wp-content\/uploads\/2017\/kauden_2017_lumikertymat.jpg\" \/><\/a><\/p>\n<p style=\"text-align: center;\"><em>Talven lumikertym\u00e4<\/em><\/p>\n","protected":false},"excerpt":{"rendered":"<p>Niinh\u00e4n siin\u00e4 sitten k\u00e4vi, ett\u00e4 menneest\u00e4 talvesta tuli kaikkien aikojen paras laskettelukautemme Vancouverissa asumiemme viiden vuoden aikana. Syksyll\u00e4 povattu La Ni\u00f1a s\u00e4\u00e4ilmi\u00f6 toteutui odotetun kaltaisesti ja taivaalta satoi valkoista kultaa paksusti l\u00e4pi koko pitk\u00e4n talven.<\/p>\n","protected":false},"author":1,"featured_media":9063,"comment_status":"open","ping_status":"open","sticky":false,"template":"","format":"standard","meta":{"_jetpack_memberships_contains_paid_content":false,"footnotes":""},"categories":[17,3,778,774],"tags":[25,933,1836,173,587,181,270,202,939,943,218],"class_list":["post-9062","post","type-post","status-publish","format-standard","has-post-thumbnail","hentry","category-arki-kanadassa","category-arki-ulkomailla","category-laskettelu-ulkoilu","category-ulkoilu","tag-ajankohtaista","tag-cypress-mountain","tag-la-nina","tag-laskettelu","tag-mount-baker","tag-mount-seymour","tag-saa","tag-talvi","tag-vancouver","tag-west-vancouver","tag-whistler"],"jetpack_featured_media_url":"https:\/\/www.vuosiamaailmalla.fi\/blog\/wp-content\/uploads\/la_nina_talvi_banner.jpg","jetpack_sharing_enabled":true,"_links":{"self":[{"href":"https:\/\/www.vuosiamaailmalla.fi\/blog\/wp-json\/wp\/v2\/posts\/9062","targetHints":{"allow":["GET"]}}],"collection":[{"href":"https:\/\/www.vuosiamaailmalla.fi\/blog\/wp-json\/wp\/v2\/posts"}],"about":[{"href":"https:\/\/www.vuosiamaailmalla.fi\/blog\/wp-json\/wp\/v2\/types\/post"}],"author":[{"embeddable":true,"href":"https:\/\/www.vuosiamaailmalla.fi\/blog\/wp-json\/wp\/v2\/users\/1"}],"replies":[{"embeddable":true,"href":"https:\/\/www.vuosiamaailmalla.fi\/blog\/wp-json\/wp\/v2\/comments?post=9062"}],"version-history":[{"count":2,"href":"https:\/\/www.vuosiamaailmalla.fi\/blog\/wp-json\/wp\/v2\/posts\/9062\/revisions"}],"predecessor-version":[{"id":13570,"href":"https:\/\/www.vuosiamaailmalla.fi\/blog\/wp-json\/wp\/v2\/posts\/9062\/revisions\/13570"}],"wp:featuredmedia":[{"embeddable":true,"href":"https:\/\/www.vuosiamaailmalla.fi\/blog\/wp-json\/wp\/v2\/media\/9063"}],"wp:attachment":[{"href":"https:\/\/www.vuosiamaailmalla.fi\/blog\/wp-json\/wp\/v2\/media?parent=9062"}],"wp:term":[{"taxonomy":"category","embeddable":true,"href":"https:\/\/www.vuosiamaailmalla.fi\/blog\/wp-json\/wp\/v2\/categories?post=9062"},{"taxonomy":"post_tag","embeddable":true,"href":"https:\/\/www.vuosiamaailmalla.fi\/blog\/wp-json\/wp\/v2\/tags?post=9062"}],"curies":[{"name":"wp","href":"https:\/\/api.w.org\/{rel}","templated":true}]}}