{"id":9083,"date":"2017-08-12T12:21:43","date_gmt":"2017-08-12T19:21:43","guid":{"rendered":"http:\/\/13.53.127.146\/?p=9083"},"modified":"2021-07-01T17:18:56","modified_gmt":"2021-07-02T00:18:56","slug":"metsapalosavun-saartamana","status":"publish","type":"post","link":"https:\/\/www.vuosiamaailmalla.fi\/blog\/2017\/metsapalosavun-saartamana\/","title":{"rendered":"Mets\u00e4palosavun saartamana"},"content":{"rendered":"<p style=\"text-align: justify;\">British Columbiassa elet\u00e4\u00e4n poikkeuksellisen <a title=\"Nelj\u00e4n kuukauden kuivuus\" href=\"https:\/\/www.vuosiamaailmalla.fi\/?p=7141\">kuivaa kes\u00e4kautta<\/a>, mink\u00e4 johdosta provinssin alueella roihuu valtoimenaan pitk\u00e4lti toistasataa mets\u00e4paloa. Huhtikuun j\u00e4lkeen pelk\u00e4st\u00e4\u00e4n British Columbian alueella on tilastoitu yhteens\u00e4 928 mets\u00e4paloa, joista 146 roihuaa yh\u00e4 edelleen. Erityisen hankala tilanne on keski-provinssin alueella l\u00e4hell\u00e4 Cache Creeki\u00e4, jossa roihuaa hallitsemattomasti toistakymment\u00e4 suurta paloa.<\/p>\n<p><!--more--><\/p>\n<p style=\"text-align: center;\"><a href=\"\/blog\/wp-content\/uploads\/2017\/lampoa_riittaa.jpg\"><img decoding=\"async\" src=\"\/blog\/wp-content\/uploads\/2017\/thumbs\/thumbs_lampoa_riittaa.jpg\" \/><\/a><\/p>\n<p style=\"text-align: center;\"><em>L\u00e4mmin ja kuiva kes\u00e4<\/em><\/p>\n<p style=\"text-align: justify;\">Laajojen mets\u00e4palojen tuhot ovat toistaiseksi j\u00e4\u00e4neet sangen rajatuiksi verrattuna viime vuotiseen <a title=\"Fort McMurrayn tulimyrsky\" href=\"https:\/\/www.vuosiamaailmalla.fi\/?p=8234\">Fort McMurrayn katastrofiin<\/a>, sill\u00e4 mets\u00e4palot ovat riehuneet sangen asumattomilla alueilla. Kuitenkin niist\u00e4 aiheutuneet savuhaitat ovat olleet melkoiset ja koskettaneet todella laajoja alueita. <a title=\"Kaikkien aikojen enn\u00e4tyshelle\" href=\"https:\/\/www.vuosiamaailmalla.fi\/blog\/2021\/kaikkien-aikojen-ennatyshelle\/\">Paikalleen jumahtanut korkeapaine<\/a> on kietonut ep\u00e4onnisia alueita paksuun savuun paikoin jopa viikkokausiksi.<\/p>\n<p style=\"text-align: center;\"><a href=\"\/blog\/wp-content\/uploads\/2017\/tulipalokesa.jpg\"><img decoding=\"async\" src=\"\/blog\/wp-content\/uploads\/2017\/tulipalokesa.jpg\" \/><\/a><\/p>\n<p style=\"text-align: center;\"><em>Satam\u00e4\u00e4rin tulipaloja ymp\u00e4ri provinssia<\/em><\/p>\n<p style=\"text-align: justify;\">Vancouverista k\u00e4sin suurimmat mets\u00e4palot sijaitsevat noin 400 kilometrin p\u00e4\u00e4ss\u00e4 koillisessa, eik\u00e4 niden olemassaoloa muistanut ennen viime viikon tiistaita, jolloin taivaalla alkoi n\u00e4ky\u00e4 savupilvi\u00e4. Keskiviikkoaamuun menness\u00e4 savu laskeutui alas maanpinnalle ja se on piinannut metropolialuetta aina t\u00e4h\u00e4n aamuun saakka.<\/p>\n<p style=\"text-align: justify;\">Enn\u00e4tyksellisten kymmenen p\u00e4iv\u00e4n ajan Vancouverin taivas oli niin harmaa, ettei vuoria n\u00e4kynyt edes vierelt\u00e4. Korkealta katsottaessa n\u00e4kyvyys oli ollut ajoittain alle kilometrin verran ja savun on huomannut jopa maantasolla. Onneksi savu ei kuitenkaan ole ollut yht\u00e4 paksua kuin kes\u00e4ll\u00e4 2015, jolloin <a title=\"Kauniilla Sunshine Coastilla\" href=\"https:\/\/www.vuosiamaailmalla.fi\/?p=8152\">Sunshine Coastilla<\/a> roihunneen mets\u00e4palon savu k\u00e4vi jo hengityksen p\u00e4\u00e4lle ja muutti Vancouverin kahden p\u00e4iv\u00e4n ajaksi <a title=\"Savun peitt\u00e4m\u00e4 kaupunki\" href=\"https:\/\/www.vuosiamaailmalla.fi\/?p=5914\">kiinalaisen suurkaupungin n\u00e4k\u00f6iseksi<\/a>. Vaikka savua ei ole nyt suuremmin haistanutkaan, on se silti ep\u00e4terveellist\u00e4 pienhiukkasten vuoksi ja <a title=\"Maailman huonoin ilmanlaatu\" href=\"https:\/\/www.vuosiamaailmalla.fi\/?p=10809\">ilmanlaatu<\/a> onkin ollut lukemassa 7\/10 tarkoittaen &#8221;ep\u00e4terveellist\u00e4&#8221;.<\/p>\n<p style=\"text-align: center;\"><a href=\"\/blog\/wp-content\/uploads\/2017\/savuinen_nakyma.jpg\"><img decoding=\"async\" src=\"\/blog\/wp-content\/uploads\/2017\/savuinen_nakyma.jpg\" \/><\/a><\/p>\n<p style=\"text-align: center;\"><em>Savun valtaama kaupunki<\/em><\/p>\n<p style=\"text-align: justify;\">Paksu savuvaippa haittasi my\u00f6s luonamme aina alkuviikkoon saakka olleiden vieraiden vierailua, sill\u00e4 matkasimme viime viikonloppuna Hopen alueelle l\u00e4helle vuoria. Siell\u00e4 savu oli viel\u00e4 Burnaby\u00e4kin paksumpaa, mik\u00e4 haittasi jo hieman ulkoilua. Onneksi sent\u00e4\u00e4n ensimm\u00e4isen vierailuviikon ajan taivas oli kauniin sininen ja esimerkiksi upea p\u00e4iv\u00e4mme Whistleriss\u00e4 oli suorastaan t\u00e4ydellinen.<\/p>\n<p style=\"text-align: center;\"><a href=\"\/blog\/wp-content\/uploads\/2017\/savuinen_vaellus1.jpg\"><img decoding=\"async\" src=\"\/blog\/wp-content\/uploads\/2017\/thumbs\/thumbs_savuinen_vaellus1.jpg\" \/><\/a><a href=\"\/blog\/wp-content\/uploads\/2017\/savuinen_ross_lake1.jpg\"><img decoding=\"async\" src=\"\/blog\/wp-content\/uploads\/2017\/thumbs\/thumbs_savuinen_ross_lake1.jpg\" \/><\/a><a href=\"\/blog\/wp-content\/uploads\/2017\/savuinen_jarvi.jpg\"><img decoding=\"async\" src=\"\/blog\/wp-content\/uploads\/2017\/thumbs\/thumbs_savuinen_jarvi.jpg\" \/><\/a><\/p>\n<p style=\"text-align: center;\"><em>Viikonloppu harmaassa vuoristossa<\/em><\/p>\n<p style=\"text-align: justify;\">Vaikka Vancouverissa saatiinkin nyt pient\u00e4 helpotusta enn\u00e4tyspitk\u00e4\u00e4n savuverhoon, voi savu tehd\u00e4 viel\u00e4 paluun. S\u00e4\u00e4ennusteessa ei nimitt\u00e4in ole sateita luvassa ja n\u00e4in suuret mets\u00e4palot eiv\u00e4t sammu ennen kuin vasta noin kuukauden p\u00e4\u00e4st\u00e4 saapuvien syyssateiden mukana. Siihen saakka tuhansilla palomiehill\u00e4 riitt\u00e4\u00e4 viel\u00e4 runsaasti taisteltavaa sis\u00e4maan helteisess\u00e4 keliss\u00e4.<\/p>\n","protected":false},"excerpt":{"rendered":"<p>British Columbiassa elet\u00e4\u00e4n poikkeuksellisen kuivaa kes\u00e4kautta, mink\u00e4 johdosta provinssin alueella roihuu valtoimenaan pitk\u00e4lti toistasataa mets\u00e4paloa. Huhtikuun j\u00e4lkeen pelk\u00e4st\u00e4\u00e4n British Columbian alueella on tilastoitu yhteens\u00e4 928 mets\u00e4paloa, joista 146 roihuaa yh\u00e4 edelleen. Erityisen hankala tilanne on keski-provinssin alueella l\u00e4hell\u00e4 Cache Creeki\u00e4, jossa roihuaa hallitsemattomasti toistakymment\u00e4 suurta paloa.<\/p>\n","protected":false},"author":1,"featured_media":9085,"comment_status":"open","ping_status":"open","sticky":false,"template":"","format":"standard","meta":{"_jetpack_memberships_contains_paid_content":false,"footnotes":""},"categories":[17,3],"tags":[25,34,77,770,840,935,875,939],"class_list":["post-9083","post","type-post","status-publish","format-standard","has-post-thumbnail","hentry","category-arki-kanadassa","category-arki-ulkomailla","tag-ajankohtaista","tag-arki","tag-burnaby","tag-hope","tag-kamloops","tag-kanada","tag-metsapalo","tag-vancouver"],"jetpack_featured_media_url":"https:\/\/www.vuosiamaailmalla.fi\/blog\/wp-content\/uploads\/savuinen_jarvi_banner.jpg","jetpack_sharing_enabled":true,"_links":{"self":[{"href":"https:\/\/www.vuosiamaailmalla.fi\/blog\/wp-json\/wp\/v2\/posts\/9083","targetHints":{"allow":["GET"]}}],"collection":[{"href":"https:\/\/www.vuosiamaailmalla.fi\/blog\/wp-json\/wp\/v2\/posts"}],"about":[{"href":"https:\/\/www.vuosiamaailmalla.fi\/blog\/wp-json\/wp\/v2\/types\/post"}],"author":[{"embeddable":true,"href":"https:\/\/www.vuosiamaailmalla.fi\/blog\/wp-json\/wp\/v2\/users\/1"}],"replies":[{"embeddable":true,"href":"https:\/\/www.vuosiamaailmalla.fi\/blog\/wp-json\/wp\/v2\/comments?post=9083"}],"version-history":[{"count":2,"href":"https:\/\/www.vuosiamaailmalla.fi\/blog\/wp-json\/wp\/v2\/posts\/9083\/revisions"}],"predecessor-version":[{"id":12311,"href":"https:\/\/www.vuosiamaailmalla.fi\/blog\/wp-json\/wp\/v2\/posts\/9083\/revisions\/12311"}],"wp:featuredmedia":[{"embeddable":true,"href":"https:\/\/www.vuosiamaailmalla.fi\/blog\/wp-json\/wp\/v2\/media\/9085"}],"wp:attachment":[{"href":"https:\/\/www.vuosiamaailmalla.fi\/blog\/wp-json\/wp\/v2\/media?parent=9083"}],"wp:term":[{"taxonomy":"category","embeddable":true,"href":"https:\/\/www.vuosiamaailmalla.fi\/blog\/wp-json\/wp\/v2\/categories?post=9083"},{"taxonomy":"post_tag","embeddable":true,"href":"https:\/\/www.vuosiamaailmalla.fi\/blog\/wp-json\/wp\/v2\/tags?post=9083"}],"curies":[{"name":"wp","href":"https:\/\/api.w.org\/{rel}","templated":true}]}}