{"id":9088,"date":"2017-08-21T17:56:24","date_gmt":"2017-08-22T00:56:24","guid":{"rendered":"http:\/\/13.53.127.146\/?p=9088"},"modified":"2017-08-23T18:39:24","modified_gmt":"2017-08-24T01:39:24","slug":"taydellinen-86-auringonpimennys","status":"publish","type":"post","link":"https:\/\/www.vuosiamaailmalla.fi\/blog\/2017\/taydellinen-86-auringonpimennys\/","title":{"rendered":"T\u00e4ydellinen 86% auringonpimennys"},"content":{"rendered":"<p style=\"text-align: justify;\">T\u00e4n\u00e4\u00e4n maanantaina miljoonien ihmisen aamup\u00e4iv\u00e4n rutiinit poikkesivat hieman normaalista, kun Pohjois-Amerikassa n\u00e4htiin &#8221;harvinainen&#8221; t\u00e4ydellinen auringonpimennys. Tapausta on hehkutettu mediassa jo viikkokausia ja Yhdysvaltojen l\u00e4nsirannikon Oregonista it\u00e4rannikon Etel\u00e4-Carolinaan ulottuvalle t\u00e4ydellisen auringonpimennyksen reitille hakeutuikin hypen saattelemana kymmeni\u00e4tuhansia turisteja todistamaan keskim\u00e4\u00e4rin noin kahden minuutin mittaista taivasspektaakkelia.<\/p>\n<p><!--more--><\/p>\n<p style=\"text-align: justify;\">Itse auringonpimennys ei kuitenkaan ole ilmi\u00f6n\u00e4 mitenk\u00e4\u00e4n harvinainen ja t\u00e4ydellinen auringonpimennys koetaan jossain p\u00e4in maailmaa joka 1-3 vuosi. Ilmi\u00f6 kuitenkin osuu samalle seudulle harvoin ja vastaavanlainen rannikolta toiselle ylt\u00e4v\u00e4 pimennys n\u00e4htiin Yhdysvalloissa viimeeksi vuonna 1918. Silti v\u00e4itteet &#8221;kerran el\u00e4m\u00e4ss\u00e4&#8221; tapahtuvasta ilmi\u00f6st\u00e4 ovat vain some-ajan h\u00f6mpp\u00e4\u00e4, sill\u00e4 seuraava t\u00e4ydellinen pimennys n\u00e4hd\u00e4\u00e4n etel\u00e4isell\u00e4 pallonpuoliskolla jo 2019 ja Pohjois-Amerikassa vuonna 2024. Tuolloin paras katselupaikka osuus Kanadan it\u00e4rannikolle.<\/p>\n<p style=\"text-align: justify;\">Vaikka Kanadan l\u00e4nsirannikko olikin paras paikka n\u00e4hd\u00e4 t\u00e4n\u00e4inen pimennys, ei se kuitenkaan mahtunut 96-113 kilometri\u00e4 leve\u00e4lle pimennyskaistaleelle. Kanadan suurin osittainen 90% auringonpimennys n\u00e4htiin Victoriassa ja t\u00e4\u00e4ll\u00e4 Vancouverissa pimennys oli suurimmillaan 86% aamup\u00e4iv\u00e4ll\u00e4 kello 10:21, kest\u00e4en muutaman minuutin.<\/p>\n<p style=\"text-align: center;\"><a href=\"\/blog\/wp-content\/uploads\/2017\/auringonpimennys2.jpg\"><img decoding=\"async\" src=\"\/blog\/wp-content\/uploads\/2017\/auringonpimennys2.jpg\" \/><\/a><\/p>\n<p style=\"text-align: center;\"><em>Vancouverin pimennys oli asteikon parhaasta p\u00e4\u00e4st\u00e4<\/em><\/p>\n<p style=\"text-align: justify;\">Silti t\u00e4\u00e4ll\u00e4kin ihmiset kokoontuivat ulos seuraamaan tapahtumaa, joka oli kuitenkin lopulta melko antiklimaattinen. P\u00e4iv\u00e4 muuttui pimennyksen huipentuess\u00e4 ehk\u00e4 aavistuksen normaalia himme\u00e4mm\u00e4ksi, mutta t\u00e4m\u00e4 tapahtui niin huomaamatta, ett\u00e4 asiaa oli melkein mahdotonta huomata. Pilven kulkeutuminen auringon eteen on paljon huomattavampi muutos, mutta pilvist\u00e4 ei kauniina kes\u00e4p\u00e4iv\u00e4n\u00e4 tarvinnut murehtia.<\/p>\n<p style=\"text-align: justify;\">Itse en vaivautunut ostamaan ylihintaista filtteri\u00e4 ilmi\u00f6n turvalliseen valokuvaamiseen ja hienoimmat kuvat tuottaisi vain t\u00e4ydellisen pimennyksen alueella asuminen. Portlannissa asuva tuttavani n\u00e4ki 99% auringonpimennyksen ensimm\u00e4isten joukossa ja kehui ilmi\u00f6t\u00e4 hienoksi.<\/p>\n<p style=\"text-align: center;\"><a href=\"\/blog\/wp-content\/uploads\/2017\/auringonpimennys1.jpg\"><img decoding=\"async\" src=\"\/blog\/wp-content\/uploads\/2017\/auringonpimennys1.jpg\" \/><\/a><\/p>\n<p style=\"text-align: center;\"><em>T\u00e4ydellinen pimennys missasi Kanadan<\/em><\/p>\n<p style=\"text-align: justify;\">T\u00e4\u00e4ll\u00e4 pimennyksen antimiksi j\u00e4iv\u00e4tkin auringonsirpin n\u00e4keminen paperilla sek\u00e4 puun lehv\u00e4st\u00f6jen varjon j\u00e4nn\u00e4 siivil\u00f6ityminen sirpeiksi, valon jonkinlaisesta hajataittumisesta johtuen. Tapaus oli nopeasti ohitse ja seuraavaa mediaspektaakkelia saamme odottaa taas muutaman vuoden. Jotenkin kaikesta tulee mieleen muutaman vuoden takainen kuohunta Superkuusta&#8230; \ud83d\ude44<\/p>\n","protected":false},"excerpt":{"rendered":"<p>T\u00e4n\u00e4\u00e4n maanantaina miljoonien ihmisen aamup\u00e4iv\u00e4n rutiinit poikkesivat hieman normaalista, kun Pohjois-Amerikassa n\u00e4htiin &#8221;harvinainen&#8221; t\u00e4ydellinen auringonpimennys. Tapausta on hehkutettu mediassa jo viikkokausia ja Yhdysvaltojen l\u00e4nsirannikon Oregonista it\u00e4rannikon Etel\u00e4-Carolinaan ulottuvalle t\u00e4ydellisen auringonpimennyksen reitille hakeutuikin hypen saattelemana kymmeni\u00e4tuhansia turisteja todistamaan keskim\u00e4\u00e4rin noin kahden minuutin mittaista taivasspektaakkelia.<\/p>\n","protected":false},"author":1,"featured_media":9089,"comment_status":"open","ping_status":"open","sticky":false,"template":"","format":"standard","meta":{"_jetpack_memberships_contains_paid_content":false,"footnotes":""},"categories":[17,3],"tags":[25,1255,935,939,11],"class_list":["post-9088","post","type-post","status-publish","format-standard","has-post-thumbnail","hentry","category-arki-kanadassa","category-arki-ulkomailla","tag-ajankohtaista","tag-auringonpimennys","tag-kanada","tag-vancouver","tag-matkakertomukset-yhdysvallat"],"jetpack_featured_media_url":"https:\/\/www.vuosiamaailmalla.fi\/blog\/wp-content\/uploads\/auringonpimennys_banner.jpg","jetpack_sharing_enabled":true,"_links":{"self":[{"href":"https:\/\/www.vuosiamaailmalla.fi\/blog\/wp-json\/wp\/v2\/posts\/9088","targetHints":{"allow":["GET"]}}],"collection":[{"href":"https:\/\/www.vuosiamaailmalla.fi\/blog\/wp-json\/wp\/v2\/posts"}],"about":[{"href":"https:\/\/www.vuosiamaailmalla.fi\/blog\/wp-json\/wp\/v2\/types\/post"}],"author":[{"embeddable":true,"href":"https:\/\/www.vuosiamaailmalla.fi\/blog\/wp-json\/wp\/v2\/users\/1"}],"replies":[{"embeddable":true,"href":"https:\/\/www.vuosiamaailmalla.fi\/blog\/wp-json\/wp\/v2\/comments?post=9088"}],"version-history":[{"count":0,"href":"https:\/\/www.vuosiamaailmalla.fi\/blog\/wp-json\/wp\/v2\/posts\/9088\/revisions"}],"wp:featuredmedia":[{"embeddable":true,"href":"https:\/\/www.vuosiamaailmalla.fi\/blog\/wp-json\/wp\/v2\/media\/9089"}],"wp:attachment":[{"href":"https:\/\/www.vuosiamaailmalla.fi\/blog\/wp-json\/wp\/v2\/media?parent=9088"}],"wp:term":[{"taxonomy":"category","embeddable":true,"href":"https:\/\/www.vuosiamaailmalla.fi\/blog\/wp-json\/wp\/v2\/categories?post=9088"},{"taxonomy":"post_tag","embeddable":true,"href":"https:\/\/www.vuosiamaailmalla.fi\/blog\/wp-json\/wp\/v2\/tags?post=9088"}],"curies":[{"name":"wp","href":"https:\/\/api.w.org\/{rel}","templated":true}]}}