{"id":9093,"date":"2017-08-23T18:36:51","date_gmt":"2017-08-24T01:36:51","guid":{"rendered":"http:\/\/13.53.127.146\/?p=9093"},"modified":"2017-08-23T18:37:41","modified_gmt":"2017-08-24T01:37:41","slug":"yo-metsan-helmassa","status":"publish","type":"post","link":"https:\/\/www.vuosiamaailmalla.fi\/blog\/2017\/yo-metsan-helmassa\/","title":{"rendered":"Kes\u00e4y\u00f6 Golden Earsin helmassa"},"content":{"rendered":"<p style=\"text-align: justify;\">Kes\u00e4kuussa <a title=\"Telttay\u00f6 Birkenhead Lakella\" href=\"https:\/\/www.vuosiamaailmalla.fi\/?p=8992\">Birkenhead Laken leirint\u00e4alueella<\/a> viett\u00e4m\u00e4mme y\u00f6 j\u00e4i mieliimme mukavana alkukes\u00e4n kokemuksena. Kes\u00e4 on sittemmin kulunut todella nopeasti ensiksi kes\u00e4lomamatkallamme Islantiin ja Gr\u00f6nlantiin, jonka j\u00e4lkeen Niina vieraili Suomessa ja sitten saimme vieraiksemme yst\u00e4v\u00e4pariskuntamme Suomesta kahdeksi viikoksi. Emme siis ole kerenneet mets\u00e4n helmaan toista kertaa, mik\u00e4 on ollut harmi n\u00e4in kauniina kes\u00e4n\u00e4.<\/p>\n<p><!--more--><\/p>\n<p style=\"text-align: justify;\">Asiantilaan saatiin kuitenkin korjaus viime viikonloppuna, kun Niina bongasi Maple Ridgess\u00e4 sijaitsevalta <em>Golden Ears Provincial Parkin<\/em> leirint\u00e4alueelta viime hetken peruutuspaikan. Niinp\u00e4 suuntaismme lauantaina Maple Ridgeen, jossa olemme vierailleet viimeeksi toukokuussa, jolloin teimme mukavan pienen k\u00e4velyn alueella sijaitsevalle <a title=\"Gold Creek Falls\" href=\"https:\/\/www.vuosiamaailmalla.fi\/?p=8912\">Gold Creek Fallsille<\/a>.<\/p>\n<p style=\"text-align: justify;\">Keli oli lauantaina mit\u00e4 mahtavin ja saavuimme perille heti iltap\u00e4iv\u00e4st\u00e4. Perill\u00e4 meille paljastui, ett\u00e4 Golden Earsin leirint\u00e4alue k\u00e4sitt\u00e4\u00e4kin yhteens\u00e4 kolme erillist\u00e4 aluetta, joissa on yhteens\u00e4 useita satoja leirint\u00e4paikkoja. Oma paikkamme sijaitsi alueista keskimm\u00e4isell\u00e4, hyv\u00e4ll\u00e4 ja rauhallisella paikalla sammaleisen mets\u00e4n reunalla.<\/p>\n<p style=\"text-align: center;\"><a href=\"\/blog\/wp-content\/uploads\/2017\/golden_ears_leirintaa4.jpg\"><img decoding=\"async\" src=\"\/blog\/wp-content\/uploads\/2017\/thumbs\/thumbs_golden_ears_leirintaa4.jpg\" \/><\/a><a href=\"\/blog\/wp-content\/uploads\/2017\/golden_ears_leirintaa3.jpg\"><img decoding=\"async\" src=\"\/blog\/wp-content\/uploads\/2017\/thumbs\/thumbs_golden_ears_leirintaa3.jpg\" \/><\/a><a href=\"\/blog\/wp-content\/uploads\/2017\/golden_ears_leirintaa5.jpg\"><img decoding=\"async\" src=\"\/blog\/wp-content\/uploads\/2017\/thumbs\/thumbs_golden_ears_leirintaa5.jpg\" \/><\/a><\/p>\n<p style=\"text-align: center;\"><em>Vilkas mutta vehre\u00e4 leirint\u00e4alue<\/em><\/p>\n<p style=\"text-align: justify;\">Teltan pystytyksess\u00e4 ei nokka tuhissut pitk\u00e4\u00e4n ja palkitsimme uurastuksemme pienell\u00e4 p\u00e4iv\u00e4levolla ymp\u00e4r\u00f6iv\u00e4\u00e4 \u00e4\u00e4nimaailmaa kuunnellen. Leirint\u00e4alue oli n\u00e4in kes\u00e4viikonloppuna aivan t\u00e4ynn\u00e4, joten kaikkialta ymp\u00e4r\u00f6iv\u00e4st\u00e4 mets\u00e4st\u00e4 kuului puheensorinaa, kun suurilla matkailuautoilla sek\u00e4 valtavilla tavaram\u00e4\u00e4rill\u00e4 paikalle saapuneet ihmiset pystyttiv\u00e4t leirej\u00e4\u00e4n. Onneksi naapurimme olivat rauhallista porukkaa, eik\u00e4 mit\u00e4\u00e4n ongelmia esiintynyt koko aikana. \ud83d\ude42<\/p>\n<p style=\"text-align: center;\"><a href=\"\/blog\/wp-content\/uploads\/2017\/golden_ears_leirintaa2.jpg\"><img decoding=\"async\" src=\"\/blog\/wp-content\/uploads\/2017\/thumbs\/thumbs_golden_ears_leirintaa2.jpg\" \/><\/a><a href=\"\/blog\/wp-content\/uploads\/2017\/golden_ears_leirintaa1.jpg\"><img decoding=\"async\" src=\"\/blog\/wp-content\/uploads\/2017\/thumbs\/thumbs_golden_ears_leirintaa1.jpg\" \/><\/a><\/p>\n<p style=\"text-align: center;\"><em>Raskas ty\u00f6 vaati palkinnokseen p\u00e4iv\u00e4levon<\/em><\/p>\n<p style=\"text-align: justify;\">Hetken lev\u00e4tty\u00e4mme vedimme uikkarit jalkaamme ja suuntasimme puiston yhteydess\u00e4 sijaitsevan suuren Alouette Laken rantaan. Pitkulan j\u00e4rven l\u00e4nsip\u00e4\u00e4ss\u00e4 sijaitsee suuri uimaranta, joka olikin todella vilkas, mutta l\u00f6ysimme silti hyvin oman pienen palamme rantaa. Muutaman viikon takaisiin vuoristoj\u00e4rviin verrattuna Alouette Laken vesi ei tuntunut alkuunkaan kylm\u00e4lt\u00e4 ja sekaan pulahti ilman kiljahtelua. Ainoa valittamisen aihe olikin sangen kivinen uimaranta, jossa askeltaan sai hieman varoa.<\/p>\n<p style=\"text-align: center;\"><a href=\"\/blog\/wp-content\/uploads\/2017\/alouette_lake_panoraama1.jpg\"><img decoding=\"async\" src=\"\/blog\/wp-content\/uploads\/2017\/alouette_lake_panoraama1_pieni.jpg\" \/><\/a><\/p>\n<p style=\"text-align: center;\"><em>Kaunis ja l\u00e4mmin Alouette Lake<\/em><\/p>\n<p style=\"text-align: justify;\">Virkist\u00e4v\u00e4n uinnin j\u00e4lkeen oli aika palata leiripaikallemme p\u00e4iv\u00e4llisen tekoon. Ilta pimeni yll\u00e4tt\u00e4v\u00e4nkin nopeasti, mutta valon v\u00e4hentyess\u00e4 meno leirint\u00e4alueella sen kuin koveni. Meid\u00e4n vanhusten k\u00e4ydess\u00e4 nukkumaan pimeyden laskeutuessa, lapset leikkiv\u00e4t viel\u00e4 pitkin pimenev\u00e4\u00e4 mets\u00e4\u00e4. Y\u00f6ll\u00e4 veskiss\u00e4 k\u00e4ydess\u00e4 n\u00e4imme viel\u00e4 lukuisia telttakuntia istumassa iltaa lamppujen valossa, monenlaisia tarinoita kertoen.<\/p>\n<p style=\"text-align: justify;\">L\u00e4mpim\u00e4st\u00e4 viikonlopusta huolimatta aamuy\u00f6 oli hieman viile\u00e4, mik\u00e4 ei l\u00e4mpim\u00e4ss\u00e4 makuupussissa nukkuessa kuitenkaan haitannut. Olimme ylh\u00e4\u00e4ll\u00e4 ensimm\u00e4isten joukossa ja pakkasimme jo tavaroitamme naapureiden vasta her\u00e4illess\u00e4. Oli mukavaa olla takaisin jo aamukymmenelt\u00e4 ja ehti\u00e4 tekem\u00e4\u00e4n viel\u00e4 paljon muutakin.<\/p>\n<p style=\"text-align: center;\"><a href=\"\/blog\/wp-content\/uploads\/2017\/golden_ears_leirintaa6.jpg\"><img decoding=\"async\" src=\"\/blog\/wp-content\/uploads\/2017\/golden_ears_leirintaa6.jpg\" \/><\/a><\/p>\n<p style=\"text-align: center;\"><em>Mukavan y\u00f6n j\u00e4lkeen oli mukava olla aikaisin kotona<\/em><\/p>\n<p style=\"text-align: justify;\">Lyhyt yhden y\u00f6n leirimme oli t\u00e4ll\u00e4kin kertaa mukava kokemus ja halunamme onkin ehti\u00e4 luonnon helmaan viel\u00e4 kerran syyskuun puolessav\u00e4liss\u00e4, jos vain s\u00e4\u00e4 pysyy hyv\u00e4n\u00e4. Hyv\u00e4\u00e4 keli\u00e4 on t\u00e4h\u00e4n saakka riitt\u00e4nyt, sill\u00e4 Vancouverissa on satanut edellisen kerran joskus kes\u00e4-\/hein\u00e4kuun taitteessa. Eli Mamban sanoin: <em>&#8221;Viel\u00e4 on kes\u00e4\u00e4 j\u00e4ljell\u00e4&#8230;&#8221;<\/em> \ud83d\ude1b <\/p>\n","protected":false},"excerpt":{"rendered":"<p>Kes\u00e4kuussa Birkenhead Laken leirint\u00e4alueella viett\u00e4m\u00e4mme y\u00f6 j\u00e4i mieliimme mukavana alkukes\u00e4n kokemuksena. Kes\u00e4 on sittemmin kulunut todella nopeasti ensiksi kes\u00e4lomamatkallamme Islantiin ja Gr\u00f6nlantiin, jonka j\u00e4lkeen Niina vieraili Suomessa ja sitten saimme vieraiksemme yst\u00e4v\u00e4pariskuntamme Suomesta kahdeksi viikoksi. Emme siis ole kerenneet mets\u00e4n helmaan toista kertaa, mik\u00e4 on ollut harmi n\u00e4in kauniina kes\u00e4n\u00e4.<\/p>\n","protected":false},"author":1,"featured_media":9094,"comment_status":"open","ping_status":"open","sticky":false,"template":"","format":"standard","meta":{"_jetpack_memberships_contains_paid_content":false,"footnotes":""},"categories":[17,3,1238,774],"tags":[1224,34,1256,935,1240,558],"class_list":["post-9093","post","type-post","status-publish","format-standard","has-post-thumbnail","hentry","category-arki-kanadassa","category-arki-ulkomailla","category-leirinta","category-ulkoilu","tag-alouette-lake","tag-arki","tag-golden-ears-provincial-park","tag-kanada","tag-leirinta","tag-maple-ridge"],"jetpack_featured_media_url":"https:\/\/www.vuosiamaailmalla.fi\/blog\/wp-content\/uploads\/alouette_lake_panoraama_banner.jpg","jetpack_sharing_enabled":true,"_links":{"self":[{"href":"https:\/\/www.vuosiamaailmalla.fi\/blog\/wp-json\/wp\/v2\/posts\/9093","targetHints":{"allow":["GET"]}}],"collection":[{"href":"https:\/\/www.vuosiamaailmalla.fi\/blog\/wp-json\/wp\/v2\/posts"}],"about":[{"href":"https:\/\/www.vuosiamaailmalla.fi\/blog\/wp-json\/wp\/v2\/types\/post"}],"author":[{"embeddable":true,"href":"https:\/\/www.vuosiamaailmalla.fi\/blog\/wp-json\/wp\/v2\/users\/1"}],"replies":[{"embeddable":true,"href":"https:\/\/www.vuosiamaailmalla.fi\/blog\/wp-json\/wp\/v2\/comments?post=9093"}],"version-history":[{"count":0,"href":"https:\/\/www.vuosiamaailmalla.fi\/blog\/wp-json\/wp\/v2\/posts\/9093\/revisions"}],"wp:featuredmedia":[{"embeddable":true,"href":"https:\/\/www.vuosiamaailmalla.fi\/blog\/wp-json\/wp\/v2\/media\/9094"}],"wp:attachment":[{"href":"https:\/\/www.vuosiamaailmalla.fi\/blog\/wp-json\/wp\/v2\/media?parent=9093"}],"wp:term":[{"taxonomy":"category","embeddable":true,"href":"https:\/\/www.vuosiamaailmalla.fi\/blog\/wp-json\/wp\/v2\/categories?post=9093"},{"taxonomy":"post_tag","embeddable":true,"href":"https:\/\/www.vuosiamaailmalla.fi\/blog\/wp-json\/wp\/v2\/tags?post=9093"}],"curies":[{"name":"wp","href":"https:\/\/api.w.org\/{rel}","templated":true}]}}