{"id":9174,"date":"2017-09-27T19:31:14","date_gmt":"2017-09-28T02:31:14","guid":{"rendered":"http:\/\/13.53.127.146\/?p=9174"},"modified":"2017-09-27T19:39:15","modified_gmt":"2017-09-28T02:39:15","slug":"loppu-huhuille","status":"publish","type":"post","link":"https:\/\/www.vuosiamaailmalla.fi\/blog\/2017\/loppu-huhuille\/","title":{"rendered":"Loppu huhuille"},"content":{"rendered":"<p style=\"text-align: justify;\">Moni blogini vakituinen lukija on saattanut ihmetell\u00e4 viimeisten kahden kuukauden hiljaisuutta uusien kirjoitusten osalta. Koska asiasta on vatvottu lukuisilla eri internetfoorumeilla sek\u00e4 kirjoitettu palstamillimetreitt\u00e4in erin\u00e4isiss\u00e4 lehtiartikkeleissa, haluan t\u00e4ss\u00e4 ja nyt kumota erin\u00e4isi\u00e4 liikkeell\u00e4 olleita huhuja mahdollisesta kohtalostamme!<\/p>\n<p><!--more--><\/p>\n<ol style=\"text-align: justify;\">\n<li>Kyll\u00e4, olemme molemmat hengiss\u00e4, hyviss\u00e4 voimissa sek\u00e4 t\u00e4ysin turvassa omassa rakkaassa\u00a0<a title=\"Muutto Burnabyyn\" href=\"https:\/\/www.vuosiamaailmalla.fi\/?p=8202\">kodissamme Burnabyss\u00e4<\/a>.<\/li>\n<li>Ei, Googlen harjoittama <a title=\"Vaihtoehto Googlelle\" href=\"https:\/\/www.vuosiamaailmalla.fi\/?p=7288\">internet-sensuuri<\/a> ei ole (ainakaan viel\u00e4) vaientanut kirjoittamistani.<\/li>\n<li>Ei, en ole kohdannut ylitsep\u00e4\u00e4sem\u00e4t\u00f6nt\u00e4 <a title=\"Blogin kirjoittamisen ty\u00f6skentelyprosessi\" href=\"https:\/\/www.vuosiamaailmalla.fi\/?p=7496\">kirjoittajan luomislukkoa<\/a> tai menett\u00e4nyt intoani blogin yll\u00e4pit\u00e4miseen.<\/li>\n<\/ol>\n<p style=\"text-align: justify;\">Todellinen syy v\u00e4h\u00e4iseen p\u00e4ivitysm\u00e4\u00e4r\u00e4\u00e4n onkin ihan vain arkisesti <strong>kiire<\/strong>. Meill\u00e4 k\u00e4vi elo- ja syyskuussa yhteens\u00e4 kahdet ihanat vieraat luonamme, jonka kaikesta <em>ihanuudesta<\/em> toipuminen on vienyt hetken. My\u00f6s molempien t\u00f6iss\u00e4 on ollut eritt\u00e4in kiireinen aika ja niin valitettavaa kuin se onkin, ty\u00f6 vie prioriteetin kaikilta huveilta. Buuu, ei jatkoon! \ud83d\ude41<\/p>\n<p style=\"text-align: justify;\">Eli spekulaatiot mystisest\u00e4 lento-onnettomuudesta Andeilla sek\u00e4 voitosta viime viikonlopun 60 miljoonan dollarin <a title=\"2,1 miljardin dollarin superj\u00e4ttipotti\" href=\"https:\/\/www.vuosiamaailmalla.fi\/?p=7708\"><em>Lotto Maxin<\/em>\u00a0arvonnassa<\/a> voidaan nyt unohtaa pelkkin\u00e4 valeuutisina. Lis\u00e4\u00e4 juttua el\u00e4m\u00e4st\u00e4 Vancouverista sek\u00e4 ihanista vuosista Saksassa seuraa taas syksyn pimetess\u00e4 ja <a title=\"Sateen yl\u00e4puolella\" href=\"https:\/\/www.vuosiamaailmalla.fi\/?p=8820\">sadekauden<\/a> pakottaessa meid\u00e4t takaisin nelj\u00e4n sein\u00e4n sis\u00e4\u00e4n.<\/p>\n<p style=\"text-align: justify;\">Hyv\u00e4\u00e4 syksy\u00e4 kaikille uskollisille lukijoilleni! 8)<\/p>\n","protected":false},"excerpt":{"rendered":"<p>Moni blogini vakituinen lukija on saattanut ihmetell\u00e4 viimeisten kahden kuukauden hiljaisuutta uusien kirjoitusten osalta. Koska asiasta on vatvottu lukuisilla eri internetfoorumeilla sek\u00e4 kirjoitettu palstamillimetreitt\u00e4in erin\u00e4isiss\u00e4 lehtiartikkeleissa, haluan t\u00e4ss\u00e4 ja nyt kumota erin\u00e4isi\u00e4 liikkeell\u00e4 olleita huhuja mahdollisesta kohtalostamme!<\/p>\n","protected":false},"author":1,"featured_media":0,"comment_status":"open","ping_status":"open","sticky":false,"template":"","format":"standard","meta":{"_jetpack_memberships_contains_paid_content":false,"footnotes":""},"categories":[3,226],"tags":[34],"class_list":["post-9174","post","type-post","status-publish","format-standard","hentry","category-arki-ulkomailla","category-blogista","tag-arki"],"jetpack_featured_media_url":"","jetpack_sharing_enabled":true,"_links":{"self":[{"href":"https:\/\/www.vuosiamaailmalla.fi\/blog\/wp-json\/wp\/v2\/posts\/9174","targetHints":{"allow":["GET"]}}],"collection":[{"href":"https:\/\/www.vuosiamaailmalla.fi\/blog\/wp-json\/wp\/v2\/posts"}],"about":[{"href":"https:\/\/www.vuosiamaailmalla.fi\/blog\/wp-json\/wp\/v2\/types\/post"}],"author":[{"embeddable":true,"href":"https:\/\/www.vuosiamaailmalla.fi\/blog\/wp-json\/wp\/v2\/users\/1"}],"replies":[{"embeddable":true,"href":"https:\/\/www.vuosiamaailmalla.fi\/blog\/wp-json\/wp\/v2\/comments?post=9174"}],"version-history":[{"count":0,"href":"https:\/\/www.vuosiamaailmalla.fi\/blog\/wp-json\/wp\/v2\/posts\/9174\/revisions"}],"wp:attachment":[{"href":"https:\/\/www.vuosiamaailmalla.fi\/blog\/wp-json\/wp\/v2\/media?parent=9174"}],"wp:term":[{"taxonomy":"category","embeddable":true,"href":"https:\/\/www.vuosiamaailmalla.fi\/blog\/wp-json\/wp\/v2\/categories?post=9174"},{"taxonomy":"post_tag","embeddable":true,"href":"https:\/\/www.vuosiamaailmalla.fi\/blog\/wp-json\/wp\/v2\/tags?post=9174"}],"curies":[{"name":"wp","href":"https:\/\/api.w.org\/{rel}","templated":true}]}}