{"id":9178,"date":"2017-10-01T21:50:29","date_gmt":"2017-10-02T04:50:29","guid":{"rendered":"http:\/\/13.53.127.146\/?p=9178"},"modified":"2021-07-31T17:59:04","modified_gmt":"2021-08-01T00:59:04","slug":"kesavieraat-suomesta","status":"publish","type":"post","link":"https:\/\/www.vuosiamaailmalla.fi\/blog\/2017\/kesavieraat-suomesta\/","title":{"rendered":"Kes\u00e4vieraat Suomesta"},"content":{"rendered":"<p style=\"text-align: justify;\"><a title=\"Maahanmuutto bisnesluokassa\" href=\"https:\/\/www.vuosiamaailmalla.fi\/?p=230\">Kanadaan muuton<\/a> j\u00e4lkeen olemme saaneet todeta, ettei luona ramppaa vieraita aivan samaan tahtiin kuin aikoinaan Berliiniss\u00e4. Esimerkiksi koko viime vuonna luonamme ei k\u00e4ynyt ket\u00e4\u00e4n, joten olikin virkist\u00e4v\u00e4\u00e4 vaihtelua saada hein\u00e4-elokuun taitteessa luoksemme Saksassa luonamme useaankin otteeseen vieraillut yst\u00e4v\u00e4pariskuntamme, jolle nyt tehty Kanadan matka on vasta ensimm\u00e4inen.<\/p>\n<p><!--more--><\/p>\n<p style=\"text-align: justify;\">Yst\u00e4v\u00e4mme saapuivat Vancouveriin keskiviikkoiltana ja heti seuraavana p\u00e4iv\u00e4n\u00e4 ohjelmassa oli tutustuminen keskustaan j\u00e4\u00e4tel\u00f6n merkeiss\u00e4. Tuttavamme ovat suuria ruokakierrosten yst\u00e4vi\u00e4 ja pieneksi yll\u00e4tykseksemme Vancouverista l\u00f6ytyy melkoinen m\u00e4\u00e4r\u00e4 mit\u00e4 erikoisempia kierroksia. Osallistuinkin vieraidemme kanssa j\u00e4\u00e4tel\u00f6\u00f6n keskittyneelle kierrokselle Gastownin ja sit\u00e4 sivuavan Railtownin alueella, josta l\u00f6ytyi enemm\u00e4n j\u00e4tskibaareja kuin olisin ikin\u00e4 uskonut.<\/p>\n<p style=\"text-align: center;\"><a href=\"\/blog\/wp-content\/uploads\/2017\/jaatelokierroksella.jpg\"><img decoding=\"async\" src=\"\/blog\/wp-content\/uploads\/2017\/jaatelokierroksella.jpg\" \/><\/a><\/p>\n<p style=\"text-align: center;\"><em>Herkullisella j\u00e4\u00e4tel\u00f6kierroksella<\/em><\/p>\n<p style=\"text-align: justify;\">Nimens\u00e4 mukaisesti j\u00e4\u00e4t\u00f6kierros keskittyy paikallisiin j\u00e4\u00e4tel\u00f6herkkuihin, joiden makumaailmassa riitti kirjoa. Kierroksella valistettiin osallistujia my\u00f6s itse j\u00e4\u00e4t\u00f6n pitk\u00e4st\u00e4 historiasta, sek\u00e4 kerrottiin kierroksen aikana n\u00e4hdyist\u00e4 kaupunkin\u00e4ht\u00e4vyyksist\u00e4. Kierroksesta j\u00e4ikin <em>hyv\u00e4 maku<\/em> ja sill\u00e4 oli hyv\u00e4 p\u00e4\u00e4tt\u00e4\u00e4 ensimm\u00e4inen kaupunkip\u00e4iv\u00e4.<\/p>\n<p style=\"text-align: justify;\">Perjantaina makujen maailmoja etsittiin iallasta Richmondin Stevestonin kalastajakyl\u00e4st\u00e4 suunnalta sek\u00e4 viel\u00e4 aivan iltamy\u00f6h\u00e4\u00e4n upouudella\u00a0<a title=\"Tsawwassen Mills avautui\" href=\"https:\/\/www.vuosiamaailmalla.fi\/?p=8602\"><em>Tsawwassen Millsill\u00e4<\/em><\/a> sijaitsevalta\u00a0<em>Montana&#8217;s<\/em> ravintolalta, joka hyv\u00e4ksi tunnettu jokaisen lihan yst\u00e4v\u00e4n ruokapaikka. Pitk\u00e4n kaavan mukaan hyvin sy\u00f6nein\u00e4 olikin hyv\u00e4 vet\u00e4yty\u00e4 viikonlopun viettoon.<\/p>\n<p style=\"text-align: center;\"><a href=\"\/blog\/wp-content\/uploads\/2017\/vieraat_stevestonissa2.jpg\"><img decoding=\"async\" src=\"\/blog\/wp-content\/uploads\/2017\/thumbs\/thumbs_vieraat_stevestonissa2.jpg\" \/><\/a><a href=\"\/blog\/wp-content\/uploads\/2017\/vieraat_stevestonissa1.jpg\"><img decoding=\"async\" src=\"\/blog\/wp-content\/uploads\/2017\/thumbs\/thumbs_vieraat_stevestonissa1.jpg\" \/><\/a><a href=\"\/blog\/wp-content\/uploads\/2017\/montanasin_aterialla.jpg\"><img decoding=\"async\" src=\"\/blog\/wp-content\/uploads\/2017\/thumbs\/thumbs_montanasin_aterialla.jpg\" \/><\/a><\/p>\n<p style=\"text-align: center;\"><em>Toisena iltana Stevestonissa<\/em><\/p>\n<p style=\"text-align: justify;\">Lauantaiaamu valkeni kes\u00e4isen kauniina ja niinp\u00e4 otimme suunnaksemme Whistlerin. Koska Vancouverin matka oli vieraidemme ensimm\u00e4inen, pys\u00e4hdyimme tietenkin matkalla Squamishin vesiputouksilla. Perill\u00e4 Whistleriss\u00e4 otimme vilkkaasta kyl\u00e4st\u00e4 gondolan huipulle, jossa keskikes\u00e4n maisemat olivat mielett\u00f6m\u00e4n upeat. Varsinkin aivan huipulla riitti ihasteltavaa sinisess\u00e4 taivaassa sek\u00e4 sit\u00e4 vasten loistavissa lumihuippuisissa vuorissa.<\/p>\n<p style=\"text-align: center;\"><a href=\"\/blog\/wp-content\/uploads\/2017\/pysahdys_matkalla_whistleriin2.jpg\"><img decoding=\"async\" src=\"\/blog\/wp-content\/uploads\/2017\/thumbs\/thumbs_pysahdys_matkalla_whistleriin2.jpg\" \/><\/a><a href=\"\/blog\/wp-content\/uploads\/2017\/pysahdys_matkalla_whistleriin1.jpg\"><img decoding=\"async\" src=\"\/blog\/wp-content\/uploads\/2017\/thumbs\/thumbs_pysahdys_matkalla_whistleriin1.jpg\" \/><\/a><a href=\"\/blog\/wp-content\/uploads\/2017\/vieraat_whistlerilla2.jpg\"><img decoding=\"async\" src=\"\/blog\/wp-content\/uploads\/2017\/thumbs\/thumbs_vieraat_whistlerilla2.jpg\" \/><\/a><\/p>\n<p style=\"text-align: center;\"><em>Matkalla Whistleriin<\/em><\/p>\n<p style=\"text-align: center;\"><a href=\"\/blog\/wp-content\/uploads\/2017\/tantalus_harjanne_panoraama1.jpg\"><img decoding=\"async\" src=\"\/blog\/wp-content\/uploads\/2017\/tantalus_harjanne_panoraama1_pieni.jpg\" \/><\/a><\/p>\n<p style=\"text-align: center;\"><em>Tantalus Rangen lumihuiput<\/em><\/p>\n<p style=\"text-align: justify;\">En edes tiennyt, mutta Whistlerin huipulle rakennetaan ensi kes\u00e4n\u00e4 aukeavaa uutta riippusiltaa kahden kielekkeen v\u00e4lille, jolta tulee aukeamaan huikea maisema alas laaksoon. Whistler yritt\u00e4\u00e4 paraikaa profiloitua vahvasti my\u00f6s kes\u00e4kohteeksi ja varsinkin maastopy\u00f6r\u00e4ilyst\u00e4 on kasvanut siell\u00e4 todella iso juttu. Reittej\u00e4 kulkee aivan huipulta saakka aina alas laaksoon asti, miss\u00e4 on kymmenisen kilometri\u00e4 rynkytt\u00e4v\u00e4\u00e4 alam\u00e4ke\u00e4.<\/p>\n<p style=\"text-align: center;\"><a href=\"\/blog\/wp-content\/uploads\/2017\/whistlerin_huipulla_panoraama1.jpg\"><img decoding=\"async\" src=\"\/blog\/wp-content\/uploads\/2017\/whistlerin_huipulla_panoraama1_pieni.jpg\" \/><\/a><\/p>\n<p style=\"text-align: center;\"><em>Kes\u00e4inen vuoristo<\/em><\/p>\n<p style=\"text-align: center;\"><a href=\"\/blog\/wp-content\/uploads\/2017\/vieraat_whistlerilla1.jpg\"><img decoding=\"async\" src=\"\/blog\/wp-content\/uploads\/2017\/thumbs\/thumbs_vieraat_whistlerilla1.jpg\" \/><\/a><a href=\"\/blog\/wp-content\/uploads\/2017\/vieraat_whistlerilla3.jpg\"><img decoding=\"async\" src=\"\/blog\/wp-content\/uploads\/2017\/thumbs\/thumbs_vieraat_whistlerilla3.jpg\" \/><\/a><a href=\"\/blog\/wp-content\/uploads\/2017\/vieraat_whistlerilla4.jpg\"><img decoding=\"async\" src=\"\/blog\/wp-content\/uploads\/2017\/thumbs\/thumbs_vieraat_whistlerilla4.jpg\" \/><\/a><\/p>\n<p style=\"text-align: center;\"><em>Matkalla huipulle<\/em><\/p>\n<p style=\"text-align: center;\"><a href=\"\/blog\/wp-content\/uploads\/2017\/poseeraus_whistlerin_huipulla.jpg\"><img decoding=\"async\" src=\"\/blog\/wp-content\/uploads\/2017\/poseeraus_whistlerin_huipulla.jpg\" \/><\/a><\/p>\n<p style=\"text-align: center;\"><em>Koko porukka kasassa<\/em><\/p>\n<p style=\"text-align: justify;\">P\u00e4iv\u00e4n ohjelmanumeronamme oli huikean kauniin <a title=\"High Note Trail\" href=\"https:\/\/www.vuosiamaailmalla.fi\/?p=7065\"><em>High Note Trailin<\/em><\/a>\u00a0vaelluspolun kiert\u00e4minen puoliksi. Kiersimme Niinan kanssa koko kymmenen kilometrin mittaisen reitin viimeeksi vuonna 2012 juurikin n\u00e4ihin samoihin aikoihin, jolloin alppikukat kukkivat kauneimmillaan sulamisveden muodostamien kirkkaiden purojen solistessa alas vuorenrinnett\u00e4. N\u00e4in oli my\u00f6s t\u00e4ll\u00e4 kertaa ja vehre\u00e4t niityt antoivat upeaa kontrastia valkoisille huipuille sek\u00e4 siniselle taivaalle.<\/p>\n<p style=\"text-align: center;\"><a href=\"\/blog\/wp-content\/uploads\/2017\/high_note_traililla8.jpg\"><img decoding=\"async\" src=\"\/blog\/wp-content\/uploads\/2017\/thumbs\/thumbs_high_note_traililla8.jpg\" \/><\/a><a href=\"\/blog\/wp-content\/uploads\/2017\/high_note_traililla11.jpg\"><img decoding=\"async\" src=\"\/blog\/wp-content\/uploads\/2017\/thumbs\/thumbs_high_note_traililla11.jpg\" \/><\/a><a href=\"\/blog\/wp-content\/uploads\/2017\/high_note_traililla7.jpg\"><img decoding=\"async\" src=\"\/blog\/wp-content\/uploads\/2017\/thumbs\/thumbs_high_note_traililla7.jpg\" \/><\/a><\/p>\n<p style=\"text-align: center;\"><em>Lumi ei ole viel\u00e4 huipuilta l\u00e4htenyt<\/em><\/p>\n<p style=\"text-align: center;\"><a href=\"\/blog\/wp-content\/uploads\/2017\/high_note_traililla9.jpg\"><img decoding=\"async\" src=\"\/blog\/wp-content\/uploads\/2017\/thumbs\/thumbs_high_note_traililla9.jpg\" \/><\/a><a href=\"\/blog\/wp-content\/uploads\/2017\/high_note_traililla10.jpg\"><img decoding=\"async\" src=\"\/blog\/wp-content\/uploads\/2017\/thumbs\/thumbs_high_note_traililla10.jpg\" \/><\/a><\/p>\n<p style=\"text-align: center;\"><em>Whistlerin karulla huipulla<\/em><\/p>\n<p style=\"text-align: center;\"><a href=\"\/blog\/wp-content\/uploads\/2017\/whistlerin_huipulla_panoraama2.jpg\"><img decoding=\"async\" src=\"\/blog\/wp-content\/uploads\/2017\/whistlerin_huipulla_panoraama2_pieni.jpg\" \/><\/a><\/p>\n<p style=\"text-align: center;\"><em>Uuden riippusillan maisemat ovat huikeat<\/em><\/p>\n<p style=\"text-align: center;\"><a href=\"\/blog\/wp-content\/uploads\/2017\/high_note_traililla14.jpg\"><img decoding=\"async\" src=\"\/blog\/wp-content\/uploads\/2017\/thumbs\/thumbs_high_note_traililla14.jpg\" \/><\/a><a href=\"\/blog\/wp-content\/uploads\/2017\/high_note_traililla5.jpg\"><img decoding=\"async\" src=\"\/blog\/wp-content\/uploads\/2017\/thumbs\/thumbs_high_note_traililla5.jpg\" \/><\/a><a href=\"\/blog\/wp-content\/uploads\/2017\/high_note_traililla6.jpg\"><img decoding=\"async\" src=\"\/blog\/wp-content\/uploads\/2017\/thumbs\/thumbs_high_note_traililla6.jpg\" \/><\/a><\/p>\n<p style=\"text-align: center;\"><em>Upealla High Note Traililla<\/em><\/p>\n<p style=\"text-align: center;\"><a href=\"\/blog\/wp-content\/uploads\/2017\/high_note_traililla1.jpg\"><img decoding=\"async\" src=\"\/blog\/wp-content\/uploads\/2017\/high_note_traililla1.jpg\" \/><\/a><\/p>\n<p style=\"text-align: center;\"><em>Kes\u00e4inen polku on kontrasteja t\u00e4ynn\u00e4<\/em><\/p>\n<p style=\"text-align: justify;\">Maisemat polun varrelta olivat henke\u00e4salpaavat ja varsinkin ympyr\u00e4reitin puoliv\u00e4liss\u00e4 alapuolella n\u00e4kyv\u00e4 Cheakamus Lake on turkoosin v\u00e4risen\u00e4 tavattoman kaunis n\u00e4ky. Meill\u00e4 oli hieman onnea jo pitk\u00e4\u00e4n suunnitellun vaelluksemme kanssa, sill\u00e4 viime talven <a title=\"La Ni\u00f1a talven lopputulos\" href=\"https:\/\/www.vuosiamaailmalla.fi\/?p=9062\">runsaan lumentulon<\/a> vuoksi vaelluspolku oli avautunut vasta viikkoa aiemmin &#8211; siis aivan hein\u00e4kuun viimeisin\u00e4 p\u00e4ivin\u00e4! Lunta oli reitill\u00e4 edelleenkin runsain mitoin, mik\u00e4 teki etenemisest\u00e4 ajoittain varovaista liukastelua.<\/p>\n<p style=\"text-align: center;\"><a href=\"\/blog\/wp-content\/uploads\/2017\/high_note_traililla12.jpg\"><img decoding=\"async\" src=\"\/blog\/wp-content\/uploads\/2017\/thumbs\/thumbs_high_note_traililla12.jpg\" \/><\/a><a href=\"\/blog\/wp-content\/uploads\/2017\/high_note_traililla4.jpg\"><img decoding=\"async\" src=\"\/blog\/wp-content\/uploads\/2017\/thumbs\/thumbs_high_note_traililla4.jpg\" \/><\/a><a href=\"\/blog\/wp-content\/uploads\/2017\/high_note_traililla13.jpg\"><img decoding=\"async\" src=\"\/blog\/wp-content\/uploads\/2017\/thumbs\/thumbs_high_note_traililla13.jpg\" \/><\/a><\/p>\n<p style=\"text-align: center;\"><em>Lunta enn\u00e4tystalven j\u00e4ljelt\u00e4<\/em><\/p>\n<p style=\"text-align: center;\"><a href=\"\/blog\/wp-content\/uploads\/2017\/high_note_traililla3.jpg\"><img decoding=\"async\" src=\"\/blog\/wp-content\/uploads\/2017\/thumbs\/thumbs_high_note_traililla3.jpg\" \/><\/a><a href=\"\/blog\/wp-content\/uploads\/2017\/high_note_traililla15.jpg\"><img decoding=\"async\" src=\"\/blog\/wp-content\/uploads\/2017\/thumbs\/thumbs_high_note_traililla15.jpg\" \/><\/a><a href=\"\/blog\/wp-content\/uploads\/2017\/high_note_traililla2.jpg\"><img decoding=\"async\" src=\"\/blog\/wp-content\/uploads\/2017\/thumbs\/thumbs_high_note_traililla2.jpg\" \/><\/a><\/p>\n<p style=\"text-align: center;\"><em>Kuvausta harjakkeelta<\/em><\/p>\n<p style=\"text-align: center;\"><a href=\"\/blog\/wp-content\/uploads\/2017\/whistlerin_huipulla_panoraama3.jpg\"><img decoding=\"async\" src=\"\/blog\/wp-content\/uploads\/2017\/whistlerin_huipulla_panoraama3_pieni.jpg\" \/><\/a><\/p>\n<p style=\"text-align: center;\"><em>Kes\u00e4inen Symphony Bowl<\/em><\/p>\n<p style=\"text-align: justify;\">Loppumatkasta reitti kulki viel\u00e4\u00a0<a title=\"Whistlerin j\u00e4ttim\u00e4iset lumisein\u00e4m\u00e4t\" href=\"https:\/\/www.vuosiamaailmalla.fi\/?p=8246\">Whistlerin legendaaristen lumisein\u00e4mien<\/a> kautta, joilla oli edelleen korkeutta 5-6 metri\u00e4. Vaikka se onkin vain puolet viime kes\u00e4n\u00e4 n\u00e4kem\u00e4st\u00e4mme, on se silti melkoinen m\u00e4\u00e4r\u00e4 kun ajatellaan kes\u00e4n olevan jo n\u00e4inkin pitk\u00e4ll\u00e4. Onkin syyt\u00e4 olettaa, ettei lumimassa ehdi t\u00e4n\u00e4 vuonna edes sulaa kokonaan ennen kuin talvi alkaa j\u00e4lleen kerrytt\u00e4m\u00e4\u00e4n uusia kinoksia.<\/p>\n<p style=\"text-align: center;\"><a href=\"\/blog\/wp-content\/uploads\/2017\/lumikaytavien_jamat.jpg\"><img decoding=\"async\" src=\"\/blog\/wp-content\/uploads\/2017\/lumikaytavien_jamat.jpg\" \/><\/a><\/p>\n<p style=\"text-align: center;\"><em>Viel\u00e4kin mittavat lumisein\u00e4m\u00e4t<\/em><\/p>\n<p style=\"text-align: justify;\">Aktiivisen lauantain j\u00e4lkeen vuorossa oli seuraavana aamuna v\u00e4hint\u00e4\u00e4nkin yht\u00e4 aktiivinen sunnuntai Vancouverissa. Ensikertalaisten kohdalla aivan pakollinen juttu on tietenkin py\u00f6r\u00e4ill\u00e4 maailmankuulun Vancouverin <em>Seawallin<\/em> ymp\u00e4ri, mink\u00e4 varrella n\u00e4hd\u00e4\u00e4n Stanley Park sek\u00e4 False Creekin poukama. P\u00e4iv\u00e4n keli oli lauantain tapaan aivan t\u00e4ydellinen ja Seawallilla riittikin siksi kuhinaa. Rutikuivat ruohikot vierustivat reitti\u00e4 ymp\u00e4ri Stanley Parkin it\u00e4isen niemen vastarannallaan uljaana kohoava Downtownin siluetti.<\/p>\n<p style=\"text-align: center;\"><a href=\"\/blog\/wp-content\/uploads\/2017\/stanley_parkin_pyoraily4.jpg\"><img decoding=\"async\" src=\"\/blog\/wp-content\/uploads\/2017\/thumbs\/thumbs_stanley_parkin_pyoraily4.jpg\" \/><\/a><a href=\"\/blog\/wp-content\/uploads\/2017\/stanley_parkin_pyoraily1.jpg\"><img decoding=\"async\" src=\"\/blog\/wp-content\/uploads\/2017\/thumbs\/thumbs_stanley_parkin_pyoraily1.jpg\" \/><\/a><a href=\"\/blog\/wp-content\/uploads\/2017\/stanley_parkin_pyoraily3.jpg\"><img decoding=\"async\" src=\"\/blog\/wp-content\/uploads\/2017\/thumbs\/thumbs_stanley_parkin_pyoraily3.jpg\" \/><\/a><\/p>\n<p style=\"text-align: center;\"><em>Sunnuntaiaamun kaupunkimaisemia sek\u00e4 kulkijoita<\/em><\/p>\n<p style=\"text-align: center;\"><a href=\"\/blog\/wp-content\/uploads\/2017\/stanley_parkin_pyoraily5.jpg\"><img decoding=\"async\" src=\"\/blog\/wp-content\/uploads\/2017\/thumbs\/thumbs_stanley_parkin_pyoraily5.jpg\" \/><\/a><a href=\"\/blog\/wp-content\/uploads\/2017\/stanley_parkin_pyoraily6.jpg\"><img decoding=\"async\" src=\"\/blog\/wp-content\/uploads\/2017\/thumbs\/thumbs_stanley_parkin_pyoraily6.jpg\" \/><\/a><\/p>\n<p style=\"text-align: center;\"><em>Downtown vastarannalla<\/em><\/p>\n<p style=\"text-align: center;\"><a href=\"\/blog\/wp-content\/uploads\/2017\/vancouver_seawallilta_panoraama1.jpg\"><img decoding=\"async\" src=\"\/blog\/wp-content\/uploads\/2017\/vancouver_seawallilta_panoraama1_pieni.jpg\" \/><\/a><\/p>\n<p style=\"text-align: center;\"><em>Suurkaupungin panoraama<\/em><\/p>\n<p style=\"text-align: justify;\"><em>Lions Gate Bridgen<\/em> toisella puolella maisema vaihtuu nopeasti ja n\u00e4kym\u00e4 avautuu merelle. Yll\u00e4tykseksemme Third Beachin hiekkarannalla oli viel\u00e4 aamup\u00e4iv\u00e4st\u00e4 runsaasti tilaa, mik\u00e4 ei varmastikaan p\u00e4de iltap\u00e4iv\u00e4st\u00e4, jolloin vancouverilaiset yleens\u00e4 saapuvat rannalle nauttimaan kes\u00e4isest\u00e4 p\u00e4iv\u00e4st\u00e4. English Bayn alueella ranta-alue oli puolestaan tarkkaan rajattu vuosittaisen <a title=\"Valon juhlaa\" href=\"https:\/\/www.vuosiamaailmalla.fi\/?p=3075\"><em>Celebration of Lightin<\/em><\/a> vuoksi, jota k\u00e4vimme my\u00f6s katsomassa seuraavalla viikolla.<\/p>\n<p style=\"text-align: center;\"><a href=\"\/blog\/wp-content\/uploads\/2017\/stanley_parkin_pyoraily2.jpg\"><img decoding=\"async\" src=\"\/blog\/wp-content\/uploads\/2017\/stanley_parkin_pyoraily2.jpg\" \/><\/a><\/p>\n<p style=\"text-align: center;\"><em>Lions Gate Bridge l\u00e4hestyy<\/em><\/p>\n<p style=\"text-align: center;\"><a href=\"\/blog\/wp-content\/uploads\/2017\/stanley_parkin_pyoraily8.jpg\"><img decoding=\"async\" src=\"\/blog\/wp-content\/uploads\/2017\/thumbs\/thumbs_stanley_parkin_pyoraily8.jpg\" \/><\/a><a href=\"\/blog\/wp-content\/uploads\/2017\/stanley_parkin_pyoraily7.jpg\"><img decoding=\"async\" src=\"\/blog\/wp-content\/uploads\/2017\/thumbs\/thumbs_stanley_parkin_pyoraily7.jpg\" \/><\/a><a href=\"\/blog\/wp-content\/uploads\/2017\/ilotulituslautta.jpg\"><img decoding=\"async\" src=\"\/blog\/wp-content\/uploads\/2017\/thumbs\/thumbs_ilotulituslautta.jpg\" \/><\/a><\/p>\n<p style=\"text-align: center;\"><em>Merellisi\u00e4 maisemia<\/em><\/p>\n<p style=\"text-align: justify;\">False Creekin etel\u00e4puolelta aukenee j\u00e4lleen uudenlainen maisema, kun n\u00e4kym\u00e4 antaa poukaman ylitse kaupungin puolelle. Siell\u00e4 tornitalot sek\u00e4 pilvenpiirt\u00e4j\u00e4t kimaltelivat auringonpaisteessa, samalla kun ihmiset viett\u00e4v\u00e4t viikonloppuaan poukamassa laiturissa olevilla huvijahdeillaan.<\/p>\n<p style=\"text-align: center;\"><a href=\"\/blog\/wp-content\/uploads\/2017\/false_creekin_pyoraily2.jpg\"><img decoding=\"async\" src=\"\/blog\/wp-content\/uploads\/2017\/thumbs\/thumbs_false_creekin_pyoraily2.jpg\" \/><\/a><a href=\"\/blog\/wp-content\/uploads\/2017\/false_creekin_pyoraily8.jpg\"><img decoding=\"async\" src=\"\/blog\/wp-content\/uploads\/2017\/thumbs\/thumbs_false_creekin_pyoraily8.jpg\" \/><\/a><a href=\"\/blog\/wp-content\/uploads\/2017\/false_creekin_pyoraily6.jpg\"><img decoding=\"async\" src=\"\/blog\/wp-content\/uploads\/2017\/thumbs\/thumbs_false_creekin_pyoraily6.jpg\" \/><\/a><br \/>\n<a href=\"\/blog\/wp-content\/uploads\/2017\/false_creekin_pyoraily1.jpg\"><img decoding=\"async\" src=\"\/blog\/wp-content\/uploads\/2017\/thumbs\/thumbs_false_creekin_pyoraily1.jpg\" \/><\/a><a href=\"\/blog\/wp-content\/uploads\/2017\/false_creekin_pyoraily7.jpg\"><img decoding=\"async\" src=\"\/blog\/wp-content\/uploads\/2017\/thumbs\/thumbs_false_creekin_pyoraily7.jpg\" \/><\/a><a href=\"\/blog\/wp-content\/uploads\/2017\/false_creekin_pyoraily9.jpg\"><img decoding=\"async\" src=\"\/blog\/wp-content\/uploads\/2017\/thumbs\/thumbs_false_creekin_pyoraily9.jpg\" \/><\/a><\/p>\n<p style=\"text-align: center;\"><em>False Creekin urbaani kaupunkimaisema<\/em><\/p>\n<p style=\"text-align: center;\"><a href=\"\/blog\/wp-content\/uploads\/2017\/false_creekin_pyoraily3.jpg\"><img decoding=\"async\" src=\"\/blog\/wp-content\/uploads\/2017\/thumbs\/thumbs_false_creekin_pyoraily3.jpg\" \/><\/a><a href=\"\/blog\/wp-content\/uploads\/2017\/false_creekin_pyoraily5.jpg\"><img decoding=\"async\" src=\"\/blog\/wp-content\/uploads\/2017\/thumbs\/thumbs_false_creekin_pyoraily5.jpg\" \/><\/a><a href=\"\/blog\/wp-content\/uploads\/2017\/false_creekin_pyoraily4.jpg\"><img decoding=\"async\" src=\"\/blog\/wp-content\/uploads\/2017\/thumbs\/thumbs_false_creekin_pyoraily4.jpg\" \/><\/a><\/p>\n<p style=\"text-align: center;\"><em>Loppupy\u00f6r\u00e4ilyn maisemat<\/em><\/p>\n<p style=\"text-align: justify;\">Jatkoimme matkaamme aina Granville Islandin kupeeseen saakka, jossa s\u00f6imme lounaan. Siit\u00e4 jatkoimme viel\u00e4 Kitsilano Beachin luokse, miss\u00e4 hiekkaranta oli t\u00e4yttym\u00e4ss\u00e4 kovaa vauhtia ja tunnelma mukavan kes\u00e4inen. Nautiskelimmekin hetken <a title=\"Spanish Banksin kuumat hiekkarannat\" href=\"https:\/\/www.vuosiamaailmalla.fi\/blog\/2021\/spanish-banksin-kuumat-hiekkarannat\/\">kes\u00e4isest\u00e4 biitsimeiningist\u00e4<\/a> ennen paluuta keskustaan fillareita palauttamaan.<\/p>\n<p style=\"text-align: center;\"><a href=\"\/blog\/wp-content\/uploads\/2017\/stanley_parkin_pyoraily9.jpg\"><img decoding=\"async\" src=\"\/blog\/wp-content\/uploads\/2017\/thumbs\/thumbs_stanley_parkin_pyoraily9.jpg\" \/><\/a><a href=\"\/blog\/wp-content\/uploads\/2017\/stanley_parkin_pyoraily10.jpg\"><img decoding=\"async\" src=\"\/blog\/wp-content\/uploads\/2017\/thumbs\/thumbs_stanley_parkin_pyoraily10.jpg\" \/><\/a><\/p>\n<p style=\"text-align: center;\"><em>Kitsilano Beachilla oli kes\u00e4inen meno<\/em><\/p>\n<p style=\"text-align: justify;\">Olemme Niinan kanssa tehneet t\u00e4m\u00e4n py\u00f6r\u00e4lenkin varmaankin parikymment\u00e4 kertaa, mutta aina se vain silti s\u00e4v\u00e4ytt\u00e4\u00e4 upeudellaan. Ehdottomasti Vancouverin parhaimpia asioita, mist\u00e4 my\u00f6s vieraamme olivat t\u00e4ysin samaa mielt\u00e4!<\/p>\n<p style=\"text-align: justify;\">Viikonloppua seuranneella viikolla vieraamme jatkoivat kesken\u00e4\u00e4n kaupunkiin tutustumista eri ruokakierrosten sek\u00e4 n\u00e4ht\u00e4vyyksien merkeiss\u00e4. K\u00e4vimme my\u00f6s porukassa yhdell\u00e4 <a title=\"Onnistuneita pakenemisia pakohuoneista\" href=\"https:\/\/www.vuosiamaailmalla.fi\/?p=8632\">pakohuoneella<\/a> sek\u00e4 katsomassa improvisaatioteatteria. Illalla pelailimme my\u00f6s yhdess\u00e4 kotosalla niin <a title=\"Virtuaalinen tulevaisuus saapui\" href=\"https:\/\/www.vuosiamaailmalla.fi\/?p=9055\">virtuaalipelej\u00e4<\/a>\u00a0kuin my\u00f6s perinteisempi\u00e4 lautapelej\u00e4, kuten ikiklassikko <em>Carcassonnea<\/em>.<\/p>\n<p style=\"text-align: center;\"><a href=\"\/blog\/wp-content\/uploads\/2017\/virtuaalipelaamassa.jpg\"><img decoding=\"async\" src=\"\/blog\/wp-content\/uploads\/2017\/thumbs\/thumbs_virtuaalipelaamassa.jpg\" \/><\/a><a href=\"\/blog\/wp-content\/uploads\/2017\/carcassonnea_pelaamassa2.jpg\"><img decoding=\"async\" src=\"\/blog\/wp-content\/uploads\/2017\/thumbs\/thumbs_carcassonnea_pelaamassa2.jpg\" \/><\/a><a href=\"\/blog\/wp-content\/uploads\/2017\/carcassonnea_pelaamassa1.jpg\"><img decoding=\"async\" src=\"\/blog\/wp-content\/uploads\/2017\/thumbs\/thumbs_carcassonnea_pelaamassa1.jpg\" \/><\/a><\/p>\n<p style=\"text-align: center;\"><em>Virtuaalisia ja perinteisi\u00e4 pelej\u00e4<\/em><\/p>\n<p style=\"text-align: justify;\">Keskiviikkona k\u00e4vin my\u00f6s vieraidemme kanssa katsomassa Celebration of Lightin ilotulitusta, t\u00e4ll\u00e4 kertaa Kitsilanon puolelta. Poikkeuksellisesti ilotulitus tuli nyt my\u00f6s <em>katsottua<\/em>, sill\u00e4 en ottanut mukaani kameraa ollenkaan, joten ilotulituksesta ei tullut nautittua vain kameran linssin l\u00e4vitse. Ilta-aikaan kuvailimme my\u00f6s asuntomme parvekkeelta taivaalla ammottavaa Kuuta, josta saimmekin oheisen melko n\u00e4ytt\u00e4v\u00e4n otoksen.<\/p>\n<p style=\"text-align: center;\"><a href=\"\/blog\/wp-content\/uploads\/2017\/ilotulistusta.jpg\"><img decoding=\"async\" src=\"\/blog\/wp-content\/uploads\/2017\/thumbs\/thumbs_ilotulistusta.jpg\" \/><\/a><a href=\"\/blog\/wp-content\/uploads\/2017\/puolikuu.jpg\"><img decoding=\"async\" src=\"\/blog\/wp-content\/uploads\/2017\/thumbs\/thumbs_puolikuu.jpg\" \/><\/a><\/p>\n<p style=\"text-align: center;\"><em>Ilotulitus sek\u00e4 kirkas kuutamo<\/em><\/p>\n<p style=\"text-align: justify;\">Harmillisesti viikon aikana hentoisena puhaltanut kes\u00e4tuuli muutti loppuviikosta suuntaansa ja Vancouver peittyi loppuvierailun ajaksi keskimaan mets\u00e4palojen synnytt\u00e4m\u00e4n <a title=\"Mets\u00e4palosavun saartamana\" href=\"https:\/\/www.vuosiamaailmalla.fi\/?p=9083\">paksun savupilven sekaan<\/a>. T\u00e4m\u00e4 oli todella harmillista, sill\u00e4 l\u00e4hdimme toiseksi viikonlopuksi pitk\u00e4n kes\u00e4viikonlopun viettoon Hopen l\u00e4hist\u00f6lle. Siell\u00e4 ajatuksissamme oli tutkia Hopea ymp\u00e4r\u00f6ivi\u00e4 vuoristoalueita, kuten <em>Manning Provincial Parkia<\/em>, mutta harmaan savun peitt\u00e4ess\u00e4 kaiken, j\u00e4i maisemien katselu hieman v\u00e4h\u00e4isemm\u00e4lle.<\/p>\n<p style=\"text-align: justify;\">Olimme vuokranneet viikonlopuksi mukavan m\u00f6kin Sunshine Valleyn pienest\u00e4 taajamasta Hopesta noin 13 kilometri\u00e4 it\u00e4\u00e4n. Emme edes Niinan kanssa tienneet millainen pieni ja tiivis m\u00f6kkiyhteis\u00f6 verhoutuikaan muuten melkein asumattomalta vaikuttavan laakson reunamalla sijaitsevan tihe\u00e4 mets\u00e4n joukkoon. M\u00f6kki toimi meille loistavana tukikohtana tutkia viikonlopun aikana sen ymp\u00e4rysseutua.<\/p>\n<p style=\"text-align: center;\"><a href=\"\/blog\/wp-content\/uploads\/2017\/sunshine_villagen_mokkeja5.jpg\"><img decoding=\"async\" src=\"\/blog\/wp-content\/uploads\/2017\/thumbs\/thumbs_sunshine_villagen_mokkeja5.jpg\" \/><\/a><a href=\"\/blog\/wp-content\/uploads\/2017\/sunshine_villagen_mokkeja4.jpg\"><img decoding=\"async\" src=\"\/blog\/wp-content\/uploads\/2017\/thumbs\/thumbs_sunshine_villagen_mokkeja4.jpg\" \/><\/a><a href=\"\/blog\/wp-content\/uploads\/2017\/sunshine_villagen_mokkeja2.jpg\"><img decoding=\"async\" src=\"\/blog\/wp-content\/uploads\/2017\/thumbs\/thumbs_sunshine_villagen_mokkeja2.jpg\" \/><\/a><br \/>\n<a href=\"\/blog\/wp-content\/uploads\/2017\/sunshine_villagen_mokkeja1.jpg\"><img decoding=\"async\" src=\"\/blog\/wp-content\/uploads\/2017\/thumbs\/thumbs_sunshine_villagen_mokkeja1.jpg\" \/><\/a><a href=\"\/blog\/wp-content\/uploads\/2017\/sunshine_villagen_mokkeja3.jpg\"><img decoding=\"async\" src=\"\/blog\/wp-content\/uploads\/2017\/thumbs\/thumbs_sunshine_villagen_mokkeja3.jpg\" \/><\/a><\/p>\n<p style=\"text-align: center;\"><em>Mets\u00e4n siimeksess\u00e4 sijaitseva Sunshine Village<\/em><\/p>\n<p style=\"text-align: center;\"><a href=\"\/blog\/wp-content\/uploads\/2017\/grillausta_sunshine_villagessa1.jpg\"><img decoding=\"async\" src=\"\/blog\/wp-content\/uploads\/2017\/thumbs\/thumbs_grillausta_sunshine_villagessa1.jpg\" \/><\/a><a href=\"\/blog\/wp-content\/uploads\/2017\/grillausta_sunshine_villagessa2.jpg\"><img decoding=\"async\" src=\"\/blog\/wp-content\/uploads\/2017\/thumbs\/thumbs_grillausta_sunshine_villagessa2.jpg\" \/><\/a><\/p>\n<p style=\"text-align: center;\"><em>M\u00f6kkeilyyn kuuluu tietenkin grilliruoka<\/em><\/p>\n<p style=\"text-align: justify;\">Lauantaina ensimm\u00e4inen kohteemme oli aivan Hopen liepeill\u00e4 sijaitseva <a title=\"Othello Tunnels\" href=\"https:\/\/www.vuosiamaailmalla.fi\/?p=3170\"><em>Othello Tunnels<\/em><\/a>, jonka nelj\u00e4 tunnelia sek\u00e4 <em>Ramboon<\/em> liittyv\u00e4 historia ovat mielenkiintoisia. My\u00f6s kanjoniin rakennetun entisen junaradan pelkk\u00e4 maasto on niin uskomaton, ett\u00e4 kuvattavaa riitt\u00e4\u00e4.<\/p>\n<p style=\"text-align: center;\"><a href=\"\/blog\/wp-content\/uploads\/2017\/hopen_tunneleilla4.jpg\"><img decoding=\"async\" src=\"\/blog\/wp-content\/uploads\/2017\/thumbs\/thumbs_hopen_tunneleilla4.jpg\" \/><\/a><a href=\"\/blog\/wp-content\/uploads\/2017\/hopen_tunneleilla2.jpg\"><img decoding=\"async\" src=\"\/blog\/wp-content\/uploads\/2017\/thumbs\/thumbs_hopen_tunneleilla2.jpg\" \/><\/a><a href=\"\/blog\/wp-content\/uploads\/2017\/hopen_tunneleilla3.jpg\"><img decoding=\"async\" src=\"\/blog\/wp-content\/uploads\/2017\/thumbs\/thumbs_hopen_tunneleilla3.jpg\" \/><\/a><\/p>\n<p style=\"text-align: center;\"><em>Rambon jalanj\u00e4ljill\u00e4<\/em><\/p>\n<p style=\"text-align: center;\"><a href=\"\/blog\/wp-content\/uploads\/2017\/hopen_tunneleilla1.jpg\"><img decoding=\"async\" src=\"\/blog\/wp-content\/uploads\/2017\/hopen_tunneleilla1.jpg\" \/><\/a><\/p>\n<p style=\"text-align: center;\"><em>Othellon tunneleilla<\/em><\/p>\n<p style=\"text-align: justify;\">Tunneleilla savuinen ilma ei niin haitannut menoa, mutta <em>Hell&#8217;s Gaten<\/em>\u00a0kapeikolla meill\u00e4 oli melkoisen harmaa p\u00e4iv\u00e4 tutkia t\u00e4t\u00e4 muuten eritt\u00e4in n\u00e4ytt\u00e4v\u00e4\u00e4 luonnonmuodostelmaa. S\u00e4\u00e4lle ei kuitenkaan voinut mit\u00e4\u00e4n ja onneksi savu ei ollut helteest\u00e4k\u00e4\u00e4n huolimatta tukala hengitt\u00e4\u00e4. Kukaan ei silti vastustellut, kun p\u00e4\u00e4timme helvetin porttien j\u00e4lkeen paeta kuumuutta uimaan Hopen etel\u00e4puolella sijaitsevalle Ross Lakelle.<\/p>\n<p style=\"text-align: center;\"><a href=\"\/blog\/wp-content\/uploads\/2017\/savuinen_hells_gate2.jpg\"><img decoding=\"async\" src=\"\/blog\/wp-content\/uploads\/2017\/thumbs\/thumbs_savuinen_hells_gate2.jpg\" \/><\/a><a href=\"\/blog\/wp-content\/uploads\/2017\/savuinen_hells_gate1.jpg\"><img decoding=\"async\" src=\"\/blog\/wp-content\/uploads\/2017\/thumbs\/thumbs_savuinen_hells_gate1.jpg\" \/><\/a><\/p>\n<p style=\"text-align: center;\"><em>Hell&#8217;s Gaten savuinen p\u00e4tsi<\/em><\/p>\n<p style=\"text-align: justify;\">Emme ole Niinan kanssa vierailleet Ross Lakella aiemmin ja pitkulaiselle vuoristoj\u00e4rvelle onkin sangen pitk\u00e4 matka. Hopen luota sinne on noin 60 kilometri\u00e4 ja matkasta per\u00e4ti 50 kilometri\u00e4 on kuoppaista hiekkatiet\u00e4 &#8211; siis pelk\u00e4st\u00e4\u00e4n yhteen suuntaan. Sit\u00e4 k\u00f6r\u00f6telless\u00e4 kuluukin tovi, mutta pitk\u00e4n ja p\u00f6lyisen ajomatkan j\u00e4lkeen saavuimme lopulta perille. Perill\u00e4 meille kuitenkin selvisi, ettei Ross Laken uimaranta olekaan kuin viitteellinen. Paikalla oli kyll\u00e4 kymmeni\u00e4 ihmisi\u00e4 uimassa, mutta uiminen tekoj\u00e4rvess\u00e4 j\u00e4i huonon rannan vuoksi vain pulahdukseksi.<\/p>\n<p style=\"text-align: center;\"><a href=\"\/blog\/wp-content\/uploads\/2017\/ross_lake1.jpg\"><img decoding=\"async\" src=\"\/blog\/wp-content\/uploads\/2017\/thumbs\/thumbs_ross_lake1.jpg\" \/><\/a><a href=\"\/blog\/wp-content\/uploads\/2017\/ross_lake2.jpg\"><img decoding=\"async\" src=\"\/blog\/wp-content\/uploads\/2017\/thumbs\/thumbs_ross_lake2.jpg\" \/><\/a><a href=\"\/blog\/wp-content\/uploads\/2017\/savuinen_jarvi.jpg\"><img decoding=\"async\" src=\"\/blog\/wp-content\/uploads\/2017\/thumbs\/thumbs_savuinen_jarvi.jpg\" \/><\/a><\/p>\n<p style=\"text-align: center;\"><em>Savuisella Ross Lakella <\/em><\/p>\n<p style=\"text-align: justify;\">Ross Lake on tosiaan tekoj\u00e4rvi, joka on etel\u00e4p\u00e4\u00e4st\u00e4\u00e4n padottu. Olemme Niinan kanssa n\u00e4hneet etel\u00e4p\u00e4\u00e4n Kaskaadivuorten ymp\u00e4riajollamme ja j\u00e4rvi sijaitseekin melkein kokonaan Yhdysvaltojen puolella. T\u00e4h\u00e4n liittyy\u00a0 my\u00f6s kiintoisa yksityiskohta, sill\u00e4 j\u00e4rven pohjoisp\u00e4\u00e4ss\u00e4 on Amerikan puolella leirint\u00e4alue, jolle p\u00e4\u00e4see autolla vain Kanadan puolelta. Rajan ylitt\u00e4v\u00e4 hiekkatie on ollut olemassa vuosikymmeni\u00e4 ja Ross Laken luona rajaa ei valvota nyky\u00e4\u00e4nk\u00e4\u00e4n mitenk\u00e4\u00e4n, joten se on ehk\u00e4 ainoita paikkoja koko tuhansia kilometrej\u00e4 pitk\u00e4ll\u00e4 rajalla, jossa on mahdollista ajaa Amerikan puolelle ilman passia tai rajatarkastuksia. Teknisesti katsottuna passi olisi kuitenkin syyt\u00e4 olla mukana, mutta ep\u00e4ilen kell\u00e4\u00e4n leirint\u00e4alueella y\u00f6pyneell\u00e4 kanadalaisella olleen mukanaan henkil\u00f6papereita.<\/p>\n<p style=\"text-align: center;\"><a href=\"\/blog\/wp-content\/uploads\/2017\/ross_lake3.jpg\"><img decoding=\"async\" src=\"\/blog\/wp-content\/uploads\/2017\/ross_lake3.jpg\" \/><\/a><\/p>\n<p style=\"text-align: center;\"><em>Vartioimattomalla rajalla<\/em><\/p>\n<p style=\"text-align: justify;\">Seuraavana p\u00e4iv\u00e4n\u00e4 ohjelmassamme oli suunnata varsinaiselle Manning Provincial Parkin alueelle ja vaeltaa kahden kilometrin korkeudella kulkeva hieno polku. Paksun savun keskell\u00e4 ei ymp\u00e4r\u00f6ivi\u00e4 maisemia kuitenkaan juuri n\u00e4hnyt, mutta teimme kuumasta kelist\u00e4 huolimatta 15 kilometrin mittaisen vaelluksen Three Brothers Mountainin l\u00e4hist\u00f6lle, jolta aukeni jonkinlainen maisema syv\u00e4\u00e4n laaksoon. Seuraaville huipuille olisi ollut viel\u00e4 muutama kilometri\u00e4 lis\u00e4\u00e4, mihin emme en\u00e4\u00e4 kyenneet paarmojen piiritetty\u00e4 meit\u00e4 jo jonkin aikaa ja mets\u00e4palosavun pilatessa maisemat joka tapauksessa.<\/p>\n<p style=\"text-align: center;\"><a href=\"\/blog\/wp-content\/uploads\/2017\/manning_parkin_polulla4.jpg\"><img decoding=\"async\" src=\"\/blog\/wp-content\/uploads\/2017\/thumbs\/thumbs_manning_parkin_polulla4.jpg\" \/><\/a><a href=\"\/blog\/wp-content\/uploads\/2017\/manning_parkin_polulla6.jpg\"><img decoding=\"async\" src=\"\/blog\/wp-content\/uploads\/2017\/thumbs\/thumbs_manning_parkin_polulla6.jpg\" \/><\/a><a href=\"\/blog\/wp-content\/uploads\/2017\/manning_parkin_polulla5.jpg\"><img decoding=\"async\" src=\"\/blog\/wp-content\/uploads\/2017\/thumbs\/thumbs_manning_parkin_polulla5.jpg\" \/><\/a><br \/>\n<a href=\"\/blog\/wp-content\/uploads\/2017\/manning_parkin_polulla1.jpg\"><img decoding=\"async\" src=\"\/blog\/wp-content\/uploads\/2017\/thumbs\/thumbs_manning_parkin_polulla1.jpg\" \/><\/a><a href=\"\/blog\/wp-content\/uploads\/2017\/manning_parkin_polulla3.jpg\"><img decoding=\"async\" src=\"\/blog\/wp-content\/uploads\/2017\/thumbs\/thumbs_manning_parkin_polulla3.jpg\" \/><\/a><a href=\"\/blog\/wp-content\/uploads\/2017\/manning_parkin_polulla2.jpg\"><img decoding=\"async\" src=\"\/blog\/wp-content\/uploads\/2017\/thumbs\/thumbs_manning_parkin_polulla2.jpg\" \/><\/a><\/p>\n<p style=\"text-align: center;\"><em>Polku korkeuksissa oli l\u00e4mmin kokemus<\/em><\/p>\n<p style=\"text-align: justify;\">Palkitsimme kuitenkin ahkeran ulkoilumme uinnilla Lightning Lakessa, jonka viile\u00e4 vesi teki hyv\u00e4\u00e4 v\u00e4syneille jaloille. Vesi oli kylm\u00e4\u00e4 my\u00f6s seuraavana p\u00e4iv\u00e4n\u00e4 Chilliwack Lakella, joka on aina kombinaatio j\u00e4\u00e4kylm\u00e4\u00e4 vett\u00e4 sek\u00e4 tulikuumaa hiekkaa. Kylmyydess\u00e4 voiton vei kuitenkin Ross Laken tien varrella sijaitseva pienehk\u00f6 Silver Lake, jonne laskevan kirkkaan joen vesi oli aivan <em>j\u00e4rkytt\u00e4v\u00e4n<\/em> j\u00e4\u00e4t\u00e4v\u00e4\u00e4. Porukan urheimmat uskalsivat pulahtaa kylm\u00e4\u00e4n j\u00e4rveen, mutta itselleni riitti pelkk\u00e4 kahluu matalan joen ylitse. Veden kylmyyteen kun ei auttanut edes <a title=\"Kaikkien aikojen enn\u00e4tyshelle\" href=\"https:\/\/www.vuosiamaailmalla.fi\/blog\/2021\/kaikkien-aikojen-ennatyshelle\/\">kolmessakympiss\u00e4 huiteleva helle<\/a>.<\/p>\n<p style=\"text-align: center;\"><a href=\"\/blog\/wp-content\/uploads\/2017\/lightning_lake.jpg\"><img decoding=\"async\" src=\"\/blog\/wp-content\/uploads\/2017\/lightning_lake.jpg\" \/><\/a><\/p>\n<p style=\"text-align: center;\"><em>Virkist\u00e4v\u00e4 Lighting Lake<\/em><\/p>\n<p style=\"text-align: center;\"><a href=\"\/blog\/wp-content\/uploads\/2017\/lake_chilliwack2.jpg\"><img decoding=\"async\" src=\"\/blog\/wp-content\/uploads\/2017\/thumbs\/thumbs_lake_chilliwack2.jpg\" \/><\/a><a href=\"\/blog\/wp-content\/uploads\/2017\/lake_chilliwack1.jpg\"><img decoding=\"async\" src=\"\/blog\/wp-content\/uploads\/2017\/thumbs\/thumbs_lake_chilliwack1.jpg\" \/><\/a><\/p>\n<p style=\"text-align: center;\"><em>Chilliwack Lake on aina kylm\u00e4<\/em><\/p>\n<p style=\"text-align: justify;\">Maanantain paluumatkalla kaupunkiin pys\u00e4hdyimme viel\u00e4 Hopessa ottamassa kuvat <em>Jamie Davisin<\/em> hinaamolla. Erikoishinaukseen erikoistunut yritys on tuttu <em>Discovery Channelin<\/em> tosi-televisiosarjasta\u00a0<a title=\"Valtatie halki helvetin\" href=\"https:\/\/www.vuosiamaailmalla.fi\/?p=2735\"><em>Highway Thru Hell<\/em><\/a>, jota kuvataan Hopen ymp\u00e4rist\u00f6ss\u00e4 ja erityisesti keskimaahan johtavalla <em>Coquihalla Highwaylla<\/em>, joka on\u00a0<a title=\"Jumissa Coquihalla Highwaylla\" href=\"https:\/\/www.vuosiamaailmalla.fi\/?p=8940\">talviaikaan viheli\u00e4inen ajaa<\/a>. Hinaamon pihalla seisoi nyttenkin useita romuttuneita kuorma-autoja, jotka ovat saattaneet p\u00e4\u00e4ty\u00e4 my\u00f6s itse televisiosarjaan.<\/p>\n<p style=\"text-align: center;\"><a href=\"\/blog\/wp-content\/uploads\/2017\/jamie_davis1.jpg\"><img decoding=\"async\" src=\"\/blog\/wp-content\/uploads\/2017\/thumbs\/thumbs_jamie_davis1.jpg\" \/><\/a><a href=\"\/blog\/wp-content\/uploads\/2017\/jamie_davis2.jpg\"><img decoding=\"async\" src=\"\/blog\/wp-content\/uploads\/2017\/thumbs\/thumbs_jamie_davis2.jpg\" \/><\/a><a href=\"\/blog\/wp-content\/uploads\/2017\/jamie_davis3.jpg\"><img decoding=\"async\" src=\"\/blog\/wp-content\/uploads\/2017\/thumbs\/thumbs_jamie_davis3.jpg\" \/><\/a><\/p>\n<p style=\"text-align: center;\"><em>Talven murjomia rekkoja <\/em><\/p>\n<p style=\"text-align: justify;\">Kaksi viikkoamme vieraidemme kanssa olivatkin eritt\u00e4in mukavaa aikaa ja onneksemme saimme nauttia vierailun alussa kauniista kelist\u00e4 ennen kuin savu valtasi Vancouverin melkein kahden viikon ajaksi. Sek\u00e4\u00e4n ei kuitenkaan t\u00e4ysin pilannut pitk\u00e4\u00e4 viikonloppuamme vuoristossa ja jos jotain, teki se ainakin kokemuksesta ainutlaatuisen. Omalla tapaa vuoret n\u00e4yttiv\u00e4t savun seassa my\u00f6s kauniilta, mutta vuoristossa normaalisti vallitseva raikas vuoristoilma j\u00e4i t\u00e4ll\u00e4 kertaa vain haaveeksi.<\/p>\n<p style=\"text-align: justify;\">Kes\u00e4n ensimm\u00e4isten vieraiden per\u00e4\u00e4n saimme luoksemme viel\u00e4 toiset vieraat vain muutamaa viikkoa my\u00f6hemmin syyskuun alussa, mist\u00e4 tulee olemaan mukava kirjoittaa <a title=\"Syysvieraiden kanssa aurinkorannikolla\" href=\"https:\/\/www.vuosiamaailmalla.fi\/blog\/2017\/syysvieraiden-kanssa-aurinkorannikolla\/\">tulevassa p\u00e4ivityksess\u00e4<\/a>.<\/p>\n","protected":false},"excerpt":{"rendered":"<p>Kanadaan muuton j\u00e4lkeen olemme saaneet todeta, ettei luona ramppaa vieraita aivan samaan tahtiin kuin aikoinaan Berliiniss\u00e4. Esimerkiksi koko viime vuonna luonamme ei k\u00e4ynyt ket\u00e4\u00e4n, joten olikin virkist\u00e4v\u00e4\u00e4 vaihtelua saada hein\u00e4-elokuun taitteessa luoksemme Saksassa luonamme useaankin otteeseen vieraillut yst\u00e4v\u00e4pariskuntamme, jolle nyt tehty Kanadan matka on vasta ensimm\u00e4inen.<\/p>\n","protected":false},"author":1,"featured_media":9181,"comment_status":"open","ping_status":"open","sticky":false,"template":"","format":"standard","meta":{"_jetpack_memberships_contains_paid_content":false,"footnotes":""},"categories":[17,3,776,774,15],"tags":[595,108,577,930,770,935,1182,771,224,189,782,1258,197,939,1259,940,725,218,11],"class_list":["post-9178","post","type-post","status-publish","format-standard","has-post-thumbnail","hentry","category-arki-kanadassa","category-arki-ulkomailla","category-pyoraily","category-ulkoilu","category-vaeltaminen","tag-chilliwack-lake","tag-false-creek","tag-hells-gate","tag-high-note-trail","tag-hope","tag-kanada","tag-manning-provincial-park","tag-othello-tunnels","tag-raja","tag-richmond","tag-richmond-steveston","tag-ross-lake","tag-stanley-park","tag-vancouver","tag-vancouver-seawall","tag-vancouver-downtown","tag-vierailu","tag-whistler","tag-matkakertomukset-yhdysvallat"],"jetpack_featured_media_url":"https:\/\/www.vuosiamaailmalla.fi\/blog\/wp-content\/uploads\/poseeraus_whistlerin_huipulla_banner.jpg","jetpack_sharing_enabled":true,"_links":{"self":[{"href":"https:\/\/www.vuosiamaailmalla.fi\/blog\/wp-json\/wp\/v2\/posts\/9178","targetHints":{"allow":["GET"]}}],"collection":[{"href":"https:\/\/www.vuosiamaailmalla.fi\/blog\/wp-json\/wp\/v2\/posts"}],"about":[{"href":"https:\/\/www.vuosiamaailmalla.fi\/blog\/wp-json\/wp\/v2\/types\/post"}],"author":[{"embeddable":true,"href":"https:\/\/www.vuosiamaailmalla.fi\/blog\/wp-json\/wp\/v2\/users\/1"}],"replies":[{"embeddable":true,"href":"https:\/\/www.vuosiamaailmalla.fi\/blog\/wp-json\/wp\/v2\/comments?post=9178"}],"version-history":[{"count":5,"href":"https:\/\/www.vuosiamaailmalla.fi\/blog\/wp-json\/wp\/v2\/posts\/9178\/revisions"}],"predecessor-version":[{"id":12380,"href":"https:\/\/www.vuosiamaailmalla.fi\/blog\/wp-json\/wp\/v2\/posts\/9178\/revisions\/12380"}],"wp:featuredmedia":[{"embeddable":true,"href":"https:\/\/www.vuosiamaailmalla.fi\/blog\/wp-json\/wp\/v2\/media\/9181"}],"wp:attachment":[{"href":"https:\/\/www.vuosiamaailmalla.fi\/blog\/wp-json\/wp\/v2\/media?parent=9178"}],"wp:term":[{"taxonomy":"category","embeddable":true,"href":"https:\/\/www.vuosiamaailmalla.fi\/blog\/wp-json\/wp\/v2\/categories?post=9178"},{"taxonomy":"post_tag","embeddable":true,"href":"https:\/\/www.vuosiamaailmalla.fi\/blog\/wp-json\/wp\/v2\/tags?post=9178"}],"curies":[{"name":"wp","href":"https:\/\/api.w.org\/{rel}","templated":true}]}}