{"id":9204,"date":"2017-10-10T10:25:36","date_gmt":"2017-10-10T17:25:36","guid":{"rendered":"http:\/\/13.53.127.146\/?p=9204"},"modified":"2024-08-18T14:34:44","modified_gmt":"2024-08-18T21:34:44","slug":"kanadan-tyollisyystilanne-2017","status":"publish","type":"post","link":"https:\/\/www.vuosiamaailmalla.fi\/blog\/2017\/kanadan-tyollisyystilanne-2017\/","title":{"rendered":"Kanadan ty\u00f6llisyystilanne (2017)"},"content":{"rendered":"<p style=\"text-align: justify;\">Olen kirjoitellut Kanadan ty\u00f6llisyystilanteesta aina noin vuoden v\u00e4lein ja viimeisten parin vuoden aikana uutiset ovat olleet l\u00e4hes <a title=\"Tulikuumana hohkaava talous\" href=\"https:\/\/www.vuosiamaailmalla.fi\/?p=8332\">poikkeuksetta positiivisia<\/a>. Talous kasvaa ja <a title=\"Kanada laski v\u00e4est\u00f6ns\u00e4\" href=\"https:\/\/www.vuosiamaailmalla.fi\/?p=9038\">voimakkaasti lis\u00e4\u00e4ntyv\u00e4st\u00e4<\/a> v\u00e4est\u00f6st\u00e4 huolimatta ty\u00f6tt\u00f6myys on\u00a0 jatkanut jo pitk\u00e4\u00e4n sangen voimakasta laskuaan yh\u00e4 alhaisempiin lukemiin.<\/p>\n<p><!--more--><\/p>\n<p style=\"text-align: justify;\"><em>\ud83d\udca1 Lue viimeisin kirjoitus Kanadan ty\u00f6llisyystilanteesta <a href=\"https:\/\/www.vuosiamaailmalla.fi\/blog\/tag\/tyottomyys\/\">t\u00e4\u00e4ll\u00e4<\/a>.<\/em><\/p>\n<p style=\"text-align: justify;\">T\u00e4m\u00e4 on hyv\u00e4 uutinen <a title=\"Ty\u00f6tt\u00f6myysturva Kanadassa\" href=\"https:\/\/www.vuosiamaailmalla.fi\/?p=8192\">ty\u00f6tt\u00f6mille kanadalaisille<\/a> varsinkin, kun positiivista kehityst\u00e4 on tapahtunut t\u00e4n\u00e4 vuonna kaikkialla maassa. Oma kotiprovinssimme British Columbia jatkaa edelleen listan k\u00e4rjess\u00e4 alhaisella 4,9% ty\u00f6tt\u00f6myysasteella, jossa on laskua viime vuoteen verrattuna 0,7%. K\u00e4yt\u00f6nn\u00f6ss\u00e4 British Columbiassa aletaan l\u00e4hesty\u00e4 t\u00e4ysty\u00f6llisyytt\u00e4, jos trendi jatkuu samanlaisena.<\/p>\n<p style=\"text-align: center;\"><a href=\"\/blog\/wp-content\/uploads\/2017\/lougheed_heights2.jpg\"><img decoding=\"async\" src=\"\/blog\/wp-content\/uploads\/2017\/lougheed_heights2.jpg\" \/><\/a><\/p>\n<p style=\"text-align: center;\"><em>Rakentaminen jatkuu kiivaana<\/em><\/p>\n<p style=\"text-align: justify;\">Aiempaa paremmin menee my\u00f6s naapuriprovissin Albertassa, jossa ty\u00f6tt\u00f6myys on laskenut vuodessa 0,8% lukemaan 7,9%. Se on kuitenkin viel\u00e4 yli kansallisen keskiarvon, joka oli syyskuussa 6,2%. Albertan talous jatkaakin todenn\u00e4k\u00f6isesti hidasta kohentumistaan aina siihen saakka, ett\u00e4 \u00f6ljyn ja energian nyt jo pitk\u00e4\u00e4n <a title=\"Huoli laskevasta \u00f6ljyn hinnasta\" href=\"https:\/\/www.vuosiamaailmalla.fi\/?p=3970\">alhaisena pysytellyt hinta<\/a> l\u00e4htee j\u00e4lleen nousuun.<\/p>\n<p style=\"text-align: justify;\">Erityisen positiivista kehityst\u00e4 on viime kuukausina n\u00e4hty Kanadan suurimmassa provinssissa Ontariossa, jossa ty\u00f6tt\u00f6myys on laskenut vuodessa melkein prosenttiyksik\u00f6n, asettuen syyskuussa 5,6% lukemaan. Provinssi lis\u00e4si pelk\u00e4st\u00e4\u00e4n viime kuussa 35 000 ty\u00f6paikkaa, mist\u00e4 iso osa t\u00e4ysiaikaisia paikkoja. Sama n\u00e4htiin my\u00f6s koko maan tasolla, jossa 102 000 osa-aikaista ty\u00f6paikkaa muuttui viime kuussa 112 000 kokoaikaiseksi paikaksi. Kehitys oli samansuuntaista sek\u00e4 yksityisell\u00e4 ett\u00e4 julkisella alalla ja sit\u00e4 vetiv\u00e4t erityisesti kaupan ala sek\u00e4 koulutus lukukausien alettua. Suunta on positiivinen ja se tarkoittaa ett\u00e4 lukemien takana on aiempaa parempien ty\u00f6paikkoja.<\/p>\n<p style=\"text-align: center;\"><a href=\"\/blog\/wp-content\/uploads\/2017\/kanadan_tyottomyys2017.png\"><img decoding=\"async\" src=\"\/blog\/wp-content\/uploads\/2017\/kanadan_tyottomyys2017.png\" \/><\/a><\/p>\n<p style=\"text-align: justify;\">Erinomaisen ty\u00f6llisyystilanteen huomaa my\u00f6s omalla teknologia-alallamme, jossa palkkauksesta on tullut jo hankalaa, hyvien ty\u00f6ntekij\u00f6iden saadessa useita tarjouksia. Hyv\u00e4n\u00e4 puolena my\u00f6s palkat jatkavat tasaista nousuaan, joskin ep\u00e4suhta <a title=\"Karannut kanadalainen unelma\" href=\"https:\/\/www.vuosiamaailmalla.fi\/?p=7518\">asumisen kalleuden<\/a> kanssa on erityisesti t\u00e4\u00e4ll\u00e4 Vancouverissa edelleen eritt\u00e4in voimakas.<\/p>\n<p style=\"text-align: justify;\">T\u00e4ss\u00e4 viel\u00e4 jokaisen provinssin tuoreet ty\u00f6tt\u00f6myyslukemat sek\u00e4 suluissa vuoden takainen tilanne.<\/p>\n<p><span style=\"color: #ff0000;\">\u2014 Newfoundland 15.1% (13,8)<\/span><br \/>\n<span style=\"color: #008000;\">\u2014 Prince Edward Island 9.5% (10,7)<\/span><br \/>\n<span style=\"color: #ff0000;\">\u2014 Nova Scotia 9.0% (8.3)<\/span><br \/>\n<span style=\"color: #008000;\">\u2014 New Brunswick 7.8% (9.2)<\/span><br \/>\n<span style=\"color: #008000;\">\u2014 Quebec 6.0% (6.9)<\/span><br \/>\n<span style=\"color: #008000;\">\u2014 Ontario 5.6% (6.5)<\/span><br \/>\n<span style=\"color: #008000;\">\u2014 Manitoba 5.5% (6.4)<\/span><br \/>\n<span style=\"color: #008000;\">\u2014 Saskatchewan 6.2% (6.9)<\/span><br \/>\n<span style=\"color: #008000;\">\u2014 Alberta 7.9% (8.7)<\/span><br \/>\n<span style=\"color: #008000;\">\u2014 British Columbia 4.9% (5.6)<\/span><\/p>\n","protected":false},"excerpt":{"rendered":"<p>Olen kirjoitellut Kanadan ty\u00f6llisyystilanteesta aina noin vuoden v\u00e4lein ja viimeisten parin vuoden aikana uutiset ovat olleet l\u00e4hes poikkeuksetta positiivisia. Talous kasvaa ja voimakkaasti lis\u00e4\u00e4ntyv\u00e4st\u00e4 v\u00e4est\u00f6st\u00e4 huolimatta ty\u00f6tt\u00f6myys on\u00a0 jatkanut jo pitk\u00e4\u00e4n sangen voimakasta laskuaan yh\u00e4 alhaisempiin lukemiin.<\/p>\n","protected":false},"author":1,"featured_media":9207,"comment_status":"open","ping_status":"open","sticky":false,"template":"","format":"standard","meta":{"_jetpack_memberships_contains_paid_content":false,"footnotes":""},"categories":[17,3,13],"tags":[25,935,491,207,965],"class_list":["post-9204","post","type-post","status-publish","format-standard","has-post-thumbnail","hentry","category-arki-kanadassa","category-arki-ulkomailla","category-tyoskentely-kanadassa","tag-ajankohtaista","tag-kanada","tag-talous","tag-tyo","tag-tyottomyys"],"jetpack_featured_media_url":"https:\/\/www.vuosiamaailmalla.fi\/blog\/wp-content\/uploads\/kanadan_tyottomyys2017_banner.jpg","jetpack_sharing_enabled":true,"_links":{"self":[{"href":"https:\/\/www.vuosiamaailmalla.fi\/blog\/wp-json\/wp\/v2\/posts\/9204","targetHints":{"allow":["GET"]}}],"collection":[{"href":"https:\/\/www.vuosiamaailmalla.fi\/blog\/wp-json\/wp\/v2\/posts"}],"about":[{"href":"https:\/\/www.vuosiamaailmalla.fi\/blog\/wp-json\/wp\/v2\/types\/post"}],"author":[{"embeddable":true,"href":"https:\/\/www.vuosiamaailmalla.fi\/blog\/wp-json\/wp\/v2\/users\/1"}],"replies":[{"embeddable":true,"href":"https:\/\/www.vuosiamaailmalla.fi\/blog\/wp-json\/wp\/v2\/comments?post=9204"}],"version-history":[{"count":3,"href":"https:\/\/www.vuosiamaailmalla.fi\/blog\/wp-json\/wp\/v2\/posts\/9204\/revisions"}],"predecessor-version":[{"id":13741,"href":"https:\/\/www.vuosiamaailmalla.fi\/blog\/wp-json\/wp\/v2\/posts\/9204\/revisions\/13741"}],"wp:featuredmedia":[{"embeddable":true,"href":"https:\/\/www.vuosiamaailmalla.fi\/blog\/wp-json\/wp\/v2\/media\/9207"}],"wp:attachment":[{"href":"https:\/\/www.vuosiamaailmalla.fi\/blog\/wp-json\/wp\/v2\/media?parent=9204"}],"wp:term":[{"taxonomy":"category","embeddable":true,"href":"https:\/\/www.vuosiamaailmalla.fi\/blog\/wp-json\/wp\/v2\/categories?post=9204"},{"taxonomy":"post_tag","embeddable":true,"href":"https:\/\/www.vuosiamaailmalla.fi\/blog\/wp-json\/wp\/v2\/tags?post=9204"}],"curies":[{"name":"wp","href":"https:\/\/api.w.org\/{rel}","templated":true}]}}