{"id":9215,"date":"2017-10-13T14:03:53","date_gmt":"2017-10-13T21:03:53","guid":{"rendered":"http:\/\/13.53.127.146\/?p=9215"},"modified":"2025-03-17T23:28:28","modified_gmt":"2025-03-18T06:28:28","slug":"kriisi-kanadan-rajoilla","status":"publish","type":"post","link":"https:\/\/www.vuosiamaailmalla.fi\/blog\/2017\/kriisi-kanadan-rajoilla\/","title":{"rendered":"Kriisi Kanadan rajoilla"},"content":{"rendered":"<p style=\"text-align: justify;\">Kanada on onnekas maa ja\u00a0<a title=\"Itsen\u00e4isyysp\u00e4iv\u00e4 Canada Day\" href=\"https:\/\/www.vuosiamaailmalla.fi\/?p=8277\">150 vuoden ajan<\/a>\u00a0maassa on saatu nauttia yhdest\u00e4 kenties maailman vakaimmasta maantieteellisest\u00e4 sijainnista. Etel\u00e4ss\u00e4 Yhdysvallat on ollut vakaa kumppani, joka on tilkinnyt tehokkaasti Kanadaan suuntautuvaa salakuljetusta sek\u00e4 laitonta maahanmuuttoa k\u00f6yh\u00e4st\u00e4 Etel\u00e4- ja Keski-Amerikasta. Kaikista muista suunnista ainut keino saapua maahan on ollut <a title=\"Maahanmuutto bisnesluokassa\" href=\"https:\/\/www.vuosiamaailmalla.fi\/?p=230\">valvotusti lentokoneella<\/a>, sill\u00e4 Kanadaan ei oikein pysty saapumaan veneell\u00e4. 8891 kilometrin mittainen Kanadan ja Yhdysvaltojen v\u00e4linen maaraja onkin ollut maailman kevyimmin valvottu rajaviiva ilman mink\u00e4\u00e4nlaista raja-aitaa.<\/p>\n<p><!--more--><\/p>\n<p style=\"text-align: justify;\">Maiden v\u00e4linen rajayhteisty\u00f6 onkin toiminut hyvin toistasataa vuotta ja ainoat rajan laittomasti ylitt\u00e4neet ovat olleet <a title=\"T\u00e4ydellisen ep\u00e4onnistunut huumepolitiikka\" href=\"https:\/\/www.vuosiamaailmalla.fi\/blog\/2024\/taydellisen-epaonnistunut-huumepolitiikka\/\">huumeiden salakuljettajia<\/a> tai satunnaisia kulkijoita. Kaikki on kuitenkin muuttunut voimakkaasti t\u00e4n\u00e4 vuonna, mist\u00e4 on kiitt\u00e4minen Kanadan <a title=\"Justin Trudeaun valtakauden p\u00e4\u00e4t\u00f6s\" href=\"https:\/\/www.vuosiamaailmalla.fi\/blog\/2025\/justin-trudeaun-valtakauden-paatos\/\">p\u00e4\u00e4ministeri Justin Trudeauta<\/a>.<\/p>\n<p style=\"text-align: center;\"><a href=\"\/blog\/wp-content\/uploads\/2016\/point_robertsin_rajalla2.jpg\"><img decoding=\"async\" src=\"\/blog\/wp-content\/uploads\/2016\/thumbs\/thumbs_point_robertsin_rajalla2.jpg\" \/><\/a><a href=\"\/blog\/wp-content\/uploads\/2016\/point_robertsin_rajalla1.jpg\"><img decoding=\"async\" src=\"\/blog\/wp-content\/uploads\/2016\/thumbs\/thumbs_point_robertsin_rajalla1.jpg\" \/><\/a><a href=\"\/blog\/wp-content\/uploads\/2016\/point_robertsin_rajalla3.jpg\"><img decoding=\"async\" src=\"\/blog\/wp-content\/uploads\/2016\/thumbs\/thumbs_point_robertsin_rajalla3.jpg\" \/><\/a><\/p>\n<p style=\"text-align: center;\"><em>Maailman pisin vartioimaton valtionraja<\/em><\/p>\n<p style=\"text-align: justify;\">Trudeau on Kanadan liberaalipuolueen johtaja, joka nousi valtaan <a title=\"Kanada \u00e4\u00e4nesti muutoksen puolesta\" href=\"https:\/\/www.vuosiamaailmalla.fi\/?p=7290\">vuoden 2015 parlamenttivaaleissa<\/a>\u00a0voimakkaan vallassa olleen konservatiivipuolueen vastaisen <a title=\"Eilisen vaalituloksen taustalla\" href=\"https:\/\/www.vuosiamaailmalla.fi\/?p=7308\">protesti\u00e4\u00e4nest\u00e4misen johdosta<\/a>. Valtaan p\u00e4\u00e4sty\u00e4\u00e4n Trudeau on keskittynyt erityisesti pehmeisiin teemoihin ja profiloitunut voimakkaasti maailmoja halaavana ep\u00e4aitoa moraalista paremmuuttaan (eng. <em>virtue signaling<\/em>) osoittavana p\u00e4\u00e4ministerin\u00e4, jonka johtavia asiateemoja ovat olleet sukupuolineutraalius, suvaitsevaisuus, monikulttuurisuus sek\u00e4 kaikenlainen kivapuhe. Paljon pienemp\u00e4\u00e4 johtajuutta Trudeau sek\u00e4 t\u00e4m\u00e4n sukupuolitasapainoinen hallitus ovat osoittaneet kovissa aiheissa, kuten ulkopolitiikka ja kauppasopimukset, joissa Kanadalla on menett\u00e4nyt merkityst\u00e4\u00e4n maailman estradilla.<\/p>\n<p style=\"text-align: justify;\"><a title=\"Kanadan Fidel Castro\" href=\"https:\/\/www.vuosiamaailmalla.fi\/blog\/2024\/kanadan-fidel-castro\/\">Trudeaun<\/a> oikea Merkel-hetki oli kuitenkin t\u00e4m\u00e4n 28. tammikuuta l\u00e4hett\u00e4m\u00e4 twiitti, joka sai nopeasti l\u00e4hes 800 000 tykk\u00e4yst\u00e4, leviten kulovalkean tavoin ymp\u00e4ri maailman. Twiitin henki oli lyhyk\u00e4isyydess\u00e4\u00e4n, ett\u00e4 Kanada ottaa vastaan kenet tahansa.<\/p>\n<p style=\"text-align: center;\"><a href=\"\/blog\/wp-content\/uploads\/2016\/twiitti_historiankirjoihin.jpg\"><img decoding=\"async\" src=\"\/blog\/wp-content\/uploads\/2016\/twiitti_historiankirjoihin.jpg\" \/><\/a><\/p>\n<p style=\"text-align: center;\"><em>Twiitti historiankirjoihin<\/em><\/p>\n<p style=\"text-align: justify;\">Historiankirjoihin j\u00e4\u00e4v\u00e4 twiitti oli Trudeaun yritys osoittaa moraalista paremmuuttaan Yhdysvaltojen <a title=\"Kanada sulattelee USA:n vaalitulosta\" href=\"https:\/\/www.vuosiamaailmalla.fi\/?p=8606\">tuoreeseen presidentti<\/a> Donald Trumpiin verrattuna, jonka kanssa Trudeaulla on ollut vaalien j\u00e4lkeen suuria vaikeuksia ty\u00f6skennell\u00e4 ja jonka suorasta puheesta Trudeau on useaan otteeseen pahoittanut mielens\u00e4.<\/p>\n<p style=\"text-align: justify;\">Trudeaun lyhyt mutta selke\u00e4 viesti sai kuitenkin aikaan hy\u00f6kyaallon, joka pyyhkii edelleen yli it\u00e4isen Kanadan. Vuoden alusta saakka maan etel\u00e4rajan on ylitt\u00e4nyt laittomasti jo yli 20 000 ihmist\u00e4, joista suurin osa New Yorkin ja Quebecin v\u00e4lisell\u00e4 raja-alueella. Alueelle on muodostunut p\u00e4ivitt\u00e4inen sirkusn\u00e4ytelm\u00e4, jossa taksilla rajalle saapuvat laittomat joukkiot ylitt\u00e4v\u00e4t rajan pieni\u00e4 mets\u00e4teit\u00e4 pitkin.<\/p>\n<p style=\"text-align: justify;\">Syy rajan ylitykseen mets\u00e4teit\u00e4 pitkin ei johdu siit\u00e4, ett\u00e4 ylitys tapahtuisi salassa. P\u00e4invastoin, laittomat ylityspaikat ovat t\u00e4ysin rajaviranomaisten tiedossa ja niille on perustettu vastaanottokeskuksia tunkeutujien prosessoimiseksi. Todellinen syy mets\u00e4teiden k\u00e4ytt\u00f6\u00f6n on naurettava sopimustekninen kikkailu, sill\u00e4 virallisilla rajanylityspaikoilla tulkitaan Kanadan ja Yhdysvaltojen v\u00e4list\u00e4 &#8221;turvallisen kolmannen maan&#8221; sopimusta. Sen mukaan kumpikin maa pit\u00e4\u00e4 toistaan turvallisena, eik\u00e4 siten prosessoi toisen kautta tulleita <a title=\"Kanada esitteli pakolaissuunnitelmansa\" href=\"https:\/\/www.vuosiamaailmalla.fi\/?p=7469\">turvapaikanhakijoita<\/a>.<\/p>\n<p style=\"text-align: justify;\">Pieni lausemuotoilu sopimuksessa mahdollistaa kuitenkin ihmisten ylitt\u00e4\u00e4 raja laillisen sijaan <em>laittomasti<\/em> ja hakea sen turvissa turvapaikkaa, mit\u00e4 jokainen tulija my\u00f6s v\u00e4litt\u00e4m\u00e4sti Kanadan puolella hakee.<\/p>\n<p style=\"text-align: center;\"><a href=\"\/blog\/wp-content\/uploads\/2012\/peace_arch1.jpg\"><img decoding=\"async\" src=\"\/blog\/wp-content\/uploads\/2012\/peace_arch1.jpg\" \/><\/a><\/p>\n<p style=\"text-align: center;\"><em>Laillisilla rajanylityspaikoilla noudatetaan lakia<\/em><\/p>\n<p style=\"text-align: justify;\">Laittomat tulijat perustelevat turvapaikkahakemuksiaan pelolla karkotuksesta Yhdysvalloista, joka on viimeisen vuoden aikana ryhdist\u00e4ytynyt laittomasti maassa olevien t\u00e4ysin laillisissa karkotuksissa. Yksi suurimmista tunkeutujaryhmist\u00e4 ovat olleet Yhdysvalloissa asuvat haitilaiset, joita otettiin maahan yli 100 000 vuoden 2010 Haitin maanj\u00e4ristyksen j\u00e4ljiss\u00e4. Yhdysvallat my\u00f6nsi haitilaisille tuolloin <em>tilap\u00e4isen<\/em> 18 kuukauden oleskeluluvan, joita on sittemmin jatkettu useaan kertaan, koska Haitin on katsottu edelleen toipuvan j\u00e4ristyksest\u00e4 &#8211; viel\u00e4 7 vuotta j\u00e4ristyksen j\u00e4lkeen.<\/p>\n<p style=\"text-align: justify;\">Haitilaisten oleskelun Yhdysvalloissa piti siis olla tilap\u00e4ist\u00e4, mink\u00e4 j\u00e4lkeen n\u00e4m\u00e4 palaisivat rakentamaan kotimaataan. N\u00e4in ei ole kuitenkaan k\u00e4ynyt, sill\u00e4 palaamishalu k\u00f6yhiin olosuhteisiin on ollut eritt\u00e4in v\u00e4h\u00e4ist\u00e4. Tilanne on kuitenkin muuttunut Yhdysvaltojen uuden hallituksen my\u00f6t\u00e4, joka on antanut signaaleja siit\u00e4, ettei jatkuva m\u00e4\u00e4r\u00e4ajan lykk\u00e4\u00e4minen onnistuisi en\u00e4\u00e4 t\u00e4m\u00e4n vuoden j\u00e4lkeen. T\u00e4st\u00e4 s\u00e4ik\u00e4ht\u00e4neen\u00e4 haitilaiset ovatkin nyt turvautuneet Kanadaan viimeisen\u00e4 oljenkortenaan v\u00e4ltt\u00e4\u00e4 sopimuksen mukainen palautus turvalliseen, joskin k\u00f6yh\u00e4\u00e4n, kotimaahansa. \ud83d\udca1<\/p>\n<p style=\"text-align: center;\"><iframe loading=\"lazy\" src=\"https:\/\/www.youtube-nocookie.com\/embed\/CArjX-gzi5o?rel=0\" width=\"560\" height=\"315\" frameborder=\"0\" allowfullscreen=\"allowfullscreen\"><\/iframe><\/p>\n<p style=\"text-align: center;\"><em>Rajoilla on k\u00e4ynniss\u00e4 todellinen sirkus<\/em><\/p>\n<p style=\"text-align: justify;\">Tilanteella ei t\u00e4ten ole mit\u00e4\u00e4n tekemist\u00e4 <em>turvan<\/em> hakemisen kanssa, vaan kyseess\u00e4 on puhtaasti paremmasta elintasosta <a title=\"Ty\u00f6tt\u00f6myysturva Kanadassa\" href=\"https:\/\/www.vuosiamaailmalla.fi\/?p=8192\">l\u00e4nsimaisen sosiaaliturvan turvaamana<\/a>. Siksi maalaisj\u00e4rjell\u00e4 ajateltuna kaikki haitilaisten tekem\u00e4t turvapaikkahakemukset tulisikin lain mukaan hyl\u00e4t\u00e4 ja palauttaa hakijat sopimuksen mukaisesti Yhdysvaltoihin, joka onkin luvannut ottaa laittomat hakijat takaisin, aivan kuten sopimuksessa on sovittu.<\/p>\n<p style=\"text-align: justify;\">Kukaan ei viel\u00e4 tied\u00e4, tullaanko n\u00e4in my\u00f6s menettelem\u00e4\u00e4n, siit\u00e4kin huolimatta ett\u00e4 t\u00e4h\u00e4n menness\u00e4 yli puolet k\u00e4sitellyist\u00e4 turvapaikkahakemuksista on hyl\u00e4tty maahanmuuttoviranomaisten toimesta. Onkin hyvin mahdollista, ettei laittomien karkotuksiin ryhdyt\u00e4 &#8221;humanit\u00e4\u00e4risist\u00e4 syist\u00e4&#8221;, sill\u00e4 silloin joillekin laittomasti maahan tunkeutuneille voisi tulla paha mieli.<\/p>\n<p style=\"text-align: justify;\">Kaikki tilanteeseen liittyv\u00e4 sotii niin tavallisen kansalaisen j\u00e4rke\u00e4 kuin lain kirjaintakin vastaan, ja muistuttaa eritt\u00e4in suuresti Euroopan valtavaa pakolaiskriisi\u00e4. Valitettavasti my\u00f6s Kanadassa\u00a0<a title=\"Viihdeuutisia ja valheellisia lehtikirjoituksia\" href=\"https:\/\/www.vuosiamaailmalla.fi\/?p=5348\">paikallinen media<\/a> on esitt\u00e4nyt tapahtumia eurooppalaiseen s\u00e4vyyn ja rajan yli laittomasti tunkevat kuvataan usein &#8221;henkens\u00e4 uhalla&#8221; pakenevina ep\u00e4toivoisina ihmisparkoina, joilla ei ole en\u00e4\u00e4 mit\u00e4\u00e4n muuta vaihtoehtoa el\u00e4m\u00e4ss\u00e4. Kev\u00e4ttalvella lehdet my\u00f6s kauhistelivat miten rajaa ylitettiin jopa &#8221;hengenvaarallisissa olosuhteissa&#8221; l\u00e4mp\u00f6tilan ollessa muutaman asteen pakkasella ja matkaa l\u00e4mpim\u00e4n taksin sek\u00e4 rajaviranomaisten pakettiauton v\u00e4lill\u00e4 ajoittain jopa kymmeni\u00e4 metrej\u00e4!<\/p>\n<p style=\"text-align: center;\"><a href=\"\/blog\/wp-content\/uploads\/2016\/point_robertsin_rajalla4.jpg\"><img decoding=\"async\" src=\"\/blog\/wp-content\/uploads\/2016\/point_robertsin_rajalla4.jpg\" \/><\/a><\/p>\n<p style=\"text-align: center;\"><em>Rajapyykki mets\u00e4ss\u00e4 ei laittomia pid\u00e4ttele<\/em><\/p>\n<p style=\"text-align: justify;\">Koko aihe on siis t\u00e4ysi sirkus, jolla on kuitenkin valitettavasti toimettomuuden osoittamana poliittinen hyv\u00e4ksynt\u00e4 ja j\u00e4\u00e4kin vain n\u00e4ht\u00e4v\u00e4ksi miten asia tulee kehittym\u00e4\u00e4n. Valitettavasti kaikki muu paitsi lain kirjaimen mukaan toimiminen vaikuttaa todenn\u00e4k\u00f6iselt\u00e4 ja jos laki alkaa uhata poliittisia tarkoitusperi\u00e4, se voidaan aina muuttaa. T\u00e4t\u00e4 ovatkin jo vaatineet jotkin vasemmistopoliitikot, jotka tahtovat repi\u00e4 Yhdysvaltojen kanssa olevan sopimuksen &#8221;ep\u00e4humaanina&#8221;. Kukaan ei vain tied\u00e4 mihin se johtaisi, kun Yhdysvalloissa on kuitenkin yli <strong>10 miljoonaa<\/strong> laitonta siirtolaista.<\/p>\n<p style=\"text-align: justify;\">Jos aiheesta pit\u00e4\u00e4 l\u00f6yt\u00e4\u00e4 edes jotain positiivista Euroopan synkk\u00e4\u00e4n tilanteeseen verrattuna, niin ainakin haitilaiset ovat kristittyj\u00e4 ja puhuvat \u00e4idinkielen\u00e4\u00e4n ranskaa. N\u00e4in ollen heid\u00e4n sopeutumisensa erityisesti ranskankielisen Quebecin alueelle voisi olla edes teoriassa mahdollista. Tulijoita on kuitenkin moneen junaan ja uusimpana ryhm\u00e4n\u00e4 nigerialaiset ovat l\u00f6yt\u00e4neet median paljon hehkuttaman porsaanrei\u00e4n, joten ilman poliittista p\u00e4\u00e4t\u00f6st\u00e4 tunkeutuminen Kanadaan tulee vain kiihtym\u00e4\u00e4n. Kanadan seuraavat parlamenttivaalit j\u00e4rjestet\u00e4\u00e4n kahden vuoden kuluttua.<\/p>\n<p style=\"text-align: justify;\">Lopuksi on silti hyv\u00e4 muistaa, ett\u00e4 <a title=\"Kanada laski v\u00e4est\u00f6ns\u00e4\" href=\"https:\/\/www.vuosiamaailmalla.fi\/?p=9038\">Kanadan asukasluku<\/a> on 35 miljoonaa ja <a title=\"Kanada lis\u00e4\u00e4 maahanmuuttoa\" href=\"https:\/\/www.vuosiamaailmalla.fi\/?p=8597\">maahan muuttaa vuosittain<\/a> laillisesti l\u00e4hes 300 000 ihmist\u00e4, joista suurin osa tarkan seulan l\u00e4p\u00e4isem\u00e4n\u00e4 ty\u00f6perusteisesti (<a title=\"Miljon\u00e4\u00e4ripakolaisten vy\u00f6ry Kanadaan\" href=\"https:\/\/www.vuosiamaailmalla.fi\/?p=8291\">miljon\u00e4\u00e4ripakolaisia<\/a> lukuun ottamatta). M\u00e4\u00e4r\u00e4 sis\u00e4lt\u00e4\u00e4 my\u00f6s 40 000 pakolaisstatuksella otettavaa, joten n\u00e4iss\u00e4 suhteissa laiton tunkeutuminen on ollut\u00a0<em>viel\u00e4<\/em> sangen pient\u00e4 m\u00e4\u00e4rilt\u00e4\u00e4n. Hallituksen toimettomuus antaa silti syyn huoleen ja tilanteen jatkuessa pitk\u00e4\u00e4n se voi viel\u00e4 koitua koko aiemman j\u00e4rkev\u00e4ksi kehutun maahanmuuttopolitiikan kohtaloksi ja muuttaa Kanadaa peruuttamattomasti. Asiaa on t\u00e4ten syyt\u00e4 seurata huolestuneena.<\/p>\n<p>&nbsp;<\/p>\n","protected":false},"excerpt":{"rendered":"<p>Kanada on onnekas maa ja\u00a0150 vuoden ajan\u00a0maassa on saatu nauttia yhdest\u00e4 kenties maailman vakaimmasta maantieteellisest\u00e4 sijainnista. Etel\u00e4ss\u00e4 Yhdysvallat on ollut vakaa kumppani, joka on tilkinnyt tehokkaasti Kanadaan suuntautuvaa salakuljetusta sek\u00e4 laitonta maahanmuuttoa k\u00f6yh\u00e4st\u00e4 Etel\u00e4- ja Keski-Amerikasta. Kaikista muista suunnista ainut keino saapua maahan on ollut valvotusti lentokoneella, sill\u00e4 Kanadaan ei oikein pysty saapumaan veneell\u00e4. 8891 &hellip; <a href=\"https:\/\/www.vuosiamaailmalla.fi\/blog\/2017\/kriisi-kanadan-rajoilla\/\" class=\"more-link\">Jatka lukemista<span class=\"screen-reader-text\"> &#8221;Kriisi Kanadan rajoilla&#8221;<\/span><\/a><\/p>\n","protected":false},"author":1,"featured_media":9219,"comment_status":"open","ping_status":"open","sticky":false,"template":"","format":"standard","meta":{"_jetpack_memberships_contains_paid_content":false,"footnotes":""},"categories":[17,3,4],"tags":[25,1263,1230,935,1038,224,11],"class_list":["post-9215","post","type-post","status-publish","format-standard","has-post-thumbnail","hentry","category-arki-kanadassa","category-arki-ulkomailla","category-asuminen-kanadassa","tag-ajankohtaista","tag-haiti","tag-justin-trudeau","tag-kanada","tag-pakolaisuus","tag-raja","tag-matkakertomukset-yhdysvallat"],"jetpack_featured_media_url":"https:\/\/www.vuosiamaailmalla.fi\/blog\/wp-content\/uploads\/peace_arch_banner.jpg","jetpack_sharing_enabled":true,"_links":{"self":[{"href":"https:\/\/www.vuosiamaailmalla.fi\/blog\/wp-json\/wp\/v2\/posts\/9215","targetHints":{"allow":["GET"]}}],"collection":[{"href":"https:\/\/www.vuosiamaailmalla.fi\/blog\/wp-json\/wp\/v2\/posts"}],"about":[{"href":"https:\/\/www.vuosiamaailmalla.fi\/blog\/wp-json\/wp\/v2\/types\/post"}],"author":[{"embeddable":true,"href":"https:\/\/www.vuosiamaailmalla.fi\/blog\/wp-json\/wp\/v2\/users\/1"}],"replies":[{"embeddable":true,"href":"https:\/\/www.vuosiamaailmalla.fi\/blog\/wp-json\/wp\/v2\/comments?post=9215"}],"version-history":[{"count":4,"href":"https:\/\/www.vuosiamaailmalla.fi\/blog\/wp-json\/wp\/v2\/posts\/9215\/revisions"}],"predecessor-version":[{"id":13941,"href":"https:\/\/www.vuosiamaailmalla.fi\/blog\/wp-json\/wp\/v2\/posts\/9215\/revisions\/13941"}],"wp:featuredmedia":[{"embeddable":true,"href":"https:\/\/www.vuosiamaailmalla.fi\/blog\/wp-json\/wp\/v2\/media\/9219"}],"wp:attachment":[{"href":"https:\/\/www.vuosiamaailmalla.fi\/blog\/wp-json\/wp\/v2\/media?parent=9215"}],"wp:term":[{"taxonomy":"category","embeddable":true,"href":"https:\/\/www.vuosiamaailmalla.fi\/blog\/wp-json\/wp\/v2\/categories?post=9215"},{"taxonomy":"post_tag","embeddable":true,"href":"https:\/\/www.vuosiamaailmalla.fi\/blog\/wp-json\/wp\/v2\/tags?post=9215"}],"curies":[{"name":"wp","href":"https:\/\/api.w.org\/{rel}","templated":true}]}}