{"id":924,"date":"2012-10-20T08:45:24","date_gmt":"2012-10-20T15:45:24","guid":{"rendered":"http:\/\/13.53.127.146\/?p=924"},"modified":"2014-06-16T18:00:18","modified_gmt":"2014-06-17T01:00:18","slug":"ensimmainen-rantasade","status":"publish","type":"post","link":"https:\/\/www.vuosiamaailmalla.fi\/blog\/2012\/ensimmainen-rantasade\/","title":{"rendered":"Ensimm\u00e4inen r\u00e4nt\u00e4sade"},"content":{"rendered":"<p style=\"text-align: justify;\">Oho, katselin \u00e4sken ikkunasta vuoden ensimm\u00e4ist\u00e4 (lyhytt\u00e4 ja hetkellist\u00e4, mutta ensimm\u00e4ist\u00e4) r\u00e4nt\u00e4sadetta! Syksy <a title=\"Taivas aukeni viimeinkin\" href=\"https:\/\/www.vuosiamaailmalla.fi\/?p=818\">alkoi<\/a> rankoilla sateilla vasta puolitoista viikkoa sitten ja n\u00e4emm\u00e4 jo nyt antaa talvi itsest\u00e4\u00e4n ensimm\u00e4isi\u00e4 viitteit\u00e4. Whistleriss\u00e4 tuleekin jo koko ensi viikon lunta ainakin vuorilla ja ollaan pikkupakkasilla ihan laaksoa my\u00f6den. Ja itse asiassa, mit\u00e4 nyt pilviverhon l\u00e4pi n\u00e4en, on Cypress Mountainin rinteille laskeutunut viime y\u00f6n\u00e4 t\u00e4m\u00e4n vuoden ensilumi! \ud83d\ude1b<\/p>\n<p style=\"text-align: justify;\">T\u00e4t\u00e4 n\u00e4ky\u00e4 vasten onkin aika sopivasti, ett\u00e4 meill\u00e4 on vain kahden tunnin p\u00e4\u00e4st\u00e4 varattuna <a title=\"Talvirenkaat British Columbiassa\" href=\"https:\/\/www.vuosiamaailmalla.fi\/?p=181\">talvirenkaiden<\/a> vaihto <a title=\"2012 BMW X1 xDrive28i\" href=\"https:\/\/www.vuosiamaailmalla.fi\/?p=201\">bemariimme<\/a>. Ei olisi voinut paljon paremmin sattua! \ud83d\ude2e<\/p>\n","protected":false},"excerpt":{"rendered":"<p>Oho, katselin \u00e4sken ikkunasta vuoden ensimm\u00e4ist\u00e4 (lyhytt\u00e4 ja hetkellist\u00e4, mutta ensimm\u00e4ist\u00e4) r\u00e4nt\u00e4sadetta! Syksy alkoi rankoilla sateilla vasta puolitoista viikkoa sitten ja n\u00e4emm\u00e4 jo nyt antaa talvi itsest\u00e4\u00e4n ensimm\u00e4isi\u00e4 viitteit\u00e4. Whistleriss\u00e4 tuleekin jo koko ensi viikon lunta ainakin vuorilla ja ollaan pikkupakkasilla ihan laaksoa my\u00f6den. Ja itse asiassa, mit\u00e4 nyt pilviverhon l\u00e4pi n\u00e4en, on Cypress Mountainin &hellip; <a href=\"https:\/\/www.vuosiamaailmalla.fi\/blog\/2012\/ensimmainen-rantasade\/\" class=\"more-link\">Jatka lukemista<span class=\"screen-reader-text\"> &#8221;Ensimm\u00e4inen r\u00e4nt\u00e4sade&#8221;<\/span><\/a><\/p>\n","protected":false},"author":1,"featured_media":0,"comment_status":"open","ping_status":"open","sticky":false,"template":"","format":"standard","meta":{"_jetpack_memberships_contains_paid_content":false,"footnotes":""},"categories":[17,3],"tags":[25,34,39,933,935,299,202,939],"class_list":["post-924","post","type-post","status-publish","format-standard","hentry","category-arki-kanadassa","category-arki-ulkomailla","tag-ajankohtaista","tag-arki","tag-autot","tag-cypress-mountain","tag-kanada","tag-syksy","tag-talvi","tag-vancouver"],"jetpack_featured_media_url":"","jetpack_sharing_enabled":true,"_links":{"self":[{"href":"https:\/\/www.vuosiamaailmalla.fi\/blog\/wp-json\/wp\/v2\/posts\/924","targetHints":{"allow":["GET"]}}],"collection":[{"href":"https:\/\/www.vuosiamaailmalla.fi\/blog\/wp-json\/wp\/v2\/posts"}],"about":[{"href":"https:\/\/www.vuosiamaailmalla.fi\/blog\/wp-json\/wp\/v2\/types\/post"}],"author":[{"embeddable":true,"href":"https:\/\/www.vuosiamaailmalla.fi\/blog\/wp-json\/wp\/v2\/users\/1"}],"replies":[{"embeddable":true,"href":"https:\/\/www.vuosiamaailmalla.fi\/blog\/wp-json\/wp\/v2\/comments?post=924"}],"version-history":[{"count":0,"href":"https:\/\/www.vuosiamaailmalla.fi\/blog\/wp-json\/wp\/v2\/posts\/924\/revisions"}],"wp:attachment":[{"href":"https:\/\/www.vuosiamaailmalla.fi\/blog\/wp-json\/wp\/v2\/media?parent=924"}],"wp:term":[{"taxonomy":"category","embeddable":true,"href":"https:\/\/www.vuosiamaailmalla.fi\/blog\/wp-json\/wp\/v2\/categories?post=924"},{"taxonomy":"post_tag","embeddable":true,"href":"https:\/\/www.vuosiamaailmalla.fi\/blog\/wp-json\/wp\/v2\/tags?post=924"}],"curies":[{"name":"wp","href":"https:\/\/api.w.org\/{rel}","templated":true}]}}