{"id":9276,"date":"2017-11-02T20:02:15","date_gmt":"2017-11-03T03:02:15","guid":{"rendered":"http:\/\/13.53.127.146\/?p=9276"},"modified":"2020-11-01T20:31:52","modified_gmt":"2020-11-02T04:31:52","slug":"kadonneiden-sielujen-paraati","status":"publish","type":"post","link":"https:\/\/www.vuosiamaailmalla.fi\/blog\/2017\/kadonneiden-sielujen-paraati\/","title":{"rendered":"Kadonneiden sielujen paraati"},"content":{"rendered":"<p style=\"text-align: justify;\">Tiistaina vietettiin kaikkien lasten ja my\u00f6s monien aikuisten rakastamaa <em>halloweenia<\/em>. <a title=\"Sateinen halloween\" href=\"https:\/\/www.vuosiamaailmalla.fi\/?p=1145\">Kuiva ja l\u00e4mmin s\u00e4\u00e4<\/a> sai ihmiset liikkeelle suurin joukoin ja monien suosittujen <a title=\"Railakas halloween\" href=\"https:\/\/www.vuosiamaailmalla.fi\/?p=10931\">kadunvarsien taloissa<\/a> vieraili illan aikana jopa satoja lapsia <em>&#8221;karkki vai kepposella&#8221;<\/em>. Lehdest\u00e4 luetun perusteella Vancouverin suosituimmalla talolla vieraili illan aikana per\u00e4ti <strong>1209<\/strong> <strong>lasta<\/strong>, mik\u00e4 on j\u00e4risytt\u00e4v\u00e4 m\u00e4\u00e4r\u00e4 vierailijoita, joille talon asukkaat tarjosivat ilolla karkkia ja suklaata l\u00e4pi koko pitk\u00e4n illan. \ud83d\ude00<\/p>\n<p><!--more--><\/p>\n<p style=\"text-align: center;\"><a href=\"\/blog\/wp-content\/uploads\/2017\/kadonneiden_sielujen_paraati8.jpg\"><img decoding=\"async\" src=\"\/blog\/wp-content\/uploads\/2017\/thumbs\/thumbs_kadonneiden_sielujen_paraati8.jpg\" \/><\/a><a href=\"\/blog\/wp-content\/uploads\/2017\/kadonneiden_sielujen_paraati4.jpg\"><img decoding=\"async\" src=\"\/blog\/wp-content\/uploads\/2017\/thumbs\/thumbs_kadonneiden_sielujen_paraati4.jpg\" \/><\/a><a href=\"\/blog\/wp-content\/uploads\/2017\/kadonneiden_sielujen_paraati3.jpg\"><img decoding=\"async\" src=\"\/blog\/wp-content\/uploads\/2017\/thumbs\/thumbs_kadonneiden_sielujen_paraati3.jpg\" \/><br \/>\n<\/a><a href=\"\/blog\/wp-content\/uploads\/2017\/kadonneita_sieluja7.jpg\"><img decoding=\"async\" src=\"\/blog\/wp-content\/uploads\/2017\/thumbs\/thumbs_kadonneita_sieluja7.jpg\" \/><\/a><a href=\"\/blog\/wp-content\/uploads\/2017\/kadonneita_sieluja6.jpg\"><img decoding=\"async\" src=\"\/blog\/wp-content\/uploads\/2017\/thumbs\/thumbs_kadonneita_sieluja6.jpg\" \/><\/a><a href=\"\/blog\/wp-content\/uploads\/2017\/kadonneita_sieluja8.jpg\"><img decoding=\"async\" src=\"\/blog\/wp-content\/uploads\/2017\/thumbs\/thumbs_kadonneita_sieluja8.jpg\" \/><\/a><\/p>\n<p style=\"text-align: center;\"><em>Halloween tuo kaduille kadonneet sielut<\/em><\/p>\n<p style=\"text-align: justify;\">Halloweenin osuminen t\u00e4n\u00e4 vuonna tiistaille tarkoitti, ett\u00e4 menneen\u00e4 viikonloppuna j\u00e4rjestettiin ymp\u00e4ri Kanadaa tuhansia halloween-juhlia, jotka ovat eritt\u00e4in suosittuja. Yksi t\u00e4llainen kaikille avoin vuosittainen katutapahtuma on It\u00e4-Vancouverissa <em>Commercial Driven<\/em> trendialueella jo vuosikymmeni\u00e4 j\u00e4rjestetty <em>Parade of Lost Souls<\/em>, joka ker\u00e4\u00e4 paikalle tuhansien osallistujien joukon. Aiempina vuosina alueen pienille kaduille levitt\u00e4ytyv\u00e4 tapahtuma on houkutellut paikalle jopa l\u00e4hes 30 000 ihmist\u00e4 juhlistamaan t\u00e4t\u00e4 suosittua juhlatapahtumaa. \ud83d\ude42<\/p>\n<p style=\"text-align: center;\"><a href=\"\/blog\/wp-content\/uploads\/2017\/kadonneiden_sielujen_paraati6.jpg\"><img decoding=\"async\" src=\"\/blog\/wp-content\/uploads\/2017\/thumbs\/thumbs_kadonneiden_sielujen_paraati6.jpg\" \/><\/a><a href=\"\/blog\/wp-content\/uploads\/2017\/kadonneiden_sielujen_paraati5.jpg\"><img decoding=\"async\" src=\"\/blog\/wp-content\/uploads\/2017\/thumbs\/thumbs_kadonneiden_sielujen_paraati5.jpg\" \/><\/a><a href=\"\/blog\/wp-content\/uploads\/2017\/kadonneiden_sielujen_paraati1.jpg\"><img decoding=\"async\" src=\"\/blog\/wp-content\/uploads\/2017\/thumbs\/thumbs_kadonneiden_sielujen_paraati1.jpg\" \/><\/a><br \/>\n<a href=\"\/blog\/wp-content\/uploads\/2017\/kadonneita_sieluja4.jpg\"><img decoding=\"async\" src=\"\/blog\/wp-content\/uploads\/2017\/thumbs\/thumbs_kadonneita_sieluja4.jpg\" \/><\/a><a href=\"\/blog\/wp-content\/uploads\/2017\/kadonneita_sieluja5.jpg\"><img decoding=\"async\" src=\"\/blog\/wp-content\/uploads\/2017\/thumbs\/thumbs_kadonneita_sieluja5.jpg\" \/><\/a><a href=\"\/blog\/wp-content\/uploads\/2017\/kadonneita_sieluja2.jpg\"><img decoding=\"async\" src=\"\/blog\/wp-content\/uploads\/2017\/thumbs\/thumbs_kadonneita_sieluja2.jpg\" \/><\/a><\/p>\n<p style=\"text-align: center;\"><em>Pieni ja isoja kadonneita sieluja<\/em><\/p>\n<p style=\"text-align: justify;\">Tapahtuman teemana on tietenkin pukeutuminen mit\u00e4 mielikuvituksellisempiin asusteisiin, joista osa pelottavia ja osa muuten vain nerokkaita. Kyseess\u00e4 on ehdottomasti kaikille sopiva perhetapahtuma ja paikalla olikin valtavasti lapsiperheit\u00e4, joista suurin osa oli pukeutunut erilaisiin asusteisiin. Tapahtuman keskuksena toimivat alueen p\u00e4\u00e4kadun lis\u00e4ksi paikallinen seurantalo sek\u00e4 koulu, joiden piha-alueelle on pystytetty erilaisia esiintymislavoja. Itse <a title=\"Halloween Parade\" href=\"https:\/\/www.vuosiamaailmalla.fi\/?p=3327\">paraati kiert\u00e4\u00e4<\/a> illan aikana alueen katuja, p\u00e4\u00e4ttyen lopulta koulun urheilukent\u00e4lle.<\/p>\n<p style=\"text-align: center;\"><a href=\"\/blog\/wp-content\/uploads\/2017\/kadonneiden_sielujen_paraati10.jpg\"><img decoding=\"async\" src=\"\/blog\/wp-content\/uploads\/2017\/thumbs\/thumbs_kadonneiden_sielujen_paraati10.jpg\" \/><\/a><a href=\"\/blog\/wp-content\/uploads\/2017\/kadonneiden_sielujen_paraati11.jpg\"><img decoding=\"async\" src=\"\/blog\/wp-content\/uploads\/2017\/thumbs\/thumbs_kadonneiden_sielujen_paraati11.jpg\" \/><\/a><a href=\"\/blog\/wp-content\/uploads\/2017\/kadonneiden_sielujen_paraati12.jpg\"><img decoding=\"async\" src=\"\/blog\/wp-content\/uploads\/2017\/thumbs\/thumbs_kadonneiden_sielujen_paraati12.jpg\" \/><\/a><\/p>\n<p style=\"text-align: center;\"><em>Paraati kiert\u00e4\u00e4 aluetta<\/em><\/p>\n<p style=\"text-align: center;\"><a href=\"\/blog\/wp-content\/uploads\/2017\/kaupunki_taustalla.jpg\"><img decoding=\"async\" src=\"\/blog\/wp-content\/uploads\/2017\/kaupunki_taustalla.jpg\" \/><\/a><\/p>\n<p style=\"text-align: center;\"><em>Maisema koulun pihamaalta<\/em><\/p>\n<p style=\"text-align: center;\"><a href=\"\/blog\/wp-content\/uploads\/2017\/kadonneita_sieluja3.jpg\"><img decoding=\"async\" src=\"\/blog\/wp-content\/uploads\/2017\/thumbs\/thumbs_kadonneita_sieluja3.jpg\" \/><\/a><a href=\"\/blog\/wp-content\/uploads\/2017\/kadonneita_sieluja9.jpg\"><img decoding=\"async\" src=\"\/blog\/wp-content\/uploads\/2017\/thumbs\/thumbs_kadonneita_sieluja9.jpg\" \/><\/a><a href=\"\/blog\/wp-content\/uploads\/2017\/kadonneita_sieluja10.jpg\"><img decoding=\"async\" src=\"\/blog\/wp-content\/uploads\/2017\/thumbs\/thumbs_kadonneita_sieluja10.jpg\" \/><\/a><\/p>\n<p style=\"text-align: center;\"><em>Mit\u00e4 erilaisimpia asusteita<\/em><\/p>\n<p style=\"text-align: justify;\">Paikan p\u00e4\u00e4ll\u00e4 oli illasta hyvin pime\u00e4\u00e4 ja tungoksen vuoksi oli hieman vaikea pysy\u00e4 k\u00e4rryill\u00e4 miss\u00e4 p\u00e4in hieman ep\u00e4viralliselta vaikuttanut paraatijoukko milloinkin kiersi. Kenell\u00e4k\u00e4\u00e4n ei kuitenkaan ollut kiire minnek\u00e4\u00e4n, joten pieni jonottaminen eri paikoissa ei haitannut alkuunkaan ja se tarjosi hyv\u00e4n tilaisuuden ihastella erilaisia asusteita. Jotkin asusteista olivat vaatineet silminn\u00e4hden paljon aikaa, joskin nykyisin asiaan vihkiytyneist\u00e4 kaupoista saa ostettua valmiina mit\u00e4 erilaisimpia asusteita hyvin huokeaan hintaan.<\/p>\n<p style=\"text-align: center;\"><a href=\"\/blog\/wp-content\/uploads\/2017\/paraatiesiintyjia3.jpg\"><img decoding=\"async\" src=\"\/blog\/wp-content\/uploads\/2017\/thumbs\/thumbs_paraatiesiintyjia3.jpg\" \/><\/a><a href=\"\/blog\/wp-content\/uploads\/2017\/paraatiesiintyjia4.jpg\"><img decoding=\"async\" src=\"\/blog\/wp-content\/uploads\/2017\/thumbs\/thumbs_paraatiesiintyjia4.jpg\" \/><\/a><a href=\"\/blog\/wp-content\/uploads\/2017\/paraatiesiintyjia1.jpg\"><img decoding=\"async\" src=\"\/blog\/wp-content\/uploads\/2017\/thumbs\/thumbs_paraatiesiintyjia1.jpg\" \/><\/a><\/p>\n<p style=\"text-align: center;\"><em>Monenlaista esiintyj\u00e4\u00e4 <\/em><\/p>\n<p style=\"text-align: center;\"><a href=\"\/blog\/wp-content\/uploads\/2017\/paraatiesiintyjia2.jpg\"><img decoding=\"async\" src=\"\/blog\/wp-content\/uploads\/2017\/paraatiesiintyjia2.jpg\" \/><\/a><\/p>\n<p style=\"text-align: center;\"><em>V\u00e4rej\u00e4 pimeydess\u00e4<\/em><\/p>\n<p style=\"text-align: justify;\">Tungoksen keskell\u00e4 pienten lasten silm\u00e4ll\u00e4 pit\u00e4minen mahtaa olla melkoinen urakka. Erityisen huolestuttava oli pihamaalle pys\u00e4k\u00f6ity koulubussi, jonka sisusta oli muutettu hauskasti valtavaksi pallomereksi. Peuhaamista bussin sis\u00e4ll\u00e4 oli hauska katsella ulkoa k\u00e4sin, vaikka mieless\u00e4 k\u00e4vikin kuinkahan monta lasta pallomeren seassa mahtoi olla ainakin ajoittain hautautuneena&#8230; Meno oli nimitt\u00e4in riehakasta.<\/p>\n<p style=\"text-align: center;\"><a href=\"\/blog\/wp-content\/uploads\/2017\/pallomeribussi1.jpg\"><img decoding=\"async\" src=\"\/blog\/wp-content\/uploads\/2017\/thumbs\/thumbs_pallomeribussi1.jpg\" \/><\/a><a href=\"\/blog\/wp-content\/uploads\/2017\/pallomeribussi2.jpg\"><img decoding=\"async\" src=\"\/blog\/wp-content\/uploads\/2017\/thumbs\/thumbs_pallomeribussi2.jpg\" \/><\/a><a href=\"\/blog\/wp-content\/uploads\/2017\/pallomeribussi3.jpg\"><img decoding=\"async\" src=\"\/blog\/wp-content\/uploads\/2017\/thumbs\/thumbs_pallomeribussi3.jpg\" \/><\/a><\/p>\n<p style=\"text-align: center;\"><em>Pallomeribussi<\/em><\/p>\n<p style=\"text-align: center;\"><a href=\"\/blog\/wp-content\/uploads\/2017\/kadonneita_sieluja1.jpg\"><img decoding=\"async\" src=\"\/blog\/wp-content\/uploads\/2017\/kadonneita_sieluja1.jpg\" \/><\/a><\/p>\n<p style=\"text-align: center;\"><em>Bussin menoa oli hauska seurata<\/em><\/p>\n<p style=\"text-align: justify;\">Kaiken kaikkiaan kyseess\u00e4 oli eritt\u00e4in hauska halloween-tapahtuma, johon tulee varmaan palattua ensikin vuonna. Ehk\u00e4p\u00e4 silloin my\u00f6s juro suomalainenkin tohtii pukeutua asusteeseen? \ud83d\ude44<\/p>\n<p style=\"text-align: center;\"><a href=\"\/blog\/wp-content\/uploads\/2017\/kadonneiden_sielujen_paraati2.jpg\"><img decoding=\"async\" src=\"\/blog\/wp-content\/uploads\/2017\/thumbs\/thumbs_kadonneiden_sielujen_paraati2.jpg\" \/><\/a><a href=\"\/blog\/wp-content\/uploads\/2017\/kadonneiden_sielujen_paraati9.jpg\"><img decoding=\"async\" src=\"\/blog\/wp-content\/uploads\/2017\/thumbs\/thumbs_kadonneiden_sielujen_paraati9.jpg\" \/><\/a><a href=\"\/blog\/wp-content\/uploads\/2017\/kadonneiden_sielujen_paraati7.jpg\"><img decoding=\"async\" src=\"\/blog\/wp-content\/uploads\/2017\/thumbs\/thumbs_kadonneiden_sielujen_paraati7.jpg\" \/><\/a><\/p>\n<p style=\"text-align: center;\"><em>Suosittu katutapahtuma<\/em><\/p>\n","protected":false},"excerpt":{"rendered":"<p>Tiistaina vietettiin kaikkien lasten ja my\u00f6s monien aikuisten rakastamaa halloweenia. Kuiva ja l\u00e4mmin s\u00e4\u00e4 sai ihmiset liikkeelle suurin joukoin ja monien suosittujen kadunvarsien taloissa vieraili illan aikana jopa satoja lapsia &#8221;karkki vai kepposella&#8221;. Lehdest\u00e4 luetun perusteella Vancouverin suosituimmalla talolla vieraili illan aikana per\u00e4ti 1209 lasta, mik\u00e4 on j\u00e4risytt\u00e4v\u00e4 m\u00e4\u00e4r\u00e4 vierailijoita, joille talon asukkaat tarjosivat ilolla &hellip; <a href=\"https:\/\/www.vuosiamaailmalla.fi\/blog\/2017\/kadonneiden-sielujen-paraati\/\" class=\"more-link\">Jatka lukemista<span class=\"screen-reader-text\"> &#8221;Kadonneiden sielujen paraati&#8221;<\/span><\/a><\/p>\n","protected":false},"author":1,"featured_media":9278,"comment_status":"open","ping_status":"open","sticky":false,"template":"","format":"standard","meta":{"_jetpack_memberships_contains_paid_content":false,"footnotes":""},"categories":[17,3],"tags":[25,34,1279,388,935,155,446,1280,939,1278],"class_list":["post-9276","post","type-post","status-publish","format-standard","has-post-thumbnail","hentry","category-arki-kanadassa","category-arki-ulkomailla","tag-ajankohtaista","tag-arki","tag-commercial-drive","tag-halloween","tag-kanada","tag-kanadalainen-juttu","tag-paraati","tag-parade-of-lost-souls","tag-vancouver","tag-vancouver-granview-woodland"],"jetpack_featured_media_url":"https:\/\/www.vuosiamaailmalla.fi\/blog\/wp-content\/uploads\/kadonneiden_sielujen_paraati_banner.jpg","jetpack_sharing_enabled":true,"_links":{"self":[{"href":"https:\/\/www.vuosiamaailmalla.fi\/blog\/wp-json\/wp\/v2\/posts\/9276","targetHints":{"allow":["GET"]}}],"collection":[{"href":"https:\/\/www.vuosiamaailmalla.fi\/blog\/wp-json\/wp\/v2\/posts"}],"about":[{"href":"https:\/\/www.vuosiamaailmalla.fi\/blog\/wp-json\/wp\/v2\/types\/post"}],"author":[{"embeddable":true,"href":"https:\/\/www.vuosiamaailmalla.fi\/blog\/wp-json\/wp\/v2\/users\/1"}],"replies":[{"embeddable":true,"href":"https:\/\/www.vuosiamaailmalla.fi\/blog\/wp-json\/wp\/v2\/comments?post=9276"}],"version-history":[{"count":0,"href":"https:\/\/www.vuosiamaailmalla.fi\/blog\/wp-json\/wp\/v2\/posts\/9276\/revisions"}],"wp:featuredmedia":[{"embeddable":true,"href":"https:\/\/www.vuosiamaailmalla.fi\/blog\/wp-json\/wp\/v2\/media\/9278"}],"wp:attachment":[{"href":"https:\/\/www.vuosiamaailmalla.fi\/blog\/wp-json\/wp\/v2\/media?parent=9276"}],"wp:term":[{"taxonomy":"category","embeddable":true,"href":"https:\/\/www.vuosiamaailmalla.fi\/blog\/wp-json\/wp\/v2\/categories?post=9276"},{"taxonomy":"post_tag","embeddable":true,"href":"https:\/\/www.vuosiamaailmalla.fi\/blog\/wp-json\/wp\/v2\/tags?post=9276"}],"curies":[{"name":"wp","href":"https:\/\/api.w.org\/{rel}","templated":true}]}}