{"id":9286,"date":"2017-11-04T12:28:36","date_gmt":"2017-11-04T19:28:36","guid":{"rendered":"http:\/\/13.53.127.146\/?p=9286"},"modified":"2020-12-19T12:39:37","modified_gmt":"2020-12-19T20:39:37","slug":"kultainen-aamunkoitto","status":"publish","type":"post","link":"https:\/\/www.vuosiamaailmalla.fi\/blog\/2017\/kultainen-aamunkoitto\/","title":{"rendered":"Kultainen aamunkoitto"},"content":{"rendered":"<p style=\"text-align: justify;\">Kun syksyinen kylm\u00e4 sade vihmoo ulkona ja rummuttaa koko y\u00f6n ikkunoita, saattaa moni tahtoa j\u00e4\u00e4d\u00e4 aamulla punkan pohjalle, peiton alle l\u00e4mpim\u00e4\u00e4n. On kuitenkin syyt\u00e4 olla innoissaan, sill\u00e4 edellisy\u00f6n sade antaa odottaa, ett\u00e4 aamu saattaa koittaa kauniissa <a title=\"Sateen yl\u00e4puolella\" href=\"https:\/\/www.vuosiamaailmalla.fi\/?p=8820\">sadepilvisiss\u00e4 maisemissa<\/a>. Jos vain pilven antavat sopivasti tilaa, saattaa\u00a0vuorten takaa nouseva aurinko v\u00e4rj\u00e4t\u00e4 koko maiseman <a title=\"Sumuun k\u00e4\u00e4ritty metropoli\" href=\"https:\/\/www.vuosiamaailmalla.fi\/?p=11047\">kultaisella aamunkoitolla<\/a>. \ud83d\ude1b<\/p>\n<p><!--more--><\/p>\n<p style=\"text-align: center;\"><a href=\"\/blog\/wp-content\/uploads\/2017\/usvainen_aamunkoitto8.jpg\"><img decoding=\"async\" src=\"\/blog\/wp-content\/uploads\/2017\/thumbs\/thumbs_usvainen_aamunkoitto8.jpg\" \/><\/a><a href=\"\/blog\/wp-content\/uploads\/2017\/usvainen_aamunkoitto7.jpg\"><img decoding=\"async\" src=\"\/blog\/wp-content\/uploads\/2017\/thumbs\/thumbs_usvainen_aamunkoitto7.jpg\" \/><\/a><a href=\"\/blog\/wp-content\/uploads\/2017\/usvainen_aamunkoitto1.jpg\"><img decoding=\"async\" src=\"\/blog\/wp-content\/uploads\/2017\/thumbs\/thumbs_usvainen_aamunkoitto1.jpg\" \/><\/a><\/p>\n<p style=\"text-align: center;\"><i>Sadepilvi\u00e4 y\u00f6n j\u00e4ljilt\u00e4<\/i><\/p>\n<p style=\"text-align: justify;\">T\u00e4llaisia kelej\u00e4 sattuu kohdalle t\u00e4\u00e4ll\u00e4 Vancouverissa muutaman kerran vuodessa ja yleens\u00e4 t\u00e4llaiseen aamuun her\u00e4\u00e4minen on syk\u00e4hdytt\u00e4v\u00e4 tapahtuma varsinkin <a title=\"Her\u00e4\u00e4minen pilvien yl\u00e4puolella\" href=\"https:\/\/www.vuosiamaailmalla.fi\/?p=8358\">meille korkeuksissa asuville<\/a>. Sadepilvien v\u00e4istyminen auringon tielt\u00e4 ja aamu-usvaisen maanpinnan ilmestyminen n\u00e4kyviin, luovat parhaimmillaan melkeinp\u00e4 maalauksellisen maiseman Erityisesti merenpinnantasolla sijaitsevan Richmondin it\u00e4puolen pellot verhoutuvat useina talviaamuina <a title=\"Sumu kietoi Fogcouverin\" href=\"https:\/\/www.vuosiamaailmalla.fi\/?p=9400\">ohkaiseen usvaan<\/a>, jonka joukosta rakennukset ja puut kohoavat kohti aamutaivasta.<\/p>\n<p style=\"text-align: center;\"><a href=\"\/blog\/wp-content\/uploads\/2017\/usvainen_aamunkoitto3.jpg\"><img decoding=\"async\" src=\"\/blog\/wp-content\/uploads\/2017\/thumbs\/thumbs_usvainen_aamunkoitto3.jpg\" \/><\/a><a href=\"\/blog\/wp-content\/uploads\/2017\/usvainen_aamunkoitto2.jpg\"><img decoding=\"async\" src=\"\/blog\/wp-content\/uploads\/2017\/thumbs\/thumbs_usvainen_aamunkoitto2.jpg\" \/><\/a><a href=\"\/blog\/wp-content\/uploads\/2017\/kultainen_aamunkoitto2.jpg\"><img decoding=\"async\" src=\"\/blog\/wp-content\/uploads\/2017\/thumbs\/thumbs_kultainen_aamunkoitto2.jpg\" \/><\/a><\/p>\n<p style=\"text-align: center;\"><i>Richmondin aamu-usvaiset pellot<\/i><\/p>\n<p style=\"text-align: justify;\">Erityisen upea on juuri aamunkoiton hetki, jolloin juuri noussut aurinko v\u00e4rj\u00e4\u00e4 alhaalla roikkuvat pilvet kultaisella v\u00e4rill\u00e4. Tuolloin esimerkiksi et\u00e4\u00e4ll\u00e4 sijaitsevan Surreyn keskustan <a title=\"Kilpailu korkeimmasta pilvenpiirt\u00e4j\u00e4st\u00e4\" href=\"https:\/\/www.vuosiamaailmalla.fi\/?p=11013\">tornitalot sek\u00e4 pilvenpiirt\u00e4j\u00e4t<\/a> heijastuvat kauniina nopeasti kirkastuvassa aamuauringossa. N\u00e4ky on mit\u00e4 upein, eik\u00e4 siihen kyll\u00e4sty koskaan, mutta valitettavasti se kest\u00e4\u00e4 vain muutaman hetken ennen kuin aurinko nousee taivaalle ja h\u00e4vitt\u00e4\u00e4 n\u00e4kym\u00e4n mahdollistavat sadepilvet.<\/p>\n<p style=\"text-align: center;\"><a href=\"\/blog\/wp-content\/uploads\/2017\/kultainen_aamunkoitto1.jpg\"><img decoding=\"async\" src=\"\/blog\/wp-content\/uploads\/2017\/thumbs\/thumbs_kultainen_aamunkoitto1.jpg\" \/><\/a><a href=\"\/blog\/wp-content\/uploads\/2017\/kultainen_aamunkoitto3.jpg\"><img decoding=\"async\" src=\"\/blog\/wp-content\/uploads\/2017\/thumbs\/thumbs_kultainen_aamunkoitto3.jpg\" \/><\/a><a href=\"\/blog\/wp-content\/uploads\/2017\/kultainen_aamunkoitto5.jpg\"><img decoding=\"async\" src=\"\/blog\/wp-content\/uploads\/2017\/thumbs\/thumbs_kultainen_aamunkoitto5.jpg\" \/><\/a><\/p>\n<p style=\"text-align: center;\"><i>Kultainen aamunkoitto<\/i><\/p>\n<p style=\"text-align: center;\"><a href=\"\/blog\/wp-content\/uploads\/2017\/surrey_central_aamunkoitto_panoraama.jpg\"><img decoding=\"async\" src=\"\/blog\/wp-content\/uploads\/2017\/surrey_central_aamunkoitto_panoraama_pieni.jpg\" \/><\/a><\/p>\n<p style=\"text-align: center;\"><i>Surreyn keskusta her\u00e4\u00e4 uuteen aamuun<\/i><\/p>\n<p style=\"text-align: justify;\">Oheiset kuvat ovat menneelt\u00e4 viikolta, kun olosuhteet sattuivat m\u00e4ts\u00e4\u00e4m\u00e4\u00e4n <a title=\"Sumuisen y\u00f6n maisemia\" href=\"https:\/\/www.vuosiamaailmalla.fi\/?p=10294\">juuri sopivasti<\/a> sateisen alkuviikon tehdess\u00e4 tilaa aurinkoiselle loppuviikolle. Sittemmin keli on muuttunut huomattavasti kylmemp\u00e4\u00e4 suuntaan ja t\u00e4\u00e4ll\u00e4 Burnabyss\u00e4 on saatu jo ensilumikin. Talvi (ja laskettelukausi!) tekev\u00e4t my\u00f6s tuloaan&#8230;<\/p>\n<p style=\"text-align: center;\"><a href=\"\/blog\/wp-content\/uploads\/2017\/usvainen_aamunkoitto5.jpg\"><img decoding=\"async\" src=\"\/blog\/wp-content\/uploads\/2017\/usvainen_aamunkoitto5.jpg\" \/><\/a><\/p>\n<p style=\"text-align: center;\"><i>Punertava aamunkajo<\/i><\/p>\n","protected":false},"excerpt":{"rendered":"<p>Kun syksyinen kylm\u00e4 sade vihmoo ulkona ja rummuttaa koko y\u00f6n ikkunoita, saattaa moni tahtoa j\u00e4\u00e4d\u00e4 aamulla punkan pohjalle, peiton alle l\u00e4mpim\u00e4\u00e4n. On kuitenkin syyt\u00e4 olla innoissaan, sill\u00e4 edellisy\u00f6n sade antaa odottaa, ett\u00e4 aamu saattaa koittaa kauniissa sadepilvisiss\u00e4 maisemissa. Jos vain pilven antavat sopivasti tilaa, saattaa\u00a0vuorten takaa nouseva aurinko v\u00e4rj\u00e4t\u00e4 koko maiseman kultaisella aamunkoitolla. \ud83d\ude1b<\/p>\n","protected":false},"author":1,"featured_media":9288,"comment_status":"open","ping_status":"open","sticky":false,"template":"","format":"standard","meta":{"_jetpack_memberships_contains_paid_content":false,"footnotes":""},"categories":[17,3],"tags":[34,932,77,78,935,201,1281,299,270],"class_list":["post-9286","post","type-post","status-publish","format-standard","has-post-thumbnail","hentry","category-arki-kanadassa","category-arki-ulkomailla","tag-arki","tag-asunto","tag-burnaby","tag-burnaby-metrotown","tag-kanada","tag-surrey","tag-surrey-central","tag-syksy","tag-saa"],"jetpack_featured_media_url":"https:\/\/www.vuosiamaailmalla.fi\/blog\/wp-content\/uploads\/surrey_central_aamunkoitto_banner.jpg","jetpack_sharing_enabled":true,"_links":{"self":[{"href":"https:\/\/www.vuosiamaailmalla.fi\/blog\/wp-json\/wp\/v2\/posts\/9286","targetHints":{"allow":["GET"]}}],"collection":[{"href":"https:\/\/www.vuosiamaailmalla.fi\/blog\/wp-json\/wp\/v2\/posts"}],"about":[{"href":"https:\/\/www.vuosiamaailmalla.fi\/blog\/wp-json\/wp\/v2\/types\/post"}],"author":[{"embeddable":true,"href":"https:\/\/www.vuosiamaailmalla.fi\/blog\/wp-json\/wp\/v2\/users\/1"}],"replies":[{"embeddable":true,"href":"https:\/\/www.vuosiamaailmalla.fi\/blog\/wp-json\/wp\/v2\/comments?post=9286"}],"version-history":[{"count":0,"href":"https:\/\/www.vuosiamaailmalla.fi\/blog\/wp-json\/wp\/v2\/posts\/9286\/revisions"}],"wp:featuredmedia":[{"embeddable":true,"href":"https:\/\/www.vuosiamaailmalla.fi\/blog\/wp-json\/wp\/v2\/media\/9288"}],"wp:attachment":[{"href":"https:\/\/www.vuosiamaailmalla.fi\/blog\/wp-json\/wp\/v2\/media?parent=9286"}],"wp:term":[{"taxonomy":"category","embeddable":true,"href":"https:\/\/www.vuosiamaailmalla.fi\/blog\/wp-json\/wp\/v2\/categories?post=9286"},{"taxonomy":"post_tag","embeddable":true,"href":"https:\/\/www.vuosiamaailmalla.fi\/blog\/wp-json\/wp\/v2\/tags?post=9286"}],"curies":[{"name":"wp","href":"https:\/\/api.w.org\/{rel}","templated":true}]}}