{"id":9294,"date":"2017-11-07T18:58:06","date_gmt":"2017-11-08T02:58:06","guid":{"rendered":"http:\/\/13.53.127.146\/?p=9294"},"modified":"2020-12-13T16:45:07","modified_gmt":"2020-12-14T00:45:07","slug":"vancouver-house-ottaa-muotoaan","status":"publish","type":"post","link":"https:\/\/www.vuosiamaailmalla.fi\/blog\/2017\/vancouver-house-ottaa-muotoaan\/","title":{"rendered":"Vancouver House ottaa muotoa"},"content":{"rendered":"<p style=\"text-align: justify;\">Vancouverin rakennusrintamalla tapahtuu paljon. Kymmenet nostokurjet <a title=\"Kilpailu korkeimmasta pilvenpiirt\u00e4j\u00e4st\u00e4\" href=\"https:\/\/www.vuosiamaailmalla.fi\/?p=11013\">korkeiden rakennusten<\/a> huipulla ovat tuttu n\u00e4ky ymp\u00e4ri 2,5 miljoonan asukkaan <a title=\"Burnaby rakentaa metropolia\" href=\"https:\/\/www.vuosiamaailmalla.fi\/?p=8729\">voimakkaasti rakentuvaa metropolia<\/a>, joka kohoaa <a title=\"Tulikuumana hohkaava talous\" href=\"https:\/\/www.vuosiamaailmalla.fi\/?p=8332\">tulikuuman talouden<\/a>\u00a0mahdollistamana. Vaikka iso osa tuotannosta onkin geneerist\u00e4 ja moneen kertaan toistettuna tyls\u00e4\u00e4, on k\u00e4ynniss\u00e4 useita arkkitehtoonisesti kiintoisia rakennusprojekteja. Valitettavasti niist\u00e4 kaikista ei mitenk\u00e4\u00e4n riit\u00e4 aikaa kirjoittaa, mutta on kuitenkin muutamia projekteja, joista on syyt\u00e4 kirjoittaa. Vancouveriin on nimitt\u00e4in syntym\u00e4ss\u00e4 eritt\u00e4in <a title=\"Wow-arkkitehtuuri valtasi Vancouverin\" href=\"https:\/\/www.vuosiamaailmalla.fi\/?p=5266\">korkealuokkaisia pilvenpiirt\u00e4ji\u00e4<\/a>, jotka tulevat muovaamaan kaupunkikuvaa tuleviksi vuosikymmeniksi eteenp\u00e4in.<\/p>\n<p><!--more--><\/p>\n<p style=\"text-align: justify;\">Yksi kiintoisimpia t\u00e4m\u00e4n hetken hankkeita on <em>Granville Bridgen<\/em> sillan kupeeseen paraikaa nouseva 52-kerroksinen <em>Vancouver Housena<\/em> markkinoitu rakennus. Erikoista t\u00e4ss\u00e4 151,5 metri\u00e4 korkeassa tornissa on sen muoto, jossa rakennuksen juuren kolmion muotoinen pohja-ala muuttuu rakennuksen huipulle menness\u00e4 neli\u00f6n muotoon. Yksi pilvenpiirt\u00e4j\u00e4n kulmista tulee siis roukkumaan ik\u00e4\u00e4n kuin tyhj\u00e4n p\u00e4\u00e4ll\u00e4, korkealla kaupungin yl\u00e4puolella. \ud83d\ude2e<\/p>\n<p style=\"text-align: center;\"><a href=\"\/blog\/wp-content\/uploads\/2015\/vancouver_house_render1.jpg\"><img decoding=\"async\" src=\"\/blog\/wp-content\/uploads\/2015\/vancouver_house_render1.jpg\" \/><\/a><\/p>\n<p style=\"text-align: center;\"><em>Erilainen Vancouver House<\/em><\/p>\n<p style=\"text-align: center;\"><a href=\"\/blog\/wp-content\/uploads\/2017\/vancouver_house_maisema.jpg\"><img decoding=\"async\" src=\"\/blog\/wp-content\/uploads\/2017\/vancouver_house_maisema.jpg\" \/><\/a><\/p>\n<p style=\"text-align: center;\"><em>Yleellisi\u00e4 asuntoja<\/em><\/p>\n<p style=\"text-align: justify;\">Torni on rakentumassa erityistontille, joka muutaman muun keskustatontin kanssa sai vuoden 2010 erityiskatselmuksessa poikkeusluvan Vancouverin eritt\u00e4in tarkkaan m\u00e4\u00e4r\u00e4ttyjen ja valvottujen n\u00e4k\u00f6k\u00e4yt\u00e4vien ylitt\u00e4miseksi. Juuri n\u00e4ille tonteille on viime vuosina n\u00e4hty monia <a title=\"Granville Bridgen seudun tulevaisuus\" href=\"https:\/\/www.vuosiamaailmalla.fi\/?p=1300\">uljaita ehdotuksia<\/a>, joista ensimm\u00e4iset ovat alkaneet nyt muutaman vuoden j\u00e4lkeen viimeinkin nousta.<\/p>\n<p style=\"text-align: center;\"><a href=\"\/blog\/wp-content\/uploads\/2014\/vancouver_house3.jpg\"><img decoding=\"async\" src=\"\/blog\/wp-content\/uploads\/2014\/thumbs\/thumbs_vancouver_house3.jpg\" \/><\/a><a href=\"\/blog\/wp-content\/uploads\/2014\/vancouver_house6.jpg\"><img decoding=\"async\" src=\"\/blog\/wp-content\/uploads\/2014\/thumbs\/thumbs_vancouver_house6.jpg\" \/><\/a><a href=\"\/blog\/wp-content\/uploads\/2015\/vancouver_house8.jpg\"><img decoding=\"async\" src=\"\/blog\/wp-content\/uploads\/2015\/thumbs\/thumbs_vancouver_house8.jpg\" \/><\/a><\/p>\n<p style=\"text-align: center;\"><em>Melkoinen muodonmuutos alueelle<\/em><\/p>\n<p style=\"text-align: justify;\">Tontille nouseva torni tulee olemaan etel\u00e4isen Downtownin maamerkki ja Granville Bridgen l\u00e4ntinen sis\u00e4\u00e4ntuloportti. Aivan tornin vastap\u00e4\u00e4t\u00e4 sillan toisella puolella on varaus my\u00f6s toiselle 150-metri\u00e4 korkealle pilvenpiirt\u00e4j\u00e4lle, jolle ei kuitenkaan ole viel\u00e4 esitetty mink\u00e4\u00e4nlaista visiota. Toivoa sopii, ett\u00e4 kiintoisa Vancouver House saisi parikseen sit\u00e4 jollain tapaa t\u00e4ydent\u00e4v\u00e4n tornin, mutta asiaan joutuu odottamaan vahvistusta ainakin jonkun vuoden.<\/p>\n<p style=\"text-align: center;\"><a href=\"\/blog\/wp-content\/uploads\/2015\/vancouver_house10.jpg\"><img decoding=\"async\" src=\"\/blog\/wp-content\/uploads\/2015\/vancouver_house10.jpg\" \/><\/a><\/p>\n<p style=\"text-align: center;\"><em>Tontti sillan kupeessa<\/em><\/p>\n<p style=\"text-align: center;\"><a href=\"\/blog\/wp-content\/uploads\/2015\/vancouver_house11.jpg\"><img decoding=\"async\" src=\"\/blog\/wp-content\/uploads\/2015\/thumbs\/thumbs_vancouver_house11.jpg\" \/><\/a><a href=\"\/blog\/wp-content\/uploads\/2015\/vancouver_house12.jpg\"><img decoding=\"async\" src=\"\/blog\/wp-content\/uploads\/2015\/thumbs\/thumbs_vancouver_house12.jpg\" \/><\/a><a href=\"\/blog\/wp-content\/uploads\/2015\/vancouver_house14.jpg\"><img decoding=\"async\" src=\"\/blog\/wp-content\/uploads\/2015\/thumbs\/thumbs_vancouver_house14.jpg\" \/><\/a><\/p>\n<p style=\"text-align: center;\"><em>Kuopasta tuli syv\u00e4<\/em><\/p>\n<p style=\"text-align: center;\"><a href=\"\/blog\/wp-content\/uploads\/2015\/vancouver_house18.jpg\"><img decoding=\"async\" src=\"\/blog\/wp-content\/uploads\/2015\/vancouver_house18.jpg\" \/><\/a><\/p>\n<p style=\"text-align: justify;\">Vancouver Housen nouseminen on ottanut aikansa, sill\u00e4 rakennuksen parkkihallin kaivamisessa kesti todella pitk\u00e4\u00e4n. Korkea 375 asunnon luksustorni vaatii paljon paikoitustilaa, joten kuopasta tuli eritt\u00e4in syv\u00e4. Kuoppaan olikin huippaavaa kurkkia Granville Bridgelt\u00e4, jolta aukenee hyv\u00e4 n\u00e4kym\u00e4 ty\u00f6maahan. Sittemmin kuoppa on t\u00e4yttynyt parkikerroksilla ja itse torni on kohonnut t\u00e4t\u00e4 kirjoittaessa jo noin puoliv\u00e4liin. Kirjoituksen ohessa olevat kuvat on otettu hein\u00e4kuun lopussa, mutta ne antavat osviittaa siit\u00e4 miten kehtova rakennuksesta onkaan tulossa.<\/p>\n<p style=\"text-align: center;\"><a href=\"\/blog\/wp-content\/uploads\/2016\/vancouver_house23.jpg\"><img decoding=\"async\" src=\"\/blog\/wp-content\/uploads\/2016\/vancouver_house23.jpg\" \/><\/a><\/p>\n<p style=\"text-align: center;\"><em>Nosturit saapuivat ty\u00f6maalle<\/em><\/p>\n<p style=\"text-align: center;\"><a href=\"\/blog\/wp-content\/uploads\/2017\/vancouver_house27.jpg\"><img decoding=\"async\" src=\"\/blog\/wp-content\/uploads\/2017\/thumbs\/thumbs_vancouver_house27.jpg\" \/><\/a><a href=\"\/blog\/wp-content\/uploads\/2017\/vancouver_house25.jpg\"><img decoding=\"async\" src=\"\/blog\/wp-content\/uploads\/2017\/thumbs\/thumbs_vancouver_house25.jpg\" \/><\/a><a href=\"\/blog\/wp-content\/uploads\/2017\/vancouver_house26.jpg\"><img decoding=\"async\" src=\"\/blog\/wp-content\/uploads\/2017\/thumbs\/thumbs_vancouver_house26.jpg\" \/><\/a><\/p>\n<p style=\"text-align: center;\"><em>Rakennus alkaa hahmottumaan<\/em><\/p>\n<p style=\"text-align: justify;\">Kest\u00e4\u00e4 kuitenkin viel\u00e4 ensi kes\u00e4\u00e4n ennen kuin Vancouver House alkaa olla lopullisessa koossaan ja muodon hahmottumista joudutaan odottamaan viel\u00e4 pienen hetken. Ilahduttavaa on kuitenkin jo nyt n\u00e4hd\u00e4, ett\u00e4 rakennuksessa tullaan k\u00e4ytt\u00e4m\u00e4\u00e4n korkealuokkaisia ulkosivumateriaaleja, mist\u00e4 on luetun mukaan jopa m\u00e4\u00e4r\u00e4tty erikseen kuuluisan arkkitehtitoimisto BIG:n sopimuksessa. Rakennuksen vastaavana p\u00e4\u00e4arkkitehtina toimii maailmalla paljon mainetta niitt\u00e4nyt tanskalainen t\u00e4htiarkkitehti Bjarke Ingels.<\/p>\n<p style=\"text-align: center;\"><a href=\"\/blog\/wp-content\/uploads\/2017\/vancouver_house_hi-res1.jpg\"><img decoding=\"async\" src=\"\/blog\/wp-content\/uploads\/2017\/thumbs\/thumbs_vancouver_house_hi-res1.jpg\" \/><\/a><\/p>\n<p style=\"text-align: center;\"><em>Paljon on tapahtunut ja tulee viel\u00e4 tapahtumaan<\/em><\/p>\n<p style=\"text-align: justify;\">Lis\u00e4\u00e4 kuvia Vancouver Housesta seuraa varmasti projektin ottaessa viel\u00e4 enemm\u00e4n muotoa ja korkeutta. \ud83d\ude42<\/p>\n","protected":false},"excerpt":{"rendered":"<p>Vancouverin rakennusrintamalla tapahtuu paljon. Kymmenet nostokurjet korkeiden rakennusten huipulla ovat tuttu n\u00e4ky ymp\u00e4ri 2,5 miljoonan asukkaan voimakkaasti rakentuvaa metropolia, joka kohoaa tulikuuman talouden\u00a0mahdollistamana. Vaikka iso osa tuotannosta onkin geneerist\u00e4 ja moneen kertaan toistettuna tyls\u00e4\u00e4, on k\u00e4ynniss\u00e4 useita arkkitehtoonisesti kiintoisia rakennusprojekteja. Valitettavasti niist\u00e4 kaikista ei mitenk\u00e4\u00e4n riit\u00e4 aikaa kirjoittaa, mutta on kuitenkin muutamia projekteja, joista on &hellip; <a href=\"https:\/\/www.vuosiamaailmalla.fi\/blog\/2017\/vancouver-house-ottaa-muotoaan\/\" class=\"more-link\">Jatka lukemista<span class=\"screen-reader-text\"> &#8221;Vancouver House ottaa muotoa&#8221;<\/span><\/a><\/p>\n","protected":false},"author":1,"featured_media":9297,"comment_status":"open","ping_status":"open","sticky":false,"template":"","format":"standard","meta":{"_jetpack_memberships_contains_paid_content":false,"footnotes":""},"categories":[17,3],"tags":[229,418,935,301,939,849,215],"class_list":["post-9294","post","type-post","status-publish","format-standard","has-post-thumbnail","hentry","category-arki-kanadassa","category-arki-ulkomailla","tag-arkkitehtuuri","tag-granville-bridge","tag-kanada","tag-rakennustyomaa","tag-vancouver","tag-vancouver-house","tag-vancouver-yaletown"],"jetpack_featured_media_url":"https:\/\/www.vuosiamaailmalla.fi\/blog\/wp-content\/uploads\/vancouver_house_banner.jpg","jetpack_sharing_enabled":true,"_links":{"self":[{"href":"https:\/\/www.vuosiamaailmalla.fi\/blog\/wp-json\/wp\/v2\/posts\/9294","targetHints":{"allow":["GET"]}}],"collection":[{"href":"https:\/\/www.vuosiamaailmalla.fi\/blog\/wp-json\/wp\/v2\/posts"}],"about":[{"href":"https:\/\/www.vuosiamaailmalla.fi\/blog\/wp-json\/wp\/v2\/types\/post"}],"author":[{"embeddable":true,"href":"https:\/\/www.vuosiamaailmalla.fi\/blog\/wp-json\/wp\/v2\/users\/1"}],"replies":[{"embeddable":true,"href":"https:\/\/www.vuosiamaailmalla.fi\/blog\/wp-json\/wp\/v2\/comments?post=9294"}],"version-history":[{"count":0,"href":"https:\/\/www.vuosiamaailmalla.fi\/blog\/wp-json\/wp\/v2\/posts\/9294\/revisions"}],"wp:featuredmedia":[{"embeddable":true,"href":"https:\/\/www.vuosiamaailmalla.fi\/blog\/wp-json\/wp\/v2\/media\/9297"}],"wp:attachment":[{"href":"https:\/\/www.vuosiamaailmalla.fi\/blog\/wp-json\/wp\/v2\/media?parent=9294"}],"wp:term":[{"taxonomy":"category","embeddable":true,"href":"https:\/\/www.vuosiamaailmalla.fi\/blog\/wp-json\/wp\/v2\/categories?post=9294"},{"taxonomy":"post_tag","embeddable":true,"href":"https:\/\/www.vuosiamaailmalla.fi\/blog\/wp-json\/wp\/v2\/tags?post=9294"}],"curies":[{"name":"wp","href":"https:\/\/api.w.org\/{rel}","templated":true}]}}