{"id":9318,"date":"2013-06-13T12:53:49","date_gmt":"2013-06-13T19:53:49","guid":{"rendered":"http:\/\/13.53.127.146\/?p=9318"},"modified":"2017-11-13T12:55:53","modified_gmt":"2017-11-13T20:55:53","slug":"kameralaitteisto-canon-ef-85mm-f1-2l-ii-usm","status":"publish","type":"post","link":"https:\/\/www.vuosiamaailmalla.fi\/blog\/2013\/kameralaitteisto-canon-ef-85mm-f1-2l-ii-usm\/","title":{"rendered":"Kameralaitteisto: Canon EF 85mm f\/1.2L II USM"},"content":{"rendered":"<p style=\"text-align: justify;\">Valovoima on ter\u00e4vyyden ohella yksi kameralinssin t\u00e4rkeimpi\u00e4 ominaisuuksia. Valovoimaisilla linsseill\u00e4 kuvattaessa mahdollisuus kuvan t\u00e4r\u00e4ht\u00e4miseen on mahdollisimman pieni, mink\u00e4 lis\u00e4ksi se mahdollistaa pienell\u00e4 syv\u00e4ter\u00e4vyydell\u00e4 kikkailun, mill\u00e4 voi puolestaan saada upeita valokuvia. Itse miell\u00e4n valovoimaisiksi linsseiksi f\/2.8 aukkoa nopeammat linssit ja <a title=\"Kameralaitteisto: Canon EF 16-35mm f\/2.8 L II USM\" href=\"https:\/\/www.vuosiamaailmalla.fi\/?p=7552\">laadukkaan linssin<\/a> merkki on valovoiman pysyminen samana koko polttov\u00e4lill\u00e4.<\/p>\n<p><!--more--><\/p>\n<p style=\"text-align: justify;\">f\/2.8 on siit\u00e4 loistava lukema, sett\u00e4 sen avulla pystyy kuvaamaan k\u00e4sivaralta hyvin monenlaisissa tilanteissa. Kuitenkin kun h\u00e4m\u00e4r\u00e4 laskeutuu, joutuu kamera yleens\u00e4 nostamaan ISO-arvoa, mik\u00e4 lis\u00e4\u00e4 kuvien kohinaa siit\u00e4kin huolimatta, ett\u00e4 kohina on\u00a0<a title=\"Kameralaitteisto: Canon EOS 5D Mark III\" href=\"https:\/\/www.vuosiamaailmalla.fi\/?p=3242\"><em>Canon EOS 5D Mark III<\/em><\/a>\u00a0-rungolla kuvatessa pient\u00e4. Niinp\u00e4 todella h\u00e4m\u00e4r\u00e4t tilanteet vaativatkin joko <a title=\"Kameralaitteisto: Gitzo GT2541 ja Arca Swiss Monoball Z1\" href=\"https:\/\/www.vuosiamaailmalla.fi\/?p=4345\">jalustan<\/a> k\u00e4ytt\u00f6\u00e4 tai sitten eritt\u00e4in nopean linssi\u00e4, mik\u00e4 maksaa.<\/p>\n<p style=\"text-align: center;\"><a href=\"\/blog\/wp-content\/uploads\/2014\/canon_ef_85mm_f12_l_ii_usm_banner.jpg\"><img decoding=\"async\" src=\"\/blog\/wp-content\/uploads\/2014\/canon_ef_85mm_f12_l_ii_usm_banner.jpg\" \/><\/a><\/p>\n<p style=\"text-align: center;\"><em>85mm f\/1.2L on massiivinen lasikimpale<\/em><\/p>\n<p style=\"text-align: justify;\">Zoomilinsseiss\u00e4 f\/2.8 on kuninkuusluokka ja t\u00e4t\u00e4 parempaa valovoimaa l\u00f6ytyy vain kiinte\u00e4n polttov\u00e4lin linsseist\u00e4. N\u00e4iden huono puoli on kuitenkin juurikin kiinte\u00e4 polttov\u00e4li, mik\u00e4 tekee kuvan rajaamisesta haastavampaa. Samalla se pakottaa kuitenkin luovuuteen, mutta itse emmin silti pitk\u00e4\u00e4n ennen kiinte\u00e4n polttov\u00e4lin linssin hankintaa.<\/p>\n<p style=\"text-align: justify;\">Suuri valovoima kuitenkin houkuttelin minua, joten aloin syksyll\u00e4 2011 kartoittamaan markkinoilla olevia vaihtoehtoja. Canonin valikoimien kuninkaat ovat kaksi f\/1.2 aukkoarvon omaavaa kiinte\u00e4n polttov\u00e4lin linssi\u00e4, joista toinen 50mm polttov\u00e4lill\u00e4 ja toinen 85mm. Molemmat linssit ovat massiivisia lasikimpaleita, joiden v\u00e4lill\u00e4 pohdin pitk\u00e4\u00e4n. 50mm on erityisesti monen muotokuvaajan suosima <em>sweet spot<\/em> ja se on mielest\u00e4ni voittaja jos kamerana on croppirunko, kuten vanha <a title=\"Kameralaitteisto: Canon EOS 500D (Rebel T1i)\" href=\"https:\/\/www.vuosiamaailmalla.fi\/?p=2915\"><em>Canon EOS 500D<\/em><\/a> kamerarunkoni. T\u00e4ll\u00f6in nimitt\u00e4in 50mm polttov\u00e4li muuttuu croppikertoimen vuoksi 80mm lukemaan, 85mm ollessa jo moniin tilanteisiin liian pitk\u00e4 136mm. \ud83d\udca1<\/p>\n<p style=\"text-align: center;\"><a href=\"\/blog\/wp-content\/uploads\/2014\/canon_ef_85mm_f12_l_ii_usm5.jpg\"><img decoding=\"async\" src=\"\/blog\/wp-content\/uploads\/2014\/canon_ef_85mm_f12_l_ii_usm5.jpg\" \/><\/a><\/p>\n<p style=\"text-align: center;\"><em>Juuri oikea kiinte\u00e4 polttov\u00e4li<\/em><\/p>\n<p style=\"text-align: justify;\">Koska tiesin jo tuolloin hankkivani my\u00f6hemm\u00e4ss\u00e4 vaiheessa t\u00e4yskennoisen kamerarungon, p\u00e4\u00e4dyin valinnassani <em>Canon EF 85mm f\/1.2L II USM<\/em> linssiin. Kyseess\u00e4 on vuonna 2006 julkaistu p\u00e4ivitysversio alunperin vuonna 1989 ilmestyneeseen linssiin, joka on legendaarinen Canonin linssi. Uusi versio on tiedoiltaan hyvin sama kuin alkuper\u00e4inenkin, mutta automaattitarkennuksen nopeus on 1,8-kertainen. T\u00e4m\u00e4 merkitt\u00e4v\u00e4 asia, sill\u00e4 valtavan linssielementin liikuttaminen vaatii aikaa. On silti pakko my\u00f6nt\u00e4\u00e4n, ett\u00e4 uudisversionkin tarkennus on kaikkiin muihin linsseihini verrattuna todellan hidas, varsinkin eri et\u00e4isyyksille tarkennettaessa.<\/p>\n<p style=\"text-align: justify;\">Linssi on kooltaa lyhyt, mutta se painaa kunnioitettavat 1025 grammaa, mik\u00e4 tuntuu k\u00e4dess\u00e4 kimpaleelta. Painon tuntee my\u00f6s kameran nokalla ja linssi\u00e4 harvoin k\u00e4ytt\u00e4v\u00e4n\u00e4 sen k\u00e4yt\u00f6st\u00e4 tulee aluksi ranne kipe\u00e4ksi. Jos paino on ongelma, on 50mm versio per\u00e4ti puolet kevyempi ja siten mahdollisesti parempi vaihtoehto.<\/p>\n<p style=\"text-align: center;\"><a href=\"\/blog\/wp-content\/uploads\/2014\/canon_ef_85mm_f12_l_ii_usm4.jpg\"><img decoding=\"async\" src=\"\/blog\/wp-content\/uploads\/2014\/canon_ef_85mm_f12_l_ii_usm4.jpg\" \/><\/a><\/p>\n<p style=\"text-align: center;\"><em>Suuri lasi tuottaa kirkkaat ja s\u00e4vykk\u00e4\u00e4t kuvat<\/em><\/p>\n<p style=\"text-align: justify;\">K\u00e4yt\u00f6ss\u00e4 tarkennuksen hitauden valitettavasti huomaa ja kuvastilanne saattaa ehti\u00e4 vaihtua niin, ett\u00e4 tarkennus j\u00e4\u00e4 v\u00e4\u00e4r\u00e4\u00e4n kohtaan. Eritt\u00e4in suurella aukolla kuvatessa syv\u00e4ter\u00e4vyys on uskomattoman ohut ja tuottaa kauneimman n\u00e4kem\u00e4ni bokehin kuvan taustalle. T\u00e4m\u00e4 my\u00f6s tekee tarkennuksesta eritt\u00e4in t\u00e4rke\u00e4, mutta oikeaan kohtaan tarkennettuna tulokset ovat maagisia.<\/p>\n<p style=\"text-align: justify;\">Omaksi yll\u00e4tyksekseni linssi tuottaa my\u00f6s laitteistoni kaikkein v\u00e4rikyll\u00e4isimm\u00e4t kuvat. V\u00e4rien kirkkaus sek\u00e4 puhtaus yll\u00e4tt\u00e4\u00e4 itseni joka ainoa kerta sill\u00e4 kuvatessani ja j\u00e4lkik\u00e4teen tuloksia tarkastellessani. Tulokset ovat yksinkertaisesti erinomaiset.<\/p>\n<p style=\"text-align: center;\"><a href=\"\/blog\/wp-content\/uploads\/2014\/canon_ef_85mm_f12_l_ii_usm3.jpg\"><img decoding=\"async\" src=\"\/blog\/wp-content\/uploads\/2014\/canon_ef_85mm_f12_l_ii_usm3.jpg\" \/><\/a><\/p>\n<p style=\"text-align: center;\"><em>Laatulinssi on rakennettu j\u00e4m\u00e4k\u00e4sti<\/em><\/p>\n<p style=\"text-align: justify;\">Oikeastaan t\u00e4ss\u00e4 mieless\u00e4 onkin harmi, ett\u00e4 kuvaan linssill\u00e4 todella harvoin. Ihmettelen asiaa aina itsekin kuvia ottaessani, mutta p\u00e4\u00e4asiallinen syy on muiden zoom-linssien (kuten yleislinssini <a title=\"Kameralaitteisto: Canon EF 24-70mm f\/2.8 L USM\" href=\"https:\/\/www.vuosiamaailmalla.fi\/?p=2927\"><em>Canon EF 24-70mm f\/2.8L USM<\/em><\/a>) parempi yleisk\u00e4ytt\u00f6isyys. f\/1.2 on kuitekin loistava eritt\u00e4in h\u00e4m\u00e4riss\u00e4 olosuhteissa, joissa tied\u00e4n joutuvani kuvaamaan k\u00e4sivaralta. Silloin linssi todellakin loistaa, sill\u00e4 sen kanssa voi kuvata melkein pilkkopime\u00e4ss\u00e4. Automaattitarkennus on haastava t\u00e4llaisissa olosuhteissa ja kuvaan ilmaantuu jonkin verran ISO-kohinaa, mutta linssin tallentaman valon m\u00e4\u00e4r\u00e4 yll\u00e4tt\u00e4\u00e4 silti joka kerta.<\/p>\n<p style=\"text-align: justify;\">Vaikka Canon EF 85mm f\/1.2 II USM onkin eritt\u00e4in kallis linssi, jota k\u00e4yt\u00e4n vain kerran tai kaksi vuodessa \u2757 , olen silti tyytyv\u00e4inen sen kuulumiseen kameralaitteistooni. Pieni k\u00e4ytt\u00f6m\u00e4\u00e4r\u00e4 on l\u00e4hinn\u00e4 oma vikani, sill\u00e4 kamera kyll\u00e4 suoriutuu joka tilanteessa. T\u00e4llaisen linssin parhaimmat k\u00e4ytt\u00f6tilanteet ovat kuitenkin itsell\u00e4ni harvassa, mink\u00e4 vuoksi se s\u00e4ilyy varmasti jatkossakin v\u00e4hiten k\u00e4ytt\u00e4m\u00e4n\u00e4ni linssin\u00e4, jota silti l\u00e4mpim\u00e4sti suosittelen \u00e4\u00e4rimm\u00e4ist\u00e4 valovoimaa haluaville.<\/p>\n<p style=\"text-align: center;\"><a href=\"\/blog\/wp-content\/uploads\/2014\/canon_ef_85mm_f12_l_ii_usm1.jpg\"><img decoding=\"async\" src=\"\/blog\/wp-content\/uploads\/2014\/canon_ef_85mm_f12_l_ii_usm1.jpg\" \/><\/a><\/p>\n<p style=\"text-align: center;\"><em>Linssin mukana tulee my\u00f6s vastavalosuoja<\/em><\/p>\n<p><strong>13. marraskuu 2017 p\u00e4ivitys<\/strong><\/p>\n<p style=\"text-align: justify;\">Olen omistanut linssin nyt yli kuusi vuotta, mutta veikkaan ett\u00e4 kuvauskertojeni m\u00e4\u00e4r\u00e4 sill\u00e4 on edelleen laskettavissa kahden k\u00e4den sormilla. T\u00e4m\u00e4 on edelleenkin vain ja ainoastaan oma vikani, sill\u00e4 rakastan linssill\u00e4 saamiani tuloksia joka kerta sill\u00e4 kuvatessani, mutta normaalit kuvauskohteeni eiv\u00e4t vain vaadi tai kovin k\u00e4tev\u00e4sti taivu kiinte\u00e4n polttov\u00e4lin linssill\u00e4 kuvattavaksi.<\/p>\n<p style=\"text-align: justify;\">Linssi on kuitenkin loistava tapahtumalinssi, sill\u00e4 sen kanssa voi saada upeita kuvia h\u00e4m\u00e4riss\u00e4 ulko- tai sis\u00e4tapahtumissa, mihin jalustaa ei voi tuoda tai k\u00e4ytt\u00e4\u00e4.<\/p>\n<p style=\"text-align: justify;\">Olen my\u00f6s eritt\u00e4in tyytyv\u00e4inen valintaani 85mm polttov\u00e4list\u00e4 50mm sijaan, sill\u00e4 Canon 5D:ll\u00e4 kuvatessani linssi on tarpeeksi pitk\u00e4 ihmisi\u00e4 hieman et\u00e4\u00e4mp\u00e4\u00e4kin kuvatessani. 50mm linssill\u00e4 ihmisi\u00e4 voisi joutua l\u00e4hesty\u00e4 liiaksi, mik\u00e4 saattaa monesti pilata muuten luonnollisen kuvan.<\/p>\n<p style=\"text-align: justify;\">Alla on muutamia kyseisell\u00e4 linssill\u00e4 k\u00e4sivaralla otettuja valokuvia. Kuvia on retusoitu hieman <em>Photoshopissa<\/em>, joten kuvat kertovat l\u00e4hinn\u00e4 miten onnistuneiksi t\u00e4ll\u00e4 linssill\u00e4 otettuja kuvia voi muokata. Kunnollinen arvio linssist\u00e4 raakakuvineen esimerkiksi <a href=\"https:\/\/www.the-digital-picture.com\/Reviews\/Canon-EF-85mm-f-1.2-L-II-USM-Lens-Review.aspx\">t\u00e4\u00e4ll\u00e4<\/a>.<\/p>\n<p style=\"text-align: center;\"><a href=\"\/blog\/wp-content\/uploads\/2017\/kadonneita_sieluja4.jpg\"><img decoding=\"async\" src=\"\/blog\/wp-content\/uploads\/2017\/thumbs\/thumbs_kadonneita_sieluja4.jpg\" \/><\/a><a href=\"\/blog\/wp-content\/uploads\/2017\/kadonneita_sieluja9.jpg\"><img decoding=\"async\" src=\"\/blog\/wp-content\/uploads\/2017\/thumbs\/thumbs_kadonneita_sieluja9.jpg\" \/><\/a><a href=\"\/blog\/wp-content\/uploads\/2017\/kadonneita_sieluja1.jpg\"><img decoding=\"async\" src=\"\/blog\/wp-content\/uploads\/2017\/thumbs\/thumbs_kadonneita_sieluja1.jpg\" \/><\/a><br \/>\n<a href=\"\/blog\/wp-content\/uploads\/2010\/dj.jpg\"><img decoding=\"async\" src=\"\/blog\/wp-content\/uploads\/2010\/thumbs\/thumbs_dj.jpg\" \/><\/a><a href=\"\/blog\/wp-content\/uploads\/2010\/cafe_moskaun_ylakerta.jpg\"><img decoding=\"async\" src=\"\/blog\/wp-content\/uploads\/2010\/thumbs\/thumbs_cafe_moskaun_ylakerta.jpg\" \/><\/a><a href=\"\/blog\/wp-content\/uploads\/2010\/niina_pikkujouluissa.jpg\"><img decoding=\"async\" src=\"\/blog\/wp-content\/uploads\/2010\/thumbs\/thumbs_niina_pikkujouluissa.jpg\" \/><\/a><br \/>\n<a href=\"\/blog\/wp-content\/uploads\/2011\/oktoberfest_orkesteria5.jpg\"><img decoding=\"async\" src=\"\/blog\/wp-content\/uploads\/2011\/thumbs\/thumbs_oktoberfest_orkesteria5.jpg\" \/><\/a><a href=\"\/blog\/wp-content\/uploads\/2011\/rivillinen_dirndl-tyttoja.jpg\"><img decoding=\"async\" src=\"\/blog\/wp-content\/uploads\/2011\/thumbs\/thumbs_rivillinen_dirndl-tyttoja.jpg\" \/><\/a><\/p>\n<p style=\"text-align: justify;\"><em>Valokuvaus on yksi t\u00e4m\u00e4n blogin sivuteema ja ottamiamme valokuvia on n\u00e4ytill\u00e4 tuhansia. Lieneekin paikallaan lausua muutama sana k\u00e4ytt\u00f6ss\u00e4mme olevasta kuvaslaitteistosta. Tarkoitus ei ole esitell\u00e4 tarkkaan mit\u00e4\u00e4n laitteiston osaa, sill\u00e4 t\u00e4m\u00e4n tekev\u00e4t paljon paremmin netin kymmenet kamerasivustot (<a href=\"https:\/\/www.the-digital-picture.com\/\">t\u00e4ss\u00e4<\/a> er\u00e4s itse\u00e4ni miellytt\u00e4v\u00e4). Sen sijaan kerron k\u00e4yt\u00e4nn\u00f6nl\u00e4heisesti omista k\u00e4ytt\u00f6kokemuksestani ja huomioistani pitk\u00e4n k\u00e4yt\u00f6n j\u00e4lkeen.<\/em><\/p>\n","protected":false},"excerpt":{"rendered":"<p>Valovoima on ter\u00e4vyyden ohella yksi kameralinssin t\u00e4rkeimpi\u00e4 ominaisuuksia. Valovoimaisilla linsseill\u00e4 kuvattaessa mahdollisuus kuvan t\u00e4r\u00e4ht\u00e4miseen on mahdollisimman pieni, mink\u00e4 lis\u00e4ksi se mahdollistaa pienell\u00e4 syv\u00e4ter\u00e4vyydell\u00e4 kikkailun, mill\u00e4 voi puolestaan saada upeita valokuvia. Itse miell\u00e4n valovoimaisiksi linsseiksi f\/2.8 aukkoa nopeammat linssit ja laadukkaan linssin merkki on valovoiman pysyminen samana koko polttov\u00e4lill\u00e4.<\/p>\n","protected":false},"author":1,"featured_media":9353,"comment_status":"open","ping_status":"open","sticky":false,"template":"","format":"standard","meta":{"_jetpack_memberships_contains_paid_content":false,"footnotes":""},"categories":[6],"tags":[731,1282,651],"class_list":["post-9318","post","type-post","status-publish","format-standard","has-post-thumbnail","hentry","category-laitteita-ja-vempaimia","tag-canon","tag-canon-ef-85mm-f1-2l-ii-usm","tag-kameralaitteisto"],"jetpack_featured_media_url":"https:\/\/www.vuosiamaailmalla.fi\/blog\/wp-content\/uploads\/canon_ef_85mm_f12_l_ii_usm_banner.jpg","jetpack_sharing_enabled":true,"_links":{"self":[{"href":"https:\/\/www.vuosiamaailmalla.fi\/blog\/wp-json\/wp\/v2\/posts\/9318","targetHints":{"allow":["GET"]}}],"collection":[{"href":"https:\/\/www.vuosiamaailmalla.fi\/blog\/wp-json\/wp\/v2\/posts"}],"about":[{"href":"https:\/\/www.vuosiamaailmalla.fi\/blog\/wp-json\/wp\/v2\/types\/post"}],"author":[{"embeddable":true,"href":"https:\/\/www.vuosiamaailmalla.fi\/blog\/wp-json\/wp\/v2\/users\/1"}],"replies":[{"embeddable":true,"href":"https:\/\/www.vuosiamaailmalla.fi\/blog\/wp-json\/wp\/v2\/comments?post=9318"}],"version-history":[{"count":0,"href":"https:\/\/www.vuosiamaailmalla.fi\/blog\/wp-json\/wp\/v2\/posts\/9318\/revisions"}],"wp:featuredmedia":[{"embeddable":true,"href":"https:\/\/www.vuosiamaailmalla.fi\/blog\/wp-json\/wp\/v2\/media\/9353"}],"wp:attachment":[{"href":"https:\/\/www.vuosiamaailmalla.fi\/blog\/wp-json\/wp\/v2\/media?parent=9318"}],"wp:term":[{"taxonomy":"category","embeddable":true,"href":"https:\/\/www.vuosiamaailmalla.fi\/blog\/wp-json\/wp\/v2\/categories?post=9318"},{"taxonomy":"post_tag","embeddable":true,"href":"https:\/\/www.vuosiamaailmalla.fi\/blog\/wp-json\/wp\/v2\/tags?post=9318"}],"curies":[{"name":"wp","href":"https:\/\/api.w.org\/{rel}","templated":true}]}}