{"id":9359,"date":"2017-11-18T20:34:49","date_gmt":"2017-11-19T04:34:49","guid":{"rendered":"http:\/\/13.53.127.146\/?p=9359"},"modified":"2017-11-18T20:40:20","modified_gmt":"2017-11-19T04:40:20","slug":"aikainen-laskettelukauden-avaus","status":"publish","type":"post","link":"https:\/\/www.vuosiamaailmalla.fi\/blog\/2017\/aikainen-laskettelukauden-avaus\/","title":{"rendered":"Aikainen laskettelukauden avaus"},"content":{"rendered":"<p style=\"text-align: justify;\">Paikallisia laskettelijoita jo pitk\u00e4\u00e4n syyhytt\u00e4nyt l\u00e4hestyv\u00e4 laskettelukauden avaus otti varasl\u00e4hd\u00f6n viime viikon perjantaina, kun paikalliset <a title=\"Kev\u00e4thangilla Cypress Mountainilla\" href=\"https:\/\/www.vuosiamaailmalla.fi\/?p=8864\">Cypress Mountain<\/a> ja <a title=\"Kompurointia ja hauskaa Grouse Mountainin illassa\" href=\"https:\/\/www.vuosiamaailmalla.fi\/?p=7653\">Grouse Mountain<\/a> avasivat molemmat virallisesti kautensa. Marraskuun 10. p\u00e4iv\u00e4 on molemmille keskuksille aikaisin kauden avaus yli 30 vuoteen, miss\u00e4 auttoi edelt\u00e4vien p\u00e4ivien sankka lumisade n\u00e4ill\u00e4 l\u00e4hivuorilla. Auki saatiin kuitenkin vain muutama rinne, joten tempauksella haettiin l\u00e4hinn\u00e4 n\u00e4kyvyytt\u00e4, mutta se oli silti lupaus uuden kauden py\u00f6r\u00e4ht\u00e4misest\u00e4 k\u00e4yntiin!<\/p>\n<p><!--more--><\/p>\n<p style=\"text-align: justify;\">Whistleriss\u00e4 hissit l\u00e4htiv\u00e4t py\u00f6rim\u00e4\u00e4n puolestaan eilen perjantaina, tasan viikko ennakoitua aiemmin. P\u00e4\u00e4t\u00f6st\u00e4 joudutti keskiviikon eritt\u00e4in runsas lumentulo, kun lunta satoi vuorokaudessa per\u00e4ti 86 senttimetri\u00e4, ty\u00f6nt\u00e4en kauden lumim\u00e4\u00e4r\u00e4n jo t\u00e4ss\u00e4 vaiheessa l\u00e4helle 2,5 metri\u00e4. T\u00e4ll\u00e4 tiedolla meid\u00e4n olikin aivan pakko ajaa t\u00e4n\u00e4\u00e4n lauantaina Whistleriin aloittamaan my\u00f6s oma kautemme.\u00a0 \ud83d\ude00<\/p>\n<p style=\"text-align: center;\"><a href=\"\/blog\/wp-content\/uploads\/2017\/uskomattomasti_lunta.jpg\"><img decoding=\"async\" src=\"\/blog\/wp-content\/uploads\/2017\/uskomattomasti_lunta.jpg\" \/><\/a><\/p>\n<p style=\"text-align: center;\"><em>Melkoiset alkukauden lukemat<\/em><\/p>\n<p style=\"text-align: justify;\">Matkaan l\u00e4hdettiin ennen aamukuutta, sill\u00e4 s\u00e4\u00e4ennuste lupasi p\u00e4iv\u00e4ksi lumisateita, mik\u00e4 saattaisi vaikeuttaa perille p\u00e4\u00e4sy\u00e4. Meill\u00e4 on <a title=\"2017 BMW X1 xDrive28i\" href=\"https:\/\/www.vuosiamaailmalla.fi\/?p=8983\">bemarissa<\/a> alla uudet talvirenkaat, mutta kokemuksesta tied\u00e4mme monien suuntaavan Whistleriin jopa pelkill\u00e4 kes\u00e4renkailla. Tiell\u00e4 ei ollut kuitenkaan mit\u00e4\u00e4n ongelmaa, sill\u00e4 pakkasraja oli vain hitusen maantien yl\u00e4puolella ja sade tuli n\u00e4in ollen veten\u00e4.<\/p>\n<p style=\"text-align: center;\"><a href=\"\/blog\/wp-content\/uploads\/2017\/whistler_2017_avaus1.jpg\"><img decoding=\"async\" src=\"\/blog\/wp-content\/uploads\/2017\/whistler_2017_avaus1.jpg\" \/><\/a><\/p>\n<p style=\"text-align: center;\"><em>Aamuinen jono<\/em><\/p>\n<p style=\"text-align: justify;\">Olimme Whistleriss\u00e4 per\u00e4ti 45 minuuttia ennen virallista avajaisaikaa, jolloin paikalla oli jo noin 50 muutakin innokasta. Hissit alkoivat kuitenkin ottamaan kyytiin jo puoli tuntia avausta aiemmin ja niinp\u00e4 olimme vuorella aamuvarhaisella. Ylh\u00e4\u00e4ll\u00e4 maisema oli kuin keskitalvelta, sill\u00e4 puut olivat paksun lumen peitossa. Itse rinteet olivat t\u00e4ydellisess\u00e4 tikiss\u00e4, sill\u00e4 lunta oli enemm\u00e4n kuin koskaan aiemmin n\u00e4in aikaisin ja <a title=\"Vuoden ensimm\u00e4inen puuterip\u00e4iv\u00e4\" href=\"https:\/\/www.vuosiamaailmalla.fi\/?p=8630\">pehme\u00e4ss\u00e4 puuterissa<\/a> oli taivaallista laskea.<\/p>\n<p style=\"text-align: center;\"><a href=\"\/blog\/wp-content\/uploads\/2017\/whistler_2017_avaus3.jpg\"><img decoding=\"async\" src=\"\/blog\/wp-content\/uploads\/2017\/thumbs\/thumbs_whistler_2017_avaus3.jpg\" \/><\/a><a href=\"\/blog\/wp-content\/uploads\/2017\/whistler_2017_avaus2.jpg\"><img decoding=\"async\" src=\"\/blog\/wp-content\/uploads\/2017\/thumbs\/thumbs_whistler_2017_avaus2.jpg\" \/><\/a><a href=\"\/blog\/wp-content\/uploads\/2017\/whistler_2017_avaus4.jpg\"><img decoding=\"async\" src=\"\/blog\/wp-content\/uploads\/2017\/thumbs\/thumbs_whistler_2017_avaus4.jpg\" \/><\/a><\/p>\n<p style=\"text-align: center;\"><em>Erinomainen ensimm\u00e4inen laskettelup\u00e4iv\u00e4<\/em><\/p>\n<p style=\"text-align: justify;\">Mieli olisi tahtonut jatkaa pidemp\u00e4\u00e4nkin, mutta alkukauden laskettelukunto riitti vain 12 m\u00e4keen. Se on kuitenkin hyv\u00e4 startti kauteen ja alkukauden laskettelup\u00e4iv\u00e4t ovat meille <em>Edge Cardin<\/em> omistaville joka tapauksessa ilmaisia, joten asiasta on turha hikoilla.<\/p>\n<p style=\"text-align: justify;\">Tulevasta kaudesta povataan t\u00e4ll\u00e4 hetkell\u00e4 eritt\u00e4in lumista. Virallisesti viime talvea ei n\u00e4ytet\u00e4 pidetyn varsinaisena <a title=\"Lupaus La Ni\u00f1asta\" href=\"https:\/\/www.vuosiamaailmalla.fi\/?p=8573\"><em>La Ni\u00f1a<\/em> -talvena<\/a>, vaikka koko <a title=\"La Ni\u00f1a talven lopputulos\" href=\"https:\/\/www.vuosiamaailmalla.fi\/?p=9062\">kausi olikin erinomainen<\/a>. Tulee t\u00e4st\u00e4 kaudesta sitten loistava tai vain kohtuullinen, me olemme valmiita. Hankin <a title=\"Thanksgiving Day\" href=\"https:\/\/www.vuosiamaailmalla.fi\/?p=813\">kiitosp\u00e4iv\u00e4n<\/a> aikaan alennusmyynnist\u00e4 itselleni uupouudet laskettelulasit juuri haastaviin olosuhteisiin ja t\u00e4n\u00e4isess\u00e4 pilvisess\u00e4 keliss\u00e4 lasit suoriutuivat erinomaisesti. T\u00e4st\u00e4 on siis hyv\u00e4 jatkaa kohti uusia rinteit\u00e4! \ud83d\ude1b<\/p>\n<p style=\"text-align: center;\"><a href=\"\/blog\/wp-content\/uploads\/2017\/uudet_lasit1.jpg\"><img decoding=\"async\" src=\"\/blog\/wp-content\/uploads\/2017\/thumbs\/thumbs_uudet_lasit1.jpg\" \/><\/a><a href=\"\/blog\/wp-content\/uploads\/2017\/uudet_lasit2.jpg\"><img decoding=\"async\" src=\"\/blog\/wp-content\/uploads\/2017\/thumbs\/thumbs_uudet_lasit2.jpg\" \/><\/a><\/p>\n<p style=\"text-align: center;\"><em>Valmiina seuraaviin m\u00e4kiin<\/em><\/p>\n","protected":false},"excerpt":{"rendered":"<p>Paikallisia laskettelijoita jo pitk\u00e4\u00e4n syyhytt\u00e4nyt l\u00e4hestyv\u00e4 laskettelukauden avaus otti varasl\u00e4hd\u00f6n viime viikon perjantaina, kun paikalliset Cypress Mountain ja Grouse Mountain avasivat molemmat virallisesti kautensa. Marraskuun 10. p\u00e4iv\u00e4 on molemmille keskuksille aikaisin kauden avaus yli 30 vuoteen, miss\u00e4 auttoi edelt\u00e4vien p\u00e4ivien sankka lumisade n\u00e4ill\u00e4 l\u00e4hivuorilla. Auki saatiin kuitenkin vain muutama rinne, joten tempauksella haettiin l\u00e4hinn\u00e4 n\u00e4kyvyytt\u00e4, &hellip; <a href=\"https:\/\/www.vuosiamaailmalla.fi\/blog\/2017\/aikainen-laskettelukauden-avaus\/\" class=\"more-link\">Jatka lukemista<span class=\"screen-reader-text\"> &#8221;Aikainen laskettelukauden avaus&#8221;<\/span><\/a><\/p>\n","protected":false},"author":1,"featured_media":9360,"comment_status":"open","ping_status":"open","sticky":false,"template":"","format":"standard","meta":{"_jetpack_memberships_contains_paid_content":false,"footnotes":""},"categories":[17,3],"tags":[25,34,935,173,202,218],"class_list":["post-9359","post","type-post","status-publish","format-standard","has-post-thumbnail","hentry","category-arki-kanadassa","category-arki-ulkomailla","tag-ajankohtaista","tag-arki","tag-kanada","tag-laskettelu","tag-talvi","tag-whistler"],"jetpack_featured_media_url":"https:\/\/www.vuosiamaailmalla.fi\/blog\/wp-content\/uploads\/whistler_2017_avaus_banner.jpg","jetpack_sharing_enabled":true,"_links":{"self":[{"href":"https:\/\/www.vuosiamaailmalla.fi\/blog\/wp-json\/wp\/v2\/posts\/9359","targetHints":{"allow":["GET"]}}],"collection":[{"href":"https:\/\/www.vuosiamaailmalla.fi\/blog\/wp-json\/wp\/v2\/posts"}],"about":[{"href":"https:\/\/www.vuosiamaailmalla.fi\/blog\/wp-json\/wp\/v2\/types\/post"}],"author":[{"embeddable":true,"href":"https:\/\/www.vuosiamaailmalla.fi\/blog\/wp-json\/wp\/v2\/users\/1"}],"replies":[{"embeddable":true,"href":"https:\/\/www.vuosiamaailmalla.fi\/blog\/wp-json\/wp\/v2\/comments?post=9359"}],"version-history":[{"count":0,"href":"https:\/\/www.vuosiamaailmalla.fi\/blog\/wp-json\/wp\/v2\/posts\/9359\/revisions"}],"wp:featuredmedia":[{"embeddable":true,"href":"https:\/\/www.vuosiamaailmalla.fi\/blog\/wp-json\/wp\/v2\/media\/9360"}],"wp:attachment":[{"href":"https:\/\/www.vuosiamaailmalla.fi\/blog\/wp-json\/wp\/v2\/media?parent=9359"}],"wp:term":[{"taxonomy":"category","embeddable":true,"href":"https:\/\/www.vuosiamaailmalla.fi\/blog\/wp-json\/wp\/v2\/categories?post=9359"},{"taxonomy":"post_tag","embeddable":true,"href":"https:\/\/www.vuosiamaailmalla.fi\/blog\/wp-json\/wp\/v2\/tags?post=9359"}],"curies":[{"name":"wp","href":"https:\/\/api.w.org\/{rel}","templated":true}]}}