{"id":9379,"date":"2017-12-07T19:28:25","date_gmt":"2017-12-08T03:28:25","guid":{"rendered":"http:\/\/13.53.127.146\/?p=9379"},"modified":"2021-02-07T18:53:02","modified_gmt":"2021-02-08T02:53:02","slug":"itsenaisyyspaivan-juhlagaala-vancouverissa","status":"publish","type":"post","link":"https:\/\/www.vuosiamaailmalla.fi\/blog\/2017\/itsenaisyyspaivan-juhlagaala-vancouverissa\/","title":{"rendered":"Itsen\u00e4isyysp\u00e4iv\u00e4n juhlagaala Vancouverissa"},"content":{"rendered":"<p style=\"text-align: justify;\">Eilen keskiviikkona juhlittiin Suomen juhlavuoden huipentumaa, kun pikkuruinen Suomi t\u00e4ytti 100 vuotta ja nousi yli satavuotiaiden itsen\u00e4isten maiden joukkoon. Kyseess\u00e4 on suuri lukema pienelle maalle, joka on kokenut itsen\u00e4isyyteens\u00e4 aikana monenlaisia aikoja. Kaikki suomalaisten ty\u00f6 on kuitenkin johtanut tunnustetuksi menestystarinaksi, jonka johdosta monet meist\u00e4kin ovat voineet ottaa ison askeleen muuttaa my\u00f6s ulkomaille.<\/p>\n<p style=\"text-align: justify;\">Juhlavuotta on juhlittu Suomessa pitkin vuotta ja <em>Suomi 100<\/em> -teeman alla on j\u00e4rjestetty tapahtumia, vuoltu kaarnaveneit\u00e4 sek\u00e4 juhlittu erin\u00e4isin menoin. Juhlat ovat ulottuneet my\u00f6s Suomen rajojen ulkopuolelle, jossa arvioidaan asuvan\u00a0 nykyisin noin kaksi miljoonaa suomalaiset sukujuuret omaavaa.<\/p>\n<p><!--more--><\/p>\n<p style=\"text-align: center;\"><a href=\"\/blog\/wp-content\/uploads\/2017\/suomi_100.jpg\"><img decoding=\"async\" src=\"\/blog\/wp-content\/uploads\/2017\/suomi_100.jpg\" \/><\/a><\/p>\n<p style=\"text-align: justify;\">Kanadassa suomalaista perim\u00e4\u00e4 raportoi 136 000 ihmist\u00e4, mik\u00e4 on hieman noin 0,4% koko maan <a title=\"Kanada laski v\u00e4est\u00f6ns\u00e4\" href=\"https:\/\/www.vuosiamaailmalla.fi\/?p=9038\">35 miljoonasta asukkaasta<\/a>. Eniten suomalaisia l\u00f6ytyy Kanadan suurimman provinssin alueelta Ontariosta, jossa meit\u00e4 on l\u00e4hes 75 000 erityisesti <a title=\"Taivaisiin kasvanut Toronto\" href=\"https:\/\/www.vuosiamaailmalla.fi\/?p=3097\">Toronton<\/a> ja Thunder Bayn alueella. T\u00e4\u00e4ll\u00e4 British Columbiassa suomalaisjuuret l\u00f6ytyy l\u00e4hes 35 000:lta, joista monet saapuivat t\u00e4nne t\u00f6ihin toista maailmansotaa ymp\u00e4r\u00f6ivin\u00e4 vuosikymmenin\u00e4 mets\u00e4- ja kaivosalalle.<\/p>\n<p style=\"text-align: justify;\">T\u00e4t\u00e4 taustaa vasten olikin hienoa ottaa merkkip\u00e4iv\u00e4n iltana osaa Vancouverin Coal Harbourissa sijaitsevalla uudella kongressikeskuksella <em>Finland House Societyn<\/em> aktiivien j\u00e4rjest\u00e4m\u00e4\u00e4n itsen\u00e4isyysp\u00e4iv\u00e4n juhlagaalaan. Liput saimme hankittua paikallisten tuttaviemme kautta ennen kuin kaikki 360 lippua myytiin loppuun.<\/p>\n<p style=\"text-align: center;\"><a href=\"\/blog\/wp-content\/uploads\/2017\/itsenaisyyspaivan_juhlagaala2.jpg\"><img decoding=\"async\" src=\"\/blog\/wp-content\/uploads\/2017\/itsenaisyyspaivan_juhlagaala2.jpg\" \/><\/a><\/p>\n<p style=\"text-align: center;\"><em>Suomalaisen n\u00e4k\u00f6ist\u00e4 porukkaa<\/em><\/p>\n<p style=\"text-align: justify;\">Emme ole Niinan kanssa olleet juurikaan mukana paikallisessa Suomi-toiminnassa, joten olikin erikoista n\u00e4hd\u00e4 niin monia suomalaisia. Kuten olettaa saattoi, oli suuri osa osallistujista jo ty\u00f6i\u00e4n loppupuolella olevia sek\u00e4 el\u00e4kel\u00e4isi\u00e4, joukossa my\u00f6s kaksi sotaveteraania. Monet n\u00e4ist\u00e4 ovat muuttaneet Kanadaan jo 50- ja 60-luvuilla, ja monilla oli mukanaan kanadalainen puolisonsa, perheens\u00e4 tai yst\u00e4v\u00e4porukkansa. Oli silti hieman outoa n\u00e4hd\u00e4 p\u00e4iv\u00e4nselv\u00e4sti suomalaisia mummoja ja pappoja perinteisiss\u00e4 kansallispuvussa, sill\u00e4 yleens\u00e4 sit\u00e4 t\u00f6rm\u00e4\u00e4 vain suunnilleen omanik\u00e4isiin.<\/p>\n<p style=\"text-align: justify;\">Tilaisuus alkoi iltakuudelta ja vieraat p\u00e4\u00e4stettiin varsinaiseen juhlasaliin tuntia my\u00f6hemmin. Salissa vieraat oli ryhmitelty kymmenen hengen p\u00f6ytiin, jotka oli koristeltu koko salin tavoin sinivalkoisin v\u00e4rein. Illan juontajina toimivat Vancouverin <em>Finlandia Clubin<\/em> puheenjohtaja Esko Kajander sek\u00e4 vastik\u00e4\u00e4n Tampereelta Nanaimoon muuttanut entinen <em>Yleisradion<\/em> radio\u00e4\u00e4ni Mia Halonen.<\/p>\n<p style=\"text-align: center;\"><a href=\"\/blog\/wp-content\/uploads\/2017\/itsenaisyyspaivan_juhlagaala5.jpg\"><img decoding=\"async\" src=\"\/blog\/wp-content\/uploads\/2017\/thumbs\/thumbs_itsenaisyyspaivan_juhlagaala5.jpg\" \/><\/a><a href=\"\/blog\/wp-content\/uploads\/2017\/itsenaisyyspaivan_juhlagaala7.jpg\"><img decoding=\"async\" src=\"\/blog\/wp-content\/uploads\/2017\/thumbs\/thumbs_itsenaisyyspaivan_juhlagaala7.jpg\" \/><\/a><\/p>\n<p style=\"text-align: center;\"><em>Juhlavasti koristeltu tila<\/em><\/p>\n<p style=\"text-align: justify;\">Juhlan aluksi vastaanotettiin juhlamenoin Suomen ja Kanadan liput, sek\u00e4 laulettiin molempien maiden kansallislaulut. T\u00e4m\u00e4n j\u00e4lkeen n\u00e4htiin Sauli Niinist\u00f6n videotervehdys kaikille ulkosuomalaisille sek\u00e4 kuultiin British Columbian kauppaministerin puhe.<\/p>\n<p style=\"text-align: center;\"><a href=\"\/blog\/wp-content\/uploads\/2017\/itsenaisyyspaivan_juhlagaala4.jpg\"><img decoding=\"async\" src=\"\/blog\/wp-content\/uploads\/2017\/thumbs\/thumbs_itsenaisyyspaivan_juhlagaala4.jpg\" \/><\/a><a href=\"\/blog\/wp-content\/uploads\/2017\/itsenaisyyspaivan_juhlagaala1.jpg\"><img decoding=\"async\" src=\"\/blog\/wp-content\/uploads\/2017\/thumbs\/thumbs_itsenaisyyspaivan_juhlagaala1.jpg\" \/><\/a><\/p>\n<p style=\"text-align: center;\"><em>Meid\u00e4n juhlap\u00f6yt\u00e4mme<\/em><\/p>\n<p style=\"text-align: justify;\">Illan kohokohta oli tietenkin hieno illallinen, joka harmiksemme ei kuitenkaan sis\u00e4lt\u00e4nyt suomalaista teemaista ruokaa. Niina oli nimitt\u00e4in toivonut saavansa karjalanpiirakoita, mutta ruoka oli t\u00e4st\u00e4 huolimatta eritt\u00e4in hyv\u00e4 kattaus paikallisia herkkuja.<\/p>\n<p style=\"text-align: justify;\">Vieraiden nauttiessa illallista, jatkui ohjelma katsauksella Suomen satavuotiaaseen historiaan vuosikymmenitt\u00e4in. Videokoosteiden lis\u00e4ksi n\u00e4htiin ja kuultiin jokaiselta vuosikymmenelt\u00e4 musiikkiesityksi\u00e4, joita esittiv\u00e4t suomalaisjuuret omaava naislaulaja sek\u00e4 sopraano. Noin puolentoista tunnin mittainen kooste oli eritt\u00e4in hyvin laadittu ja musiikkiesitykset olivat varsinkin 80-luvulle tultaessa kaikille niin tuttuja, ett\u00e4 yleis\u00f6 yhtyi <em>Dingon<\/em>\u00a0ja <em>Jari Sillanp\u00e4\u00e4n<\/em> s\u00e4veliin.<\/p>\n<p style=\"text-align: center;\"><a href=\"\/blog\/wp-content\/uploads\/2017\/itsenaisyyspaivan_juhlagaala3.jpg\"><img decoding=\"async\" src=\"\/blog\/wp-content\/uploads\/2017\/thumbs\/thumbs_itsenaisyyspaivan_juhlagaala3.jpg\" \/><\/a><a href=\"\/blog\/wp-content\/uploads\/2017\/itsenaisyyspaivan_juhlagaala6.jpg\"><img decoding=\"async\" src=\"\/blog\/wp-content\/uploads\/2017\/thumbs\/thumbs_itsenaisyyspaivan_juhlagaala6.jpg\" \/><\/a><\/p>\n<p style=\"text-align: center;\"><em>Kanadalainenkin ruoka oli hyv\u00e4\u00e4<\/em><\/p>\n<p style=\"text-align: justify;\">Illan p\u00e4\u00e4ttiv\u00e4t Vancouverin kunniakonsuli Tom Nybergin pit\u00e4m\u00e4 puhe sek\u00e4 Finland House Societyn vet\u00e4j\u00e4n Pauli Juoksu esittelem\u00e4t juhlan j\u00e4rjest\u00e4j\u00e4t sek\u00e4 tietopaketti Suomi-keskuksen toiminnasta.<\/p>\n<p style=\"text-align: justify;\">Meill\u00e4 olikin Niinan kanssa eritt\u00e4in mukava gaalailta hyv\u00e4ss\u00e4 seurassa ja ehdottomasti kotimaisissa tunnelmissa. Itsen\u00e4isyysp\u00e4iv\u00e4\u00e4 ei ole tullut vietetty\u00e4 viime vuosina kovinkaan suuresti nyt, kun ulkomailla on tullut asuttua jo <a title=\"11 vuotta maailmalla\" href=\"https:\/\/www.vuosiamaailmalla.fi\/?p=9102\">yli 11 vuotta<\/a>. Aiemmin mekin katsoimme Linna juhlien webbil\u00e4hetyst\u00e4, mutta se on j\u00e4\u00e4nyt viime vuosina osin sen takia, ett\u00e4 juhlavastaanotto tapahtuu aamup\u00e4iv\u00e4ll\u00e4 t\u00e4k\u00e4l\u00e4ist\u00e4 aikaa, mutta my\u00f6s muutenkin. Siksi olikin hienoa saada juhlistaa merkkivuotta n\u00e4in upein menoin!<\/p>\n","protected":false},"excerpt":{"rendered":"<p>Eilen keskiviikkona juhlittiin Suomen juhlavuoden huipentumaa, kun pikkuruinen Suomi t\u00e4ytti 100 vuotta ja nousi yli satavuotiaiden itsen\u00e4isten maiden joukkoon. Kyseess\u00e4 on suuri lukema pienelle maalle, joka on kokenut itsen\u00e4isyyteens\u00e4 aikana monenlaisia aikoja. Kaikki suomalaisten ty\u00f6 on kuitenkin johtanut tunnustetuksi menestystarinaksi, jonka johdosta monet meist\u00e4kin ovat voineet ottaa ison askeleen muuttaa my\u00f6s ulkomaille. Juhlavuotta on juhlittu &hellip; <a href=\"https:\/\/www.vuosiamaailmalla.fi\/blog\/2017\/itsenaisyyspaivan-juhlagaala-vancouverissa\/\" class=\"more-link\">Jatka lukemista<span class=\"screen-reader-text\"> &#8221;Itsen\u00e4isyysp\u00e4iv\u00e4n juhlagaala Vancouverissa&#8221;<\/span><\/a><\/p>\n","protected":false},"author":1,"featured_media":9381,"comment_status":"open","ping_status":"open","sticky":false,"template":"","format":"standard","meta":{"_jetpack_memberships_contains_paid_content":false,"footnotes":""},"categories":[17,3],"tags":[25,1287,935,198,1035,939,211],"class_list":["post-9379","post","type-post","status-publish","format-standard","has-post-thumbnail","hentry","category-arki-kanadassa","category-arki-ulkomailla","tag-ajankohtaista","tag-itsenaisyyspaiva","tag-kanada","tag-suomi","tag-ulkosuomalaisuus","tag-vancouver","tag-vancouver-coal-harbour"],"jetpack_featured_media_url":"https:\/\/www.vuosiamaailmalla.fi\/blog\/wp-content\/uploads\/itsenaisyyspaivan_juhlagaala_banner.jpg","jetpack_sharing_enabled":true,"_links":{"self":[{"href":"https:\/\/www.vuosiamaailmalla.fi\/blog\/wp-json\/wp\/v2\/posts\/9379","targetHints":{"allow":["GET"]}}],"collection":[{"href":"https:\/\/www.vuosiamaailmalla.fi\/blog\/wp-json\/wp\/v2\/posts"}],"about":[{"href":"https:\/\/www.vuosiamaailmalla.fi\/blog\/wp-json\/wp\/v2\/types\/post"}],"author":[{"embeddable":true,"href":"https:\/\/www.vuosiamaailmalla.fi\/blog\/wp-json\/wp\/v2\/users\/1"}],"replies":[{"embeddable":true,"href":"https:\/\/www.vuosiamaailmalla.fi\/blog\/wp-json\/wp\/v2\/comments?post=9379"}],"version-history":[{"count":2,"href":"https:\/\/www.vuosiamaailmalla.fi\/blog\/wp-json\/wp\/v2\/posts\/9379\/revisions"}],"predecessor-version":[{"id":11699,"href":"https:\/\/www.vuosiamaailmalla.fi\/blog\/wp-json\/wp\/v2\/posts\/9379\/revisions\/11699"}],"wp:featuredmedia":[{"embeddable":true,"href":"https:\/\/www.vuosiamaailmalla.fi\/blog\/wp-json\/wp\/v2\/media\/9381"}],"wp:attachment":[{"href":"https:\/\/www.vuosiamaailmalla.fi\/blog\/wp-json\/wp\/v2\/media?parent=9379"}],"wp:term":[{"taxonomy":"category","embeddable":true,"href":"https:\/\/www.vuosiamaailmalla.fi\/blog\/wp-json\/wp\/v2\/categories?post=9379"},{"taxonomy":"post_tag","embeddable":true,"href":"https:\/\/www.vuosiamaailmalla.fi\/blog\/wp-json\/wp\/v2\/tags?post=9379"}],"curies":[{"name":"wp","href":"https:\/\/api.w.org\/{rel}","templated":true}]}}