{"id":9384,"date":"2017-12-09T17:01:47","date_gmt":"2017-12-10T01:01:47","guid":{"rendered":"http:\/\/13.53.127.146\/?p=9384"},"modified":"2021-02-20T11:51:09","modified_gmt":"2021-02-20T19:51:09","slug":"alla-uudet-talvirenkaat","status":"publish","type":"post","link":"https:\/\/www.vuosiamaailmalla.fi\/blog\/2017\/alla-uudet-talvirenkaat\/","title":{"rendered":"Alla uudet talvirenkaat"},"content":{"rendered":"<p style=\"text-align: justify;\">Talvirenkaille on ollut t\u00e4n\u00e4 vuonna Vancouverin alueella runsaasti kysynt\u00e4\u00e4. <a title=\"Lumikaaos yll\u00e4tti Vancouverin\" href=\"https:\/\/www.vuosiamaailmalla.fi\/?p=8635\">Viime vuoden lumikaaos<\/a> on nimitt\u00e4in saanut ihmiset rengaskaupoille ja monet tuttavammekin ovat ensikertaa miettim\u00e4ss\u00e4 kunnollisten talvirenkaiden hankintaa. Viime vuonnahan talvirenkaat loppuivat kiivaimman sesongin aikana koko l\u00e4ntisest\u00e4 Kanadasta ja kuullun perusteella ennen joulua renkaat tilanneet joutuivat odottamaan uusia renkaitaan aina kev\u00e4talveen saakka, jolloin talvi olikin jo ohitse.<\/p>\n<p><!--more--><\/p>\n<p style=\"text-align: justify;\">Meille viime talvi ei tuottanut ongelmia, sill\u00e4 allamme olivat heti ensimm\u00e4isen\u00e4 kev\u00e4\u00e4n\u00e4 ostetut bemarin valmistamat talvirenkaat. Talvirenkaat eiv\u00e4t ole varsinaisesti <a title=\"Talvirenkaat British Columbiassa\" href=\"https:\/\/www.vuosiamaailmalla.fi\/?p=181\">pakolliset British Columbiassa<\/a>, mutta vuorille sek\u00e4 sis\u00e4maahan <a title=\"Viikonloppu Okanagan rinteiss\u00e4\" href=\"https:\/\/www.vuosiamaailmalla.fi\/?p=7873\">talvella matkaavien<\/a> on kyll\u00e4 syyt\u00e4 sellaiset omistaa. Jotkut yritt\u00e4v\u00e4t selvit\u00e4 ketjujen kanssa <a title=\"Jumissa Coquihalla Highwaylla\" href=\"http:\/\/www.vuosiamaailmalla.fi\/blog\/2017\/8940\/\">pahimpien talvimyrskyjenkin<\/a> l\u00e4vitse, mutta itsell\u00e4 sellaiseen riskiin ei olisi haluja.<\/p>\n<p style=\"text-align: center;\"><a href=\"\/blog\/wp-content\/uploads\/2017\/vanhat_talvirenkaat.jpg\"><img decoding=\"async\" src=\"\/blog\/wp-content\/uploads\/2017\/vanhat_talvirenkaat.jpg\" \/><\/a><\/p>\n<p style=\"text-align: center;\"><em>Vanhat pikkuvanteet<\/em><\/p>\n<p style=\"text-align: justify;\">Olemmekin ajaneet viimeiset viisi talvea turvallisin mielin samoilla\u00a0 talvirenkailla, jotka sopivat <a title=\"2012 BMW X1 xDrive28i\" href=\"https:\/\/www.vuosiamaailmalla.fi\/?p=201\">kahden<\/a> <a title=\"2014 BMW X1 xDrive35i\" href=\"https:\/\/www.vuosiamaailmalla.fi\/?p=2938\">ensimm\u00e4isen<\/a> automme alle. Kuitenkin nyt uuteen <a title=\"2017 BMW X1 xDrive28i\" href=\"https:\/\/www.vuosiamaailmalla.fi\/?p=8983\">kakkossukupolven BMW X1:een<\/a> siirrytty\u00e4mme uusien renkaiden hankinta tuli taas ajankohtaiseksi, sill\u00e4 vanhat vanteet eiv\u00e4t en\u00e4\u00e4 sopineet uuteen autoon. T\u00e4m\u00e4 oli tietenkin harmi turhana rahan menona, joskin olin my\u00f6skin kaipaillut uuden auton alle vanhoja 17 tuuman vanteita n\u00e4ytt\u00e4v\u00e4mp\u00e4\u00e4 vaihtoehtoa.<\/p>\n<p style=\"text-align: justify;\">K\u00e4vimme tiedustelemassa uusien talvirenkaiden hintoja paikalliselta bemariliikkeelt\u00e4, jossa ly\u00f6tiin tiskiin suolainen $3400 dollarin hinta. Se ei innostanut meit\u00e4 alkuunkaan, etenkin kun saatavilla olevat vanteet olivat mielest\u00e4ni poikkeuksellisen rumat. Niinp\u00e4 p\u00e4\u00e4dyinkin selailemaan muiden rengasliikkeiden nettisivuja, mist\u00e4 l\u00f6yt\u00e4\u00e4 jos jonkinlaista rengasta ja vannetta. Harmillisesti <em>Nokian<\/em> talvirenkaita myy Kanadassa ainoastaan paikallinen <em>Kaltire<\/em>, jonka hinnat olivat netiss\u00e4kin suolaiset.<\/p>\n<p style=\"text-align: center;\"><a href=\"\/blog\/wp-content\/uploads\/2017\/uudet_talvirenkaat2.jpg\"><img decoding=\"async\" src=\"\/blog\/wp-content\/uploads\/2017\/thumbs\/thumbs_uudet_talvirenkaat2.jpg\" \/><\/a><a href=\"\/blog\/wp-content\/uploads\/2017\/uudet_talvirenkaat3.jpg\"><img decoding=\"async\" src=\"\/blog\/wp-content\/uploads\/2017\/thumbs\/thumbs_uudet_talvirenkaat3.jpg\" \/><\/a><a href=\"\/blog\/wp-content\/uploads\/2017\/uudet_talvirenkaat6.jpg\"><img decoding=\"async\" src=\"\/blog\/wp-content\/uploads\/2017\/thumbs\/thumbs_uudet_talvirenkaat6.jpg\" \/><\/a><\/p>\n<p style=\"text-align: center;\"><em>Uudet renkaat alla<\/em><\/p>\n<p style=\"text-align: justify;\">Voittajaksi selviytyikin lopulta amerikkalainen <a href=\"http:\/\/tirerack.com\"><em>TireRack<\/em><\/a> -verkkokauppa, jonka sivut tekiv\u00e4t ostokokemuksesta helpon my\u00f6s ensikertalaisille. Kaupan laajasta valikoimasta p\u00e4\u00e4dyin lopulta italialaisen vannevalmistaja MSW:n 18 tuuman erikoisvanteisiin, jotka n\u00e4yttiv\u00e4t muutamissa l\u00f6yt\u00e4miss\u00e4ni kuvissa hienolta samanlaisen auton alla. My\u00f6s hinta oli kohdillaan, siit\u00e4kin huolimatta ett\u00e4 toimitus <a title=\"Rajashoppailussa enn\u00e4tyslukemat\" href=\"http:\/\/www.vuosiamaailmalla.fi\/blog\/2012\/rajashoppailussa-ennatyslukemat\/\">rajan ylitse<\/a> maksoi nelj\u00e4sataa dollaria. Loppusummaksi tuli kuitenkin $2500 eli melkein tonnin paikallista bemariliikett\u00e4 halvempi ja saimme alle omaa silm\u00e4\u00e4ni miellytt\u00e4v\u00e4t, <a title=\"Talvirenkaat urheiluautoon\" href=\"http:\/\/www.vuosiamaailmalla.fi\/blog\/2021\/talvirenkaat-urheiluautoon\/\">tyylikk\u00e4\u00e4t talvivanteet<\/a>.<\/p>\n<p style=\"text-align: center;\"><a href=\"\/blog\/wp-content\/uploads\/2017\/uudet_talvirenkaat1.jpg\"><img decoding=\"async\" src=\"\/blog\/wp-content\/uploads\/2017\/thumbs\/thumbs_uudet_talvirenkaat1.jpg\" \/><\/a><a href=\"\/blog\/wp-content\/uploads\/2017\/uudet_talvirenkaat4.jpg\"><img decoding=\"async\" src=\"\/blog\/wp-content\/uploads\/2017\/thumbs\/thumbs_uudet_talvirenkaat4.jpg\" \/><\/a><\/p>\n<p style=\"text-align: center;\"><em>Italialaiset erikoistalvivanteet<\/em><\/p>\n<p style=\"text-align: justify;\">Vanhoista renkaista piti hankkiutua seuraavaksi eroon, mik\u00e4 onnistuu aina <em>Craigslistin<\/em> kautta. Monen kyselij\u00e4n j\u00e4lkeen renkaat meniv\u00e4t lopulta kaupaksi tonnilla, joten uusien hinnaksi tuli kokonaisuudessaan ainoastaan $1500 &#8211; ei paha! Se on investointi jonka olin valmis ilolla maksamaan, sill\u00e4 suunnitelmissamme on ajaa <a title=\"Hiihtoloma Kalliovuorilla\" href=\"https:\/\/www.vuosiamaailmalla.fi\/?p=8959\">vuorille laskettelemaan<\/a> tulevinakin talvina ja uusien renkaiden avulla se on t\u00e4ysin turvallista. Kumeissa p\u00e4\u00e4dyin <em>Tekniikan Maailman<\/em> rengastesteiss\u00e4 hyvin p\u00e4rj\u00e4nneisiin <em>Michelin X-Ice3<\/em>\u00a0kumeihin, jotka ovat eritt\u00e4in hiljaiset ja tuntuvat pit\u00e4v\u00e4n hyvin talven ensimm\u00e4isill\u00e4 liukkailla.<\/p>\n<p style=\"text-align: center;\"><a href=\"\/blog\/wp-content\/uploads\/2017\/uudet_talvirenkaat8.jpg\"><img decoding=\"async\" src=\"\/blog\/wp-content\/uploads\/2017\/thumbs\/thumbs_uudet_talvirenkaat8.jpg\" \/><\/a><a href=\"\/blog\/wp-content\/uploads\/2017\/uudet_talvirenkaat5.jpg\"><img decoding=\"async\" src=\"\/blog\/wp-content\/uploads\/2017\/thumbs\/thumbs_uudet_talvirenkaat5.jpg\" \/><\/a><a href=\"\/blog\/wp-content\/uploads\/2017\/uudet_talvirenkaat7.jpg\"><img decoding=\"async\" src=\"\/blog\/wp-content\/uploads\/2017\/thumbs\/thumbs_uudet_talvirenkaat7.jpg\" \/><\/a><\/p>\n<p style=\"text-align: center;\"><em>Michelin renkailla p\u00e4rj\u00e4\u00e4 talvessa<\/em><\/p>\n<p style=\"text-align: justify;\">Tokihan rengasrumbasta olisi voinut selvit\u00e4 paljon edullisemminkin vaikka ihan vain peltivanteilla, mutta sellaiset n\u00e4ytt\u00e4isiv\u00e4t hirveilt\u00e4 ja tuhoaisivat auton tyylin. Olenkin siksi tyytyv\u00e4inen hankintaamme ja viimeinen silaus oli korvata MSW:n logo bemarin logolla, joka n\u00e4ytt\u00e4\u00e4 omaan silm\u00e4\u00e4ni huomattavasti paremmalta ja oli pieni halpa tuunaus. N\u00e4ill\u00e4 menn\u00e4\u00e4n!<\/p>\n","protected":false},"excerpt":{"rendered":"<p>Talvirenkaille on ollut t\u00e4n\u00e4 vuonna Vancouverin alueella runsaasti kysynt\u00e4\u00e4. Viime vuoden lumikaaos on nimitt\u00e4in saanut ihmiset rengaskaupoille ja monet tuttavammekin ovat ensikertaa miettim\u00e4ss\u00e4 kunnollisten talvirenkaiden hankintaa. Viime vuonnahan talvirenkaat loppuivat kiivaimman sesongin aikana koko l\u00e4ntisest\u00e4 Kanadasta ja kuullun perusteella ennen joulua renkaat tilanneet joutuivat odottamaan uusia renkaitaan aina kev\u00e4talveen saakka, jolloin talvi olikin jo ohitse.<\/p>\n","protected":false},"author":1,"featured_media":9385,"comment_status":"open","ping_status":"open","sticky":false,"template":"","format":"standard","meta":{"_jetpack_memberships_contains_paid_content":false,"footnotes":""},"categories":[17,3],"tags":[25,34,39,232,231,935,202,1576],"class_list":["post-9384","post","type-post","status-publish","format-standard","has-post-thumbnail","hentry","category-arki-kanadassa","category-arki-ulkomailla","tag-ajankohtaista","tag-arki","tag-autot","tag-bmw","tag-bmw-x1","tag-kanada","tag-talvi","tag-talvirenkaat"],"jetpack_featured_media_url":"https:\/\/www.vuosiamaailmalla.fi\/blog\/wp-content\/uploads\/uudet_talvirenkaat_banner.jpg","jetpack_sharing_enabled":true,"_links":{"self":[{"href":"https:\/\/www.vuosiamaailmalla.fi\/blog\/wp-json\/wp\/v2\/posts\/9384","targetHints":{"allow":["GET"]}}],"collection":[{"href":"https:\/\/www.vuosiamaailmalla.fi\/blog\/wp-json\/wp\/v2\/posts"}],"about":[{"href":"https:\/\/www.vuosiamaailmalla.fi\/blog\/wp-json\/wp\/v2\/types\/post"}],"author":[{"embeddable":true,"href":"https:\/\/www.vuosiamaailmalla.fi\/blog\/wp-json\/wp\/v2\/users\/1"}],"replies":[{"embeddable":true,"href":"https:\/\/www.vuosiamaailmalla.fi\/blog\/wp-json\/wp\/v2\/comments?post=9384"}],"version-history":[{"count":3,"href":"https:\/\/www.vuosiamaailmalla.fi\/blog\/wp-json\/wp\/v2\/posts\/9384\/revisions"}],"predecessor-version":[{"id":11866,"href":"https:\/\/www.vuosiamaailmalla.fi\/blog\/wp-json\/wp\/v2\/posts\/9384\/revisions\/11866"}],"wp:featuredmedia":[{"embeddable":true,"href":"https:\/\/www.vuosiamaailmalla.fi\/blog\/wp-json\/wp\/v2\/media\/9385"}],"wp:attachment":[{"href":"https:\/\/www.vuosiamaailmalla.fi\/blog\/wp-json\/wp\/v2\/media?parent=9384"}],"wp:term":[{"taxonomy":"category","embeddable":true,"href":"https:\/\/www.vuosiamaailmalla.fi\/blog\/wp-json\/wp\/v2\/categories?post=9384"},{"taxonomy":"post_tag","embeddable":true,"href":"https:\/\/www.vuosiamaailmalla.fi\/blog\/wp-json\/wp\/v2\/tags?post=9384"}],"curies":[{"name":"wp","href":"https:\/\/api.w.org\/{rel}","templated":true}]}}