{"id":9400,"date":"2017-12-13T17:34:26","date_gmt":"2017-12-14T01:34:26","guid":{"rendered":"http:\/\/13.53.127.146\/?p=9400"},"modified":"2020-12-19T12:40:26","modified_gmt":"2020-12-19T20:40:26","slug":"sumu-kietoi-fogcouverin","status":"publish","type":"post","link":"https:\/\/www.vuosiamaailmalla.fi\/blog\/2017\/sumu-kietoi-fogcouverin\/","title":{"rendered":"Sumu kietoi Fogcouverin"},"content":{"rendered":"<p style=\"text-align: justify;\">Vancouverilla on <a title=\"Monen lempinimen Vancouver\" href=\"https:\/\/www.vuosiamaailmalla.fi\/?p=2370\">monta lempinime\u00e4<\/a>, joista moni viittaa kaupungissa usein koettaviin s\u00e4\u00e4ilmi\u00f6ihin. Sateisen syksyn keskell\u00e4 kaupunkia kutsutaan monesti leikkis\u00e4sti <em>Raincouveriksi<\/em> ja talvisin ilmenevin\u00e4 sumuisina p\u00e4ivin\u00e4 nimi taipuu muotoon <em>Fogcouver<\/em>. Maanpinnalla pysyttelev\u00e4 paksu sumu syntyy yleens\u00e4 niinkutsutussa inversiotilanteessa, jossa laaja l\u00e4mmin ilmamassa kohoaa kylm\u00e4n yl\u00e4puolelle. T\u00e4llaisia tilanteita koetaan Vancouverissa normaalisti muutamana p\u00e4iv\u00e4n\u00e4 talvessa ja sen synnytt\u00e4m\u00e4 sumuvaippa <a title=\"Sumuisen y\u00f6n maisemia\" href=\"https:\/\/www.vuosiamaailmalla.fi\/?p=10294\">kietoo metropolin<\/a> tiukasti sis\u00e4\u00e4ns\u00e4.<\/p>\n<p><!--more--><\/p>\n<p style=\"text-align: center;\"><a href=\"\/blog\/wp-content\/uploads\/2017\/sateinen_yomaisema2.jpg\"><img decoding=\"async\" src=\"\/blog\/wp-content\/uploads\/2017\/thumbs\/thumbs_sateinen_yomaisema2.jpg\" \/><\/a><a href=\"\/blog\/wp-content\/uploads\/2017\/sateinen_yomaisema1.jpg\"><img decoding=\"async\" src=\"\/blog\/wp-content\/uploads\/2017\/thumbs\/thumbs_sateinen_yomaisema1.jpg\" \/><\/a><\/p>\n<p style=\"text-align: center;\"><em>Sateinen y\u00f6 ennen sumun saapumista<\/em><\/p>\n<p style=\"text-align: center;\"><a href=\"\/blog\/wp-content\/uploads\/2017\/metroplacen_sumumaisema6.jpg\"><img decoding=\"async\" src=\"\/blog\/wp-content\/uploads\/2017\/thumbs\/thumbs_metroplacen_sumumaisema6.jpg\" \/><\/a><a href=\"\/blog\/wp-content\/uploads\/2017\/metroplacen_sumumaisema5.jpg\"><img decoding=\"async\" src=\"\/blog\/wp-content\/uploads\/2017\/thumbs\/thumbs_metroplacen_sumumaisema5.jpg\" \/><\/a><\/p>\n<p style=\"text-align: center;\"><em>Aamu tuo sumun kaupunkiin<\/em><\/p>\n<p style=\"text-align: center;\"><a href=\"\/blog\/wp-content\/uploads\/2017\/metrotown_sumussa_panoraama4.jpg\"><img decoding=\"async\" src=\"\/blog\/wp-content\/uploads\/2017\/metrotown_sumussa_panoraama4_pieni.jpg\" \/><\/a><\/p>\n<p style=\"text-align: center;\"><i>Uusi p\u00e4iv\u00e4 Fogcouverissa<\/i><\/p>\n<p style=\"text-align: center;\"><a href=\"\/blog\/wp-content\/uploads\/2017\/metroplacen_sumumaisema2.jpg\"><img decoding=\"async\" src=\"\/blog\/wp-content\/uploads\/2017\/thumbs\/thumbs_metroplacen_sumumaisema2.jpg\" \/><\/a><a href=\"\/blog\/wp-content\/uploads\/2017\/metroplacen_sumumaisema3.jpg\"><img decoding=\"async\" src=\"\/blog\/wp-content\/uploads\/2017\/thumbs\/thumbs_metroplacen_sumumaisema3.jpg\" \/><\/a><\/p>\n<p style=\"text-align: center;\"><i><a title=\"Kultainen aamunkoitto\" href=\"https:\/\/www.vuosiamaailmalla.fi\/?p=9286\">Kultainen aamuloisto<\/a><\/i><\/p>\n<p style=\"text-align: justify;\">T\u00e4llaiset p\u00e4iv\u00e4t ovat yleens\u00e4 melko mielenkiintoisia, varsinkin jos asuu korkealla, sill\u00e4 samaan aikaan kun maanpinnan tasolla n\u00e4kyvyys on muutaman metrin ja on synkk\u00e4\u00e4, paistaa <a title=\"Sumuun k\u00e4\u00e4ritty metropoli\" href=\"https:\/\/www.vuosiamaailmalla.fi\/?p=11047\">sumun yl\u00e4puolella<\/a> kirkas aurinko l\u00e4pi koko p\u00e4iv\u00e4n. L\u00e4mp\u00f6tilat ovat p\u00e4\u00e4laellaan ja vuorilla saattaa olla +10 astetta samaan aikaan kun alhaalla laaksossa luistellaan aamukuurassa. \ud83d\ude2e<\/p>\n<p style=\"text-align: center;\"><a href=\"\/blog\/wp-content\/uploads\/2017\/metroplacen_sumumaisema4.jpg\"><img decoding=\"async\" src=\"\/blog\/wp-content\/uploads\/2017\/thumbs\/thumbs_metroplacen_sumumaisema4.jpg\" \/><\/a><a href=\"\/blog\/wp-content\/uploads\/2017\/moda7.jpg\"><img decoding=\"async\" src=\"\/blog\/wp-content\/uploads\/2017\/thumbs\/thumbs_moda7.jpg\" \/><\/a><\/p>\n<p style=\"text-align: center;\"><em>Iltap\u00e4iv\u00e4st\u00e4 vain korkealla on kaunista<\/em><\/p>\n<p style=\"text-align: justify;\">Juuri t\u00e4llainen laaja inversio koettiin viime viikolla, kun sumu piti Fogcouveria otteessaan melkein kolmen vuorokauden ajan. Se tarkoitti upeita, melkein <a title=\"Her\u00e4\u00e4minen pilvien yl\u00e4puolella\" href=\"https:\/\/www.vuosiamaailmalla.fi\/?p=8358\">taianomaisia maisemia<\/a> asunnoltamme n\u00e4htyn\u00e4 samaan aikaan, kun alhaalla katutasolla oli synkk\u00e4\u00e4 ja ik\u00e4v\u00e4\u00e4.<\/p>\n<p style=\"text-align: center;\"><a href=\"\/blog\/wp-content\/uploads\/2017\/jouluinen_keittio3.jpg\"><img decoding=\"async\" src=\"\/blog\/wp-content\/uploads\/2017\/thumbs\/thumbs_jouluinen_keittio3.jpg\" \/><\/a><a href=\"\/blog\/wp-content\/uploads\/2017\/jouluinen_keittio1.jpg\"><img decoding=\"async\" src=\"\/blog\/wp-content\/uploads\/2017\/thumbs\/thumbs_jouluinen_keittio1.jpg\" \/><\/a><a href=\"\/blog\/wp-content\/uploads\/2017\/jouluinen_keittio2.jpg\"><img decoding=\"async\" src=\"\/blog\/wp-content\/uploads\/2017\/thumbs\/thumbs_jouluinen_keittio2.jpg\" \/><\/a><\/p>\n<p style=\"text-align: center;\"><em>Koti maailman katolla<\/em><\/p>\n<p style=\"text-align: center;\"><a href=\"\/blog\/wp-content\/uploads\/2017\/aldynne_in_the_park8.jpg\"><img decoding=\"async\" src=\"\/blog\/wp-content\/uploads\/2017\/thumbs\/thumbs_aldynne_in_the_park8.jpg\" \/><\/a><a href=\"\/blog\/wp-content\/uploads\/2017\/metroplacen_sumumaisema1.jpg\"><img decoding=\"async\" src=\"\/blog\/wp-content\/uploads\/2017\/thumbs\/thumbs_metroplacen_sumumaisema1.jpg\" \/><\/a><\/p>\n<p style=\"text-align: center;\"><i>Paksu sumuvaippa kietoo sis\u00e4\u00e4ns\u00e4<\/i><\/p>\n<p style=\"text-align: center;\"><a href=\"\/blog\/wp-content\/uploads\/2017\/metrotown_sumussa_panoraama2.jpg\"><img decoding=\"async\" src=\"\/blog\/wp-content\/uploads\/2017\/metrotown_sumussa_panoraama2_pieni.jpg\" \/><\/a><\/p>\n<p style=\"text-align: justify;\">Sumusta otetuissa valokuvissa n\u00e4ytt\u00e4\u00e4 ett\u00e4 sumuvaippa pysyisi vain paikoillaan, mutta todellisuudessa se virtaa jatkuvasti kaupunkialueen laidalta toiselle. V\u00e4lill\u00e4 sumu on niin alhaalla ett\u00e4 jopa Metrotownin kukkulan p\u00e4\u00e4ll\u00e4 on t\u00e4ysin selke\u00e4\u00e4, kun taasen v\u00e4lill\u00e4 sumuvaippa roikkuu vain viitisen kerrosta asuntomme alapuolella, niin l\u00e4hell\u00e4 ett\u00e4 sit\u00e4 voisi melkein koskettaa. \ud83d\ude42<\/p>\n<p style=\"text-align: center;\"><a href=\"\/blog\/wp-content\/uploads\/2017\/terassi_pilvien_ylapuolella1.jpg\"><img decoding=\"async\" src=\"\/blog\/wp-content\/uploads\/2017\/thumbs\/thumbs_terassi_pilvien_ylapuolella1.jpg\" \/><\/a><a href=\"\/blog\/wp-content\/uploads\/2017\/terassi_pilvien_ylapuolella2.jpg\"><img decoding=\"async\" src=\"\/blog\/wp-content\/uploads\/2017\/thumbs\/thumbs_terassi_pilvien_ylapuolella2.jpg\" \/><\/a><a href=\"\/blog\/wp-content\/uploads\/2017\/terassi_pilvien_ylapuolella3.jpg\"><img decoding=\"async\" src=\"\/blog\/wp-content\/uploads\/2017\/thumbs\/thumbs_terassi_pilvien_ylapuolella3.jpg\" \/><\/a><\/p>\n<p style=\"text-align: center;\"><i>Rauhallisen p\u00e4iv\u00e4n ilta<\/i><\/p>\n<p style=\"text-align: center;\"><a href=\"\/blog\/wp-content\/uploads\/2017\/metrotown_sumussa_panoraama1.jpg\"><img decoding=\"async\" src=\"\/blog\/wp-content\/uploads\/2017\/metrotown_sumussa_panoraama1_pieni.jpg\" \/><\/a><\/p>\n<p style=\"text-align: center;\"><em>Loistoa sumuvaipan l\u00e4vitse<\/em><\/p>\n<p style=\"text-align: justify;\">Vaikka olenkin laittanut <a title=\"Sateen yl\u00e4puolella\" href=\"https:\/\/www.vuosiamaailmalla.fi\/?p=8820\">sadepilvisist\u00e4 maisemista<\/a> kuvia ennenkin, oli viime viikolla koettu inversio yksi kauneimmista jonka olemme t\u00e4h\u00e4n menness\u00e4 kokeneet. Kuitenkin kolmantena p\u00e4iv\u00e4n\u00e4 sumu h\u00e4lveni hiljalleen l\u00e4mp\u00f6tilojen tasaantuessa, mutta n\u00e4emme varmasti saman toistuvan uudelleen viel\u00e4 my\u00f6hemmin talvella. Kauniin n\u00e4yn palaamista jo melkein t\u00e4ss\u00e4 odottaakin&#8230;\u00a0 \ud83d\ude00<\/p>\n<p style=\"text-align: center;\"><a href=\"\/blog\/wp-content\/uploads\/2017\/metroplacen_sumumaisema_yolla8.jpg\"><img decoding=\"async\" src=\"\/blog\/wp-content\/uploads\/2017\/thumbs\/thumbs_metroplacen_sumumaisema_yolla8.jpg\" \/><\/a><a href=\"\/blog\/wp-content\/uploads\/2017\/metroplacen_sumumaisema_yolla7.jpg\"><img decoding=\"async\" src=\"\/blog\/wp-content\/uploads\/2017\/thumbs\/thumbs_metroplacen_sumumaisema_yolla7.jpg\" \/><\/a><a href=\"\/blog\/wp-content\/uploads\/2017\/metroplacen_sumumaisema_yolla4.jpg\"><img decoding=\"async\" src=\"\/blog\/wp-content\/uploads\/2017\/thumbs\/thumbs_metroplacen_sumumaisema_yolla4.jpg\" \/><\/a><br \/>\n<a href=\"\/blog\/wp-content\/uploads\/2017\/metroplacen_sumumaisema_yolla5.jpg\"><img decoding=\"async\" src=\"\/blog\/wp-content\/uploads\/2017\/thumbs\/thumbs_metroplacen_sumumaisema_yolla5.jpg\" \/><\/a><a href=\"\/blog\/wp-content\/uploads\/2017\/metroplacen_sumumaisema_yolla6.jpg\"><img decoding=\"async\" src=\"\/blog\/wp-content\/uploads\/2017\/thumbs\/thumbs_metroplacen_sumumaisema_yolla6.jpg\" \/><\/a><a href=\"\/blog\/wp-content\/uploads\/2017\/metroplacen_sumumaisema_yolla2.jpg\"><img decoding=\"async\" src=\"\/blog\/wp-content\/uploads\/2017\/thumbs\/thumbs_metroplacen_sumumaisema_yolla2.jpg\" \/><\/a><br \/>\n<a href=\"\/blog\/wp-content\/uploads\/2017\/metroplacen_sumumaisema_yolla1.jpg\"><img decoding=\"async\" src=\"\/blog\/wp-content\/uploads\/2017\/thumbs\/thumbs_metroplacen_sumumaisema_yolla1.jpg\" \/><\/a><a href=\"\/blog\/wp-content\/uploads\/2017\/metroplacen_sumumaisema_yolla3.jpg\"><img decoding=\"async\" src=\"\/blog\/wp-content\/uploads\/2017\/thumbs\/thumbs_metroplacen_sumumaisema_yolla3.jpg\" \/><\/a><\/p>\n<p style=\"text-align: center;\"><em>Sumu on l\u00e4sn\u00e4 y\u00f6ll\u00e4kin<\/em><\/p>\n","protected":false},"excerpt":{"rendered":"<p>Vancouverilla on monta lempinime\u00e4, joista moni viittaa kaupungissa usein koettaviin s\u00e4\u00e4ilmi\u00f6ihin. Sateisen syksyn keskell\u00e4 kaupunkia kutsutaan monesti leikkis\u00e4sti Raincouveriksi ja talvisin ilmenevin\u00e4 sumuisina p\u00e4ivin\u00e4 nimi taipuu muotoon Fogcouver. Maanpinnalla pysyttelev\u00e4 paksu sumu syntyy yleens\u00e4 niinkutsutussa inversiotilanteessa, jossa laaja l\u00e4mmin ilmamassa kohoaa kylm\u00e4n yl\u00e4puolelle. T\u00e4llaisia tilanteita koetaan Vancouverissa normaalisti muutamana p\u00e4iv\u00e4n\u00e4 talvessa ja sen synnytt\u00e4m\u00e4 sumuvaippa &hellip; <a href=\"https:\/\/www.vuosiamaailmalla.fi\/blog\/2017\/sumu-kietoi-fogcouverin\/\" class=\"more-link\">Jatka lukemista<span class=\"screen-reader-text\"> &#8221;Sumu kietoi Fogcouverin&#8221;<\/span><\/a><\/p>\n","protected":false},"author":1,"featured_media":9401,"comment_status":"open","ping_status":"open","sticky":false,"template":"","format":"standard","meta":{"_jetpack_memberships_contains_paid_content":false,"footnotes":""},"categories":[17,3],"tags":[34,77,78,935,270,202,939],"class_list":["post-9400","post","type-post","status-publish","format-standard","has-post-thumbnail","hentry","category-arki-kanadassa","category-arki-ulkomailla","tag-arki","tag-burnaby","tag-burnaby-metrotown","tag-kanada","tag-saa","tag-talvi","tag-vancouver"],"jetpack_featured_media_url":"https:\/\/www.vuosiamaailmalla.fi\/blog\/wp-content\/uploads\/terassi_pilvien_ylapuolella_banner.jpg","jetpack_sharing_enabled":true,"_links":{"self":[{"href":"https:\/\/www.vuosiamaailmalla.fi\/blog\/wp-json\/wp\/v2\/posts\/9400","targetHints":{"allow":["GET"]}}],"collection":[{"href":"https:\/\/www.vuosiamaailmalla.fi\/blog\/wp-json\/wp\/v2\/posts"}],"about":[{"href":"https:\/\/www.vuosiamaailmalla.fi\/blog\/wp-json\/wp\/v2\/types\/post"}],"author":[{"embeddable":true,"href":"https:\/\/www.vuosiamaailmalla.fi\/blog\/wp-json\/wp\/v2\/users\/1"}],"replies":[{"embeddable":true,"href":"https:\/\/www.vuosiamaailmalla.fi\/blog\/wp-json\/wp\/v2\/comments?post=9400"}],"version-history":[{"count":0,"href":"https:\/\/www.vuosiamaailmalla.fi\/blog\/wp-json\/wp\/v2\/posts\/9400\/revisions"}],"wp:featuredmedia":[{"embeddable":true,"href":"https:\/\/www.vuosiamaailmalla.fi\/blog\/wp-json\/wp\/v2\/media\/9401"}],"wp:attachment":[{"href":"https:\/\/www.vuosiamaailmalla.fi\/blog\/wp-json\/wp\/v2\/media?parent=9400"}],"wp:term":[{"taxonomy":"category","embeddable":true,"href":"https:\/\/www.vuosiamaailmalla.fi\/blog\/wp-json\/wp\/v2\/categories?post=9400"},{"taxonomy":"post_tag","embeddable":true,"href":"https:\/\/www.vuosiamaailmalla.fi\/blog\/wp-json\/wp\/v2\/tags?post=9400"}],"curies":[{"name":"wp","href":"https:\/\/api.w.org\/{rel}","templated":true}]}}