{"id":9411,"date":"2017-12-15T19:24:08","date_gmt":"2017-12-16T03:24:08","guid":{"rendered":"http:\/\/13.53.127.146\/?p=9411"},"modified":"2025-12-14T14:07:43","modified_gmt":"2025-12-14T22:07:43","slug":"jouluvalaistu-coquitlam","status":"publish","type":"post","link":"https:\/\/www.vuosiamaailmalla.fi\/blog\/2017\/jouluvalaistu-coquitlam\/","title":{"rendered":"Jouluvalaistu Coquitlam"},"content":{"rendered":"<p style=\"text-align: justify;\">Kanadalaiset rakastavat joulua ja pohjoisamerikkalaiseen tapaan oma koti ei ole valmistautunut kunnolla jouluun, ellei sit\u00e4 ole <a title=\"Jouluvaloja kanadalaiseen tyyliin\" href=\"https:\/\/www.vuosiamaailmalla.fi\/?p=3764\">vuorattu ymp\u00e4riins\u00e4<\/a> v\u00e4rikk\u00e4ill\u00e4 jouluvaloilla. Oman asuinalueen n\u00e4ytt\u00e4vimpien jouluvalojen titteli on suuri ylpeyden aihe ja jokavuotinen tiukka kisa, johon ottavat osaa niin kaupungit, lukuisat maksulliset jouluvalotapahtumat kuin yksityiset kaupunkilaiset.<\/p>\n<p><!--more--><\/p>\n<p style=\"text-align: center;\"><a href=\"\/blog\/wp-content\/uploads\/2017\/lights_at_lafarge.jpg\"><img decoding=\"async\" src=\"\/blog\/wp-content\/uploads\/2017\/lights_at_lafarge.jpg\" \/><\/a><\/p>\n<p style=\"text-align: center;\"><em>Light at Lafarge<\/em><\/p>\n<p style=\"text-align: center;\"><a href=\"\/blog\/wp-content\/uploads\/2017\/lafargen_jouluvalot12.jpg\"><img decoding=\"async\" src=\"\/blog\/wp-content\/uploads\/2017\/thumbs\/thumbs_lafargen_jouluvalot12.jpg\" \/><\/a><a href=\"\/blog\/wp-content\/uploads\/2017\/lafargen_jouluvalot11.jpg\"><img decoding=\"async\" src=\"\/blog\/wp-content\/uploads\/2017\/thumbs\/thumbs_lafargen_jouluvalot11.jpg\" \/><\/a><a href=\"\/blog\/wp-content\/uploads\/2017\/lafargen_jouluvalot3.jpg\"><img decoding=\"async\" src=\"\/blog\/wp-content\/uploads\/2017\/thumbs\/thumbs_lafargen_jouluvalot3.jpg\" \/><\/a><\/p>\n<p style=\"text-align: center;\"><em>Joulu Lafarge Lakella<\/em><\/p>\n<p style=\"text-align: center;\"><a href=\"\/blog\/wp-content\/uploads\/2017\/lafargen_jouluvalot_panoraama2.jpg\"><img decoding=\"async\" src=\"\/blog\/wp-content\/uploads\/2017\/lafargen_jouluvalot_panoraama2_pieni.jpg\" \/><\/a><\/p>\n<p style=\"text-align: center;\"><em>Rauhallinen lampi<\/em><\/p>\n<p style=\"text-align: justify;\">Vancouverissa joulukuu otetaan perinteisesti vastaan lukuisilla <a title=\"Vancouverin jouluvalot\" href=\"https:\/\/www.vuosiamaailmalla.fi\/?p=2612\">v\u00e4rikk\u00e4ill\u00e4 valoinstalaatioilla<\/a>, mutta my\u00f6s esikaupungeissa osataan valaista paikat joulun kunniaksi. Eritt\u00e4in suosittu ja t\u00e4ysin ilmainen tapahtuma on Coquitlamissa j\u00e4rjestett\u00e4v\u00e4 <em>Lights at Lafarge<\/em>, jossa kaupungin keskustassa sijaitsevan Lafarge Lakea ymp\u00e4r\u00f6iv\u00e4 1,2 kilometrin mittainen rantaraitti valaistaan joulun teemalla.<\/p>\n<p style=\"text-align: center;\"><a href=\"\/blog\/wp-content\/uploads\/2017\/valaistu_lafarge_lake3.jpg\"><img decoding=\"async\" src=\"\/blog\/wp-content\/uploads\/2017\/thumbs\/thumbs_valaistu_lafarge_lake3.jpg\" \/><\/a><a href=\"\/blog\/wp-content\/uploads\/2017\/valaistu_lafarge_lake2.jpg\"><img decoding=\"async\" src=\"\/blog\/wp-content\/uploads\/2017\/thumbs\/thumbs_valaistu_lafarge_lake2.jpg\" \/><\/a><a href=\"\/blog\/wp-content\/uploads\/2017\/valaistu_lafarge_lake1.jpg\"><img decoding=\"async\" src=\"\/blog\/wp-content\/uploads\/2017\/thumbs\/thumbs_valaistu_lafarge_lake1.jpg\" \/><\/a><\/p>\n<p style=\"text-align: center;\"><em>Lampi hohkaa joulun v\u00e4reiss\u00e4<\/em><\/p>\n<p style=\"text-align: center;\"><a href=\"\/blog\/wp-content\/uploads\/2017\/lafargen_jouluvalot_panoraama1.jpg\"><img decoding=\"async\" src=\"\/blog\/wp-content\/uploads\/2017\/lafargen_jouluvalot_panoraama1_pieni.jpg\" \/><\/a><\/p>\n<p style=\"text-align: center;\"><em>Coquitlamin valaistu keskusta<\/em><\/p>\n<p style=\"text-align: justify;\">Lafargen joulutapahtuma on metropolialueen suurin joulunajan ilmaistapahtuma, joka ker\u00e4\u00e4 paikalle ennen joulua ja sen j\u00e4lkeenkin yli 100 000 uteliasta. Itse en ollut edes kuullut tapahtumasta ennen viime vuotta, joten l\u00e4hdinkin suurella mielenkiinnolla tarkastamaan mist\u00e4 kaikessa kohussa onkaan kyse.<\/p>\n<p style=\"text-align: center;\"><a href=\"\/blog\/wp-content\/uploads\/2017\/lafargen_jouluvalot15.jpg\"><img decoding=\"async\" src=\"\/blog\/wp-content\/uploads\/2017\/lafargen_jouluvalot15.jpg\" \/><\/a><\/p>\n<p style=\"text-align: center;\"><em>Coquitlamin kulttuurikeskus<\/em><\/p>\n<p style=\"text-align: center;\"><a href=\"\/blog\/wp-content\/uploads\/2017\/lafargen_jouluvalot13.jpg\"><img decoding=\"async\" src=\"\/blog\/wp-content\/uploads\/2017\/thumbs\/thumbs_lafargen_jouluvalot13.jpg\" \/><\/a><a href=\"\/blog\/wp-content\/uploads\/2017\/lafargen_jouluvalot10.jpg\"><img decoding=\"async\" src=\"\/blog\/wp-content\/uploads\/2017\/thumbs\/thumbs_lafargen_jouluvalot10.jpg\" \/><\/a><a href=\"\/blog\/wp-content\/uploads\/2017\/lafargen_jouluvalot14.jpg\"><img decoding=\"async\" src=\"\/blog\/wp-content\/uploads\/2017\/thumbs\/thumbs_lafargen_jouluvalot14.jpg\" \/><\/a><br \/>\n<a href=\"\/blog\/wp-content\/uploads\/2017\/lafargen_jouluvalot7.jpg\"><img decoding=\"async\" src=\"\/blog\/wp-content\/uploads\/2017\/thumbs\/thumbs_lafargen_jouluvalot7.jpg\" \/><\/a><a href=\"\/blog\/wp-content\/uploads\/2017\/lafargen_jouluvalot8.jpg\"><img decoding=\"async\" src=\"\/blog\/wp-content\/uploads\/2017\/thumbs\/thumbs_lafargen_jouluvalot8.jpg\" \/><\/a><\/p>\n<p style=\"text-align: center;\"><em>Valok\u00e4yt\u00e4v\u00e4\u00e4 ja -tunneleita<\/em><\/p>\n<p style=\"text-align: justify;\">Keli oli tiistai-iltana poutainen mutta kylm\u00e4, elohopean huidellessa l\u00e4hell\u00e4 nollaa astetta. Paikan p\u00e4\u00e4ll\u00e4 oli kylm\u00e4st\u00e4 illasta huolimatta runsaasti v\u00e4ke\u00e4 ja erityisesti lapsiperheit\u00e4, jotka olivat tulleet katsastamaan t\u00e4m\u00e4nvuotisen jouluvalaistuksen. Valot olivatkin omasta mielest\u00e4ni kauniit ja hyv\u00e4ll\u00e4 maulla laitetut, sill\u00e4 eri kokonaisuudet olivat selkeit\u00e4. Joissain muissa tapahtumissa kuten esimerkiksi <a title=\"VanDusenin kaunis joulufestivaali\" href=\"https:\/\/www.vuosiamaailmalla.fi\/?p=10377\">VanDusenin puutarhan<\/a> joulushowssa valoja on usein paikoin niin k\u00e4sitt\u00e4m\u00e4tt\u00f6m\u00e4n paljon, ettei kaikkia yksityiskohtia edes huomaa.<\/p>\n<p style=\"text-align: center;\"><a href=\"\/blog\/wp-content\/uploads\/2017\/lafargen_jouluvalot5.jpg\"><img decoding=\"async\" src=\"\/blog\/wp-content\/uploads\/2017\/thumbs\/thumbs_lafargen_jouluvalot5.jpg\" \/><\/a><a href=\"\/blog\/wp-content\/uploads\/2017\/lafargen_jouluvalot6.jpg\"><img decoding=\"async\" src=\"\/blog\/wp-content\/uploads\/2017\/thumbs\/thumbs_lafargen_jouluvalot6.jpg\" \/><\/a><a href=\"\/blog\/wp-content\/uploads\/2017\/lafargen_jouluvalot4.jpg\"><img decoding=\"async\" src=\"\/blog\/wp-content\/uploads\/2017\/thumbs\/thumbs_lafargen_jouluvalot4.jpg\" \/><\/a><br \/>\n<a href=\"\/blog\/wp-content\/uploads\/2017\/lafargen_jouluvalot2.jpg\"><img decoding=\"async\" src=\"\/blog\/wp-content\/uploads\/2017\/thumbs\/thumbs_lafargen_jouluvalot2.jpg\" \/><\/a><a href=\"\/blog\/wp-content\/uploads\/2017\/lafargen_jouluvalot1.jpg\"><img decoding=\"async\" src=\"\/blog\/wp-content\/uploads\/2017\/thumbs\/thumbs_lafargen_jouluvalot1.jpg\" \/><\/a><\/p>\n<p style=\"text-align: center;\"><i>Kanada 150 -teemaakin l\u00f6ytyi<\/i><\/p>\n<p style=\"text-align: center;\"><a href=\"\/blog\/wp-content\/uploads\/2017\/lafargen_jouluvalot9.jpg\"><img decoding=\"async\" src=\"\/blog\/wp-content\/uploads\/2017\/lafargen_jouluvalot9.jpg\" \/><\/a><\/p>\n<p style=\"text-align: center;\"><i>Joulun ruokap\u00f6yt\u00e4<\/i><\/p>\n<p style=\"text-align: justify;\">Mielest\u00e4ni Lafargen joulu onkin ehdottomasti n\u00e4kemisen arvoinen, eik\u00e4 vain siksi ett\u00e4 kyseess\u00e4 on ilmaistapahtuma. Paikan p\u00e4\u00e4lle on nyt my\u00f6s helppo saapua, kun uusi Skytrain-linja Coquitlamiin on k\u00e4yt\u00f6ss\u00e4. Junat liikenn\u00f6iv\u00e4t aivan Lafarge Laken viereen, joka on uuden <em>Evergreen Extensionin<\/em> p\u00e4\u00e4tepys\u00e4kki. Joulun valoa on siis todella helppoa saapua <a title=\"Jouluvalojen v\u00e4rik\u00e4st\u00e4 taikaa\" href=\"https:\/\/www.vuosiamaailmalla.fi\/blog\/2022\/jouluvalojen-varikasta-taikaa\/\">uudemmankin kerran<\/a> ihastelemaan.<\/p>\n<p style=\"text-align: center;\"><a href=\"\/blog\/wp-content\/uploads\/2017\/skytrain_coquiltamissa_ilta1.jpg\"><img decoding=\"async\" src=\"\/blog\/wp-content\/uploads\/2017\/thumbs\/thumbs_skytrain_coquiltamissa_ilta1.jpg\" \/><\/a><a href=\"\/blog\/wp-content\/uploads\/2017\/skytrain_coquiltamissa_ilta2.jpg\"><img decoding=\"async\" src=\"\/blog\/wp-content\/uploads\/2017\/thumbs\/thumbs_skytrain_coquiltamissa_ilta2.jpg\" \/><\/a><\/p>\n<p style=\"text-align: center;\"><em>Paikalle on helppo saapua Skytrainilla<\/em><\/p>\n","protected":false},"excerpt":{"rendered":"<p>Kanadalaiset rakastavat joulua ja pohjoisamerikkalaiseen tapaan oma koti ei ole valmistautunut kunnolla jouluun, ellei sit\u00e4 ole vuorattu ymp\u00e4riins\u00e4 v\u00e4rikk\u00e4ill\u00e4 jouluvaloilla. Oman asuinalueen n\u00e4ytt\u00e4vimpien jouluvalojen titteli on suuri ylpeyden aihe ja jokavuotinen tiukka kisa, johon ottavat osaa niin kaupungit, lukuisat maksulliset jouluvalotapahtumat kuin yksityiset kaupunkilaiset.<\/p>\n","protected":false},"author":1,"featured_media":9412,"comment_status":"open","ping_status":"open","sticky":false,"template":"","format":"standard","meta":{"_jetpack_memberships_contains_paid_content":false,"footnotes":""},"categories":[17,3],"tags":[34,88,264,1290,935,1288,1461],"class_list":["post-9411","post","type-post","status-publish","format-standard","has-post-thumbnail","hentry","category-arki-kanadassa","category-arki-ulkomailla","tag-arki","tag-coquitlam","tag-joulu","tag-jouluvalot","tag-kanada","tag-lafarge-lake","tag-lights-at-lafarge"],"jetpack_featured_media_url":"https:\/\/www.vuosiamaailmalla.fi\/blog\/wp-content\/uploads\/lafargen_jouluvalot_banner.jpg","jetpack_sharing_enabled":true,"_links":{"self":[{"href":"https:\/\/www.vuosiamaailmalla.fi\/blog\/wp-json\/wp\/v2\/posts\/9411","targetHints":{"allow":["GET"]}}],"collection":[{"href":"https:\/\/www.vuosiamaailmalla.fi\/blog\/wp-json\/wp\/v2\/posts"}],"about":[{"href":"https:\/\/www.vuosiamaailmalla.fi\/blog\/wp-json\/wp\/v2\/types\/post"}],"author":[{"embeddable":true,"href":"https:\/\/www.vuosiamaailmalla.fi\/blog\/wp-json\/wp\/v2\/users\/1"}],"replies":[{"embeddable":true,"href":"https:\/\/www.vuosiamaailmalla.fi\/blog\/wp-json\/wp\/v2\/comments?post=9411"}],"version-history":[{"count":1,"href":"https:\/\/www.vuosiamaailmalla.fi\/blog\/wp-json\/wp\/v2\/posts\/9411\/revisions"}],"predecessor-version":[{"id":14143,"href":"https:\/\/www.vuosiamaailmalla.fi\/blog\/wp-json\/wp\/v2\/posts\/9411\/revisions\/14143"}],"wp:featuredmedia":[{"embeddable":true,"href":"https:\/\/www.vuosiamaailmalla.fi\/blog\/wp-json\/wp\/v2\/media\/9412"}],"wp:attachment":[{"href":"https:\/\/www.vuosiamaailmalla.fi\/blog\/wp-json\/wp\/v2\/media?parent=9411"}],"wp:term":[{"taxonomy":"category","embeddable":true,"href":"https:\/\/www.vuosiamaailmalla.fi\/blog\/wp-json\/wp\/v2\/categories?post=9411"},{"taxonomy":"post_tag","embeddable":true,"href":"https:\/\/www.vuosiamaailmalla.fi\/blog\/wp-json\/wp\/v2\/tags?post=9411"}],"curies":[{"name":"wp","href":"https:\/\/api.w.org\/{rel}","templated":true}]}}