{"id":9430,"date":"2018-01-14T14:12:30","date_gmt":"2018-01-14T22:12:30","guid":{"rendered":"http:\/\/13.53.127.146\/?p=9430"},"modified":"2018-05-20T17:20:56","modified_gmt":"2018-05-21T00:20:56","slug":"lumille-utahin-rinteisiin","status":"publish","type":"post","link":"https:\/\/www.vuosiamaailmalla.fi\/blog\/2018\/lumille-utahin-rinteisiin\/","title":{"rendered":"Lumille Utahin rinteisiin"},"content":{"rendered":"<p style=\"text-align: justify;\">Laskettelutalvi l\u00e4hestyy hiljalleen puoliv\u00e4li\u00e4 ja olemme t\u00e4ll\u00e4 kaudella ehtineet rinteeseen jo nelj\u00e4 kertaa. Whistlerin <a title=\"Aikainen laskettelukauden avaus\" href=\"https:\/\/www.vuosiamaailmalla.fi\/?p=9359\">alkukauden laskettelut<\/a> ovat meille ilmaisia ja niinp\u00e4 k\u00e4vimmekin rinteess\u00e4 joulukuun alussa kolmena per\u00e4kk\u00e4isen\u00e4 viikonloppuna. Uuden vuoden laskettelut aloitti iltam\u00e4ki Cypress Mountainilla, jonne suuntasimme torstai-iltana, vain kolme vuorokautta <a title=\"Joululoma paratiisissa\" href=\"https:\/\/www.vuosiamaailmalla.fi\/?p=9260\">tyynenmeren seikkailulta<\/a> palattuamme. \ud83d\ude42<\/p>\n<p><!--more--><\/p>\n<p style=\"text-align: justify;\">Mielenkiintoinen laskettelumatka sek\u00e4 hiihtoloma on kuitenkin tiedossa ensi kuussa, kun l\u00e4hdemme Niinan kanssa nelj\u00e4n p\u00e4iv\u00e4n pitk\u00e4ksi viikonlopuksi laskettelemaan <a title=\"V\u00e4h\u00e4luminen hiihtoloma Utahissa\" href=\"https:\/\/www.vuosiamaailmalla.fi\/?p=9699\">jenkkil\u00e4n puolelle Utahiin<\/a>. Lenn\u00e4mme Vancouverista Salt Lake Cityyn, josta ajamme autolla vuorille. Kaupungin l\u00e4hist\u00f6ll\u00e4 sijaitsee useita merkitt\u00e4vi\u00e4 laskettelukeskuksia, joista kohteenamme ovat <em>Deer Valley<\/em> sek\u00e4 j\u00e4ttim\u00e4inen <em>Park City<\/em>. N\u00e4ist\u00e4 j\u00e4lkimm\u00e4inen kuuluu Whistlerin kanssa samaan laskettelukeskusten ryhmittym\u00e4\u00e4n, joten kaksi m\u00e4kip\u00e4iv\u00e4\u00e4mme siell\u00e4 menev\u00e4t\u00a0<em>Edge Cardimme<\/em> piikkiin.<\/p>\n<p style=\"text-align: justify;\">Tiedossa on varmasti viime vuoden <a title=\"Hiihtoloma Kalliovuorilla\" href=\"https:\/\/www.vuosiamaailmalla.fi\/?p=8959\">Kanadan Kalliovuorten<\/a> veroinen hiihtoloma, johon on en\u00e4\u00e4 nelj\u00e4 viikkoa aikaa. Siihen menness\u00e4 t\u00e4ss\u00e4 ehtii varmasti viel\u00e4 hyvin lumille t\u00e4\u00e4ll\u00e4 kotipuolellakin.<\/p>\n","protected":false},"excerpt":{"rendered":"<p>Laskettelutalvi l\u00e4hestyy hiljalleen puoliv\u00e4li\u00e4 ja olemme t\u00e4ll\u00e4 kaudella ehtineet rinteeseen jo nelj\u00e4 kertaa. Whistlerin alkukauden laskettelut ovat meille ilmaisia ja niinp\u00e4 k\u00e4vimmekin rinteess\u00e4 joulukuun alussa kolmena per\u00e4kk\u00e4isen\u00e4 viikonloppuna. Uuden vuoden laskettelut aloitti iltam\u00e4ki Cypress Mountainilla, jonne suuntasimme torstai-iltana, vain kolme vuorokautta tyynenmeren seikkailulta palattuamme. \ud83d\ude42<\/p>\n","protected":false},"author":1,"featured_media":0,"comment_status":"open","ping_status":"open","sticky":false,"template":"","format":"standard","meta":{"_jetpack_memberships_contains_paid_content":false,"footnotes":""},"categories":[778,7,774,890],"tags":[34,1293,173,1292,1294,602,11],"class_list":["post-9430","post","type-post","status-publish","format-standard","hentry","category-laskettelu-ulkoilu","category-matkakertomukset","category-ulkoilu","category-yhdysvallat","tag-arki","tag-deer-valley","tag-laskettelu","tag-matkakertomus-hiihtoloma-utah","tag-park-city","tag-salt-lake-city","tag-matkakertomukset-yhdysvallat"],"jetpack_featured_media_url":"","jetpack_sharing_enabled":true,"_links":{"self":[{"href":"https:\/\/www.vuosiamaailmalla.fi\/blog\/wp-json\/wp\/v2\/posts\/9430","targetHints":{"allow":["GET"]}}],"collection":[{"href":"https:\/\/www.vuosiamaailmalla.fi\/blog\/wp-json\/wp\/v2\/posts"}],"about":[{"href":"https:\/\/www.vuosiamaailmalla.fi\/blog\/wp-json\/wp\/v2\/types\/post"}],"author":[{"embeddable":true,"href":"https:\/\/www.vuosiamaailmalla.fi\/blog\/wp-json\/wp\/v2\/users\/1"}],"replies":[{"embeddable":true,"href":"https:\/\/www.vuosiamaailmalla.fi\/blog\/wp-json\/wp\/v2\/comments?post=9430"}],"version-history":[{"count":0,"href":"https:\/\/www.vuosiamaailmalla.fi\/blog\/wp-json\/wp\/v2\/posts\/9430\/revisions"}],"wp:attachment":[{"href":"https:\/\/www.vuosiamaailmalla.fi\/blog\/wp-json\/wp\/v2\/media?parent=9430"}],"wp:term":[{"taxonomy":"category","embeddable":true,"href":"https:\/\/www.vuosiamaailmalla.fi\/blog\/wp-json\/wp\/v2\/categories?post=9430"},{"taxonomy":"post_tag","embeddable":true,"href":"https:\/\/www.vuosiamaailmalla.fi\/blog\/wp-json\/wp\/v2\/tags?post=9430"}],"curies":[{"name":"wp","href":"https:\/\/api.w.org\/{rel}","templated":true}]}}