{"id":9432,"date":"2018-01-16T15:13:27","date_gmt":"2018-01-16T23:13:27","guid":{"rendered":"http:\/\/13.53.127.146\/?p=9432"},"modified":"2021-06-06T13:06:52","modified_gmt":"2021-06-06T20:06:52","slug":"800-kirjoitusta","status":"publish","type":"post","link":"https:\/\/www.vuosiamaailmalla.fi\/blog\/2018\/800-kirjoitusta\/","title":{"rendered":"800 kirjoitusta"},"content":{"rendered":"<p style=\"text-align: justify;\">Samalla kun aika jatkaa v\u00e4\u00e4j\u00e4\u00e4m\u00e4t\u00f6nt\u00e4 kulkemistaan ja vuodet vierimist\u00e4\u00e4n, jatkaa my\u00f6s blogini kasvamistaan. Vaikka minusta tuntuukin usein, etten ehdi kirjoittaa t\u00e4nne mist\u00e4\u00e4n, niin jostain niit\u00e4 kirjoituksia silti kertyy niin, ett\u00e4 k\u00e4sill\u00e4 on j\u00e4lleen uusi rajapyykki. Aikaa edellisest\u00e4 <a title=\"700 kirjoitusta\" href=\"https:\/\/www.vuosiamaailmalla.fi\/?p=8324\">700 kirjoituksen<\/a> rikkomisesta ehti kulua 18 kuukautta, mik\u00e4 on hitaammin kuin <a title=\"600 kirjoitusta\" href=\"https:\/\/www.vuosiamaailmalla.fi\/?p=7367\">sit\u00e4 edellisen\u00a0rajapyykin<\/a> j\u00e4lkeen. Vertailu ei ole kuitenkaan reilu, sill\u00e4 sain tuolloin kirjoitettua runsain mitoin viett\u00e4ess\u00e4ni ihanaa <a title=\"Sapatin loppu\" href=\"https:\/\/www.vuosiamaailmalla.fi\/?p=8186\">kymmenen kuukauden sapattiani<\/a>.<\/p>\n<p><!--more--><\/p>\n<p style=\"text-align: justify;\">Jokaisen rajapyykin kohdalla p\u00e4ivittelen aina sit\u00e4, miten paljon kirjoitusjonossani onkaan aiheita. T\u00e4m\u00e4 on t\u00e4ysin totta, sill\u00e4 olemme matkustaneet viime vuosina uskomattoman paljon todella <a title=\"Joululoma paratiisissa\" href=\"https:\/\/www.vuosiamaailmalla.fi\/?p=9260\">hienoissa kohteissa<\/a>, enk\u00e4 ole ehtinyt kirjoittaa kuin muutamasta matkasta. Niist\u00e4 kirjoittaminen on kuitenkin suunnitelmissani, meni siin\u00e4 sitten vaikka vuosia (kuten monissa tapauksissa meneekin) ja lopulta matkakertomukset ilmestyv\u00e4t luettavaksi muisteloina.<\/p>\n<p style=\"text-align: justify;\">Olen eritt\u00e4in tyytyv\u00e4inen, ett\u00e4 ajattomuuteen pyrkiv\u00e4 kirjoitustyylini n\u00e4ytt\u00e4\u00e4 toimivan, sill\u00e4 vanhatkin kirjoitukseni saavat edelleen tuhansia lukukertoja. T\u00e4m\u00e4 l\u00e4mmitt\u00e4\u00e4 suuresti mielt\u00e4ni ja yrit\u00e4nkin p\u00e4ivitt\u00e4\u00e4 faktapohjaisia kirjoituksiani aina aika ajoin.<\/p>\n<p style=\"text-align: justify;\">Olen my\u00f6s hyvin tyytyv\u00e4inen, ett\u00e4 muutamat <a href=\"https:\/\/www.vuosiamaailmalla.fi\/?tag=english\">englanniksi<\/a> k\u00e4\u00e4nt\u00e4m\u00e4ni kirjoitukset saavat kivasti lukukertoja. Noille kirjoituksille potentiaalinen yleis\u00f6m\u00e4\u00e4r\u00e4 on tietenkin tuhatkertainen, mutta haluan edelleen s\u00e4ilytt\u00e4\u00e4 blogini suomenkielisen\u00e4. En tee t\u00e4t\u00e4 ty\u00f6t\u00e4 rahasta (l\u00e4hinn\u00e4 se maksaa minulle yll\u00e4pitokuluina sek\u00e4 <strong>tuhansina<\/strong> ty\u00f6tunteina) ja olenkin j\u00e4tt\u00e4nyt huomiotta aina v\u00e4lill\u00e4 tulevat &#8221;yhteisty\u00f6pyynn\u00f6t&#8221;, joita bloggaajana saa. Arvostan toki suuresti niiden saamista, mutta en koe niit\u00e4 soveliaina tarkoitukselle miksi t\u00e4t\u00e4 blogiani kirjoitan.<\/p>\n<p style=\"text-align: justify;\">Motivaationi blogin kirjoittamiseen on edelleen huipputasoa ja niinp\u00e4 jatkankin matkaani kohti <a title=\"900 kirjoitusta\" href=\"https:\/\/www.vuosiamaailmalla.fi\/blog\/2019\/900-kirjoitusta\/\">seuraavia rajapyykkej\u00e4<\/a>. Jos haluan jonkin tavoitteen itselleni asettaa, on se saada kasaan <a title=\"15 vuotta bloggausta\" href=\"https:\/\/www.vuosiamaailmalla.fi\/blog\/2021\/15-vuotta-bloggausta\/\">maagiset 1000 kirjoitusta<\/a> vuosikymmenen loppuun menness\u00e4. Kaikki n\u00e4ytt\u00e4\u00e4 olevan raiteillaan sit\u00e4 kohden, mutta aika n\u00e4ytt\u00e4\u00e4. Kiitos mielenkiinnostanne!<\/p>\n","protected":false},"excerpt":{"rendered":"<p>Samalla kun aika jatkaa v\u00e4\u00e4j\u00e4\u00e4m\u00e4t\u00f6nt\u00e4 kulkemistaan ja vuodet vierimist\u00e4\u00e4n, jatkaa my\u00f6s blogini kasvamistaan. Vaikka minusta tuntuukin usein, etten ehdi kirjoittaa t\u00e4nne mist\u00e4\u00e4n, niin jostain niit\u00e4 kirjoituksia silti kertyy niin, ett\u00e4 k\u00e4sill\u00e4 on j\u00e4lleen uusi rajapyykki. Aikaa edellisest\u00e4 700 kirjoituksen rikkomisesta ehti kulua 18 kuukautta, mik\u00e4 on hitaammin kuin sit\u00e4 edellisen\u00a0rajapyykin j\u00e4lkeen. Vertailu ei ole kuitenkaan &hellip; <a href=\"https:\/\/www.vuosiamaailmalla.fi\/blog\/2018\/800-kirjoitusta\/\" class=\"more-link\">Jatka lukemista<span class=\"screen-reader-text\"> &#8221;800 kirjoitusta&#8221;<\/span><\/a><\/p>\n","protected":false},"author":1,"featured_media":8381,"comment_status":"open","ping_status":"open","sticky":false,"template":"","format":"standard","meta":{"_jetpack_memberships_contains_paid_content":false,"footnotes":""},"categories":[226],"tags":[],"class_list":["post-9432","post","type-post","status-publish","format-standard","has-post-thumbnail","hentry","category-blogista"],"jetpack_featured_media_url":"https:\/\/www.vuosiamaailmalla.fi\/blog\/wp-content\/uploads\/default_banner_iso-2.jpg","jetpack_sharing_enabled":true,"_links":{"self":[{"href":"https:\/\/www.vuosiamaailmalla.fi\/blog\/wp-json\/wp\/v2\/posts\/9432","targetHints":{"allow":["GET"]}}],"collection":[{"href":"https:\/\/www.vuosiamaailmalla.fi\/blog\/wp-json\/wp\/v2\/posts"}],"about":[{"href":"https:\/\/www.vuosiamaailmalla.fi\/blog\/wp-json\/wp\/v2\/types\/post"}],"author":[{"embeddable":true,"href":"https:\/\/www.vuosiamaailmalla.fi\/blog\/wp-json\/wp\/v2\/users\/1"}],"replies":[{"embeddable":true,"href":"https:\/\/www.vuosiamaailmalla.fi\/blog\/wp-json\/wp\/v2\/comments?post=9432"}],"version-history":[{"count":2,"href":"https:\/\/www.vuosiamaailmalla.fi\/blog\/wp-json\/wp\/v2\/posts\/9432\/revisions"}],"predecessor-version":[{"id":12241,"href":"https:\/\/www.vuosiamaailmalla.fi\/blog\/wp-json\/wp\/v2\/posts\/9432\/revisions\/12241"}],"wp:featuredmedia":[{"embeddable":true,"href":"https:\/\/www.vuosiamaailmalla.fi\/blog\/wp-json\/wp\/v2\/media\/8381"}],"wp:attachment":[{"href":"https:\/\/www.vuosiamaailmalla.fi\/blog\/wp-json\/wp\/v2\/media?parent=9432"}],"wp:term":[{"taxonomy":"category","embeddable":true,"href":"https:\/\/www.vuosiamaailmalla.fi\/blog\/wp-json\/wp\/v2\/categories?post=9432"},{"taxonomy":"post_tag","embeddable":true,"href":"https:\/\/www.vuosiamaailmalla.fi\/blog\/wp-json\/wp\/v2\/tags?post=9432"}],"curies":[{"name":"wp","href":"https:\/\/api.w.org\/{rel}","templated":true}]}}