{"id":9436,"date":"2018-01-21T09:43:04","date_gmt":"2018-01-21T17:43:04","guid":{"rendered":"http:\/\/13.53.127.146\/?p=9436"},"modified":"2022-01-22T12:28:22","modified_gmt":"2022-01-22T20:28:22","slug":"kuusi-vuotta-kanadassa","status":"publish","type":"post","link":"https:\/\/www.vuosiamaailmalla.fi\/blog\/2018\/kuusi-vuotta-kanadassa\/","title":{"rendered":"Kuusi vuotta Kanadassa"},"content":{"rendered":"<p style=\"text-align: justify;\">Tammikuu tarkoittaa, ett\u00e4 takana on j\u00e4lleen yksi vuosi lis\u00e4\u00e4 Kanadassa. Kanadan vuosia on kertynyt jo kuusi, mik\u00e4 on enemm\u00e4n kuin Saksassa viett\u00e4m\u00e4mme reilut <a title=\"Viisi vuotta Saksassa\" href=\"https:\/\/www.vuosiamaailmalla.fi\/blog\/2011\/viisi-vuotta-saksassa\/\">viisi vuotta<\/a>. Vuoden aikana maiden v\u00e4linen suhde keikahtikin nyt pysyv\u00e4sti Kanadan eduksi, mit\u00e4 pohdin syksyll\u00e4 muistellessani <a title=\"11 vuotta maailmalla\" href=\"https:\/\/www.vuosiamaailmalla.fi\/blog\/2017\/11-vuotta-maailmalla\/\">11 vuottamme ulkomailla<\/a>. Kuusi vuotta onkin pitk\u00e4 aika ja niinp\u00e4 osa Saksan vuosistamme alkaa olla jo kaukaisia muistoja, jotka toivottavasti s\u00e4ilyv\u00e4t ilman haalistumista mahdollisimman pitk\u00e4\u00e4n!<\/p>\n<p><!--more--><\/p>\n<p style=\"text-align: justify;\">Kuten <a title=\"Viisi vuotta Kanadassa\" href=\"https:\/\/www.vuosiamaailmalla.fi\/blog\/2017\/viisi-vuotta-kanadassa\/\">viime vuonna<\/a> ennakoin, oli kuudes Kanadan vuotemme sangen vakaa. T\u00f6iss\u00e4 ei ollut j\u00e4risytt\u00e4vi\u00e4 muutoksia, vaikka Niinan aiempi ty\u00f6nantaja joutuikin paljon suuremman yrityksen ostamaksi. Se on kuitenkin tuonut mukanaan uusia kiintoisa haasteita ja oli siten positiivinen asia. Itse olen puolestani viihtynyt hyvin omassa kiintoisassa ty\u00f6ss\u00e4ni videopelien parissa, mik\u00e4 on pit\u00e4nyt kiireisen\u00e4 pitkin vuotta.<\/p>\n<p style=\"text-align: center;\"><a href=\"\/blog\/wp-content\/uploads\/2017\/alouette_lake_panoraama1.jpg\"><img decoding=\"async\" src=\"\/blog\/wp-content\/uploads\/2017\/alouette_lake_panoraama1_pieni.jpg\" \/><\/a><\/p>\n<p style=\"text-align: center;\"><em>Kuuden vuosi kauniissa Kanadassa<\/em><\/p>\n<p style=\"text-align: justify;\">Loppukev\u00e4\u00e4st\u00e4 saimme k\u00e4ytt\u00f6\u00f6mme <a title=\"2017 BMW X1 xDrive28i\" href=\"https:\/\/www.vuosiamaailmalla.fi\/blog\/2017\/2017-bmw-x1-xdrive28i\/\">uuden automme<\/a>, jolla on ollut mukava ajella pitkin maita ja mantuja. Kes\u00e4ll\u00e4 innostuimme my\u00f6s\u00a0<a title=\"Telttay\u00f6 Birkenhead Lakella\" href=\"https:\/\/www.vuosiamaailmalla.fi\/blog\/2017\/telttayo-birkenhead-lakella\/\">telttailusta<\/a>, mit\u00e4 tulee varmasti harrastettua my\u00f6s t\u00e4n\u00e4 vuonna. Kanadan luonto on mahtava ja sen voi\u00a0 kokea parhaiten <a title=\"Kes\u00e4y\u00f6 Golden Earsin helmassa\" href=\"https:\/\/www.vuosiamaailmalla.fi\/blog\/2017\/yo-metsan-helmassa\/\">telttailemalla<\/a> sen helmassa. Kes\u00e4 oli keleilt\u00e4\u00e4n hyv\u00e4 ja meill\u00e4 k\u00e4vi loppukes\u00e4st\u00e4 kahdet vieraat. Niinan vanhemmat k\u00e4viv\u00e4t luonamme jo <a title=\"Syysvieraiden kanssa aurinkorannikolla\" href=\"https:\/\/www.vuosiamaailmalla.fi\/blog\/2017\/syysvieraiden-kanssa-aurinkorannikolla\/\">kolmannen kerran<\/a> ja Berliiniss\u00e4 usein luonamme <a title=\"Perusteellinen kierros joulumarkkinoilla\" href=\"https:\/\/www.vuosiamaailmalla.fi\/blog\/2009\/perusteellinen-kierros-joulumarkkinoilla\/\">vieraillut<\/a> yst\u00e4v\u00e4pariskuntamme vieraili luonamme <a title=\"Kes\u00e4vieraat Suomesta\" href=\"https:\/\/www.vuosiamaailmalla.fi\/blog\/2017\/kesavieraat-suomesta\/\">ensimm\u00e4ist\u00e4 kertaa<\/a>.<\/p>\n<p style=\"text-align: center;\"><a href=\"\/blog\/wp-content\/uploads\/2017\/uusi_x1_poseeraa2.jpg\"><img decoding=\"async\" src=\"\/blog\/wp-content\/uploads\/2017\/thumbs\/thumbs_uusi_x1_poseeraa2.jpg\" \/><\/a><a href=\"\/blog\/wp-content\/uploads\/2017\/teltassa2.jpg\"><img decoding=\"async\" src=\"\/blog\/wp-content\/uploads\/2017\/thumbs\/thumbs_teltassa2.jpg\" \/><\/a><a href=\"\/blog\/wp-content\/uploads\/2017\/leirisapuska2.jpg\"><img decoding=\"async\" src=\"\/blog\/wp-content\/uploads\/2017\/thumbs\/thumbs_leirisapuska2.jpg\" \/><\/a><\/p>\n<p style=\"text-align: center;\"><em>Uusi auto sek\u00e4 telttailua<\/em><\/p>\n<p style=\"text-align: center;\"><a href=\"\/blog\/wp-content\/uploads\/2017\/poseeraus_whistlerin_huipulla.jpg\"><img decoding=\"async\" src=\"\/blog\/wp-content\/uploads\/2017\/poseeraus_whistlerin_huipulla.jpg\" \/><\/a><\/p>\n<p style=\"text-align: center;\"><em>Kes\u00e4ll\u00e4 luonamme k\u00e4vi vieraita<\/em><\/p>\n<p style=\"text-align: justify;\">Vuoteen mahtui my\u00f6s runsaasti eksoottisia matkoja. Ensiksi vietimme hiihtolomaa\u00a0<a title=\"Hiihtoloma Kalliovuorilla\" href=\"https:\/\/www.vuosiamaailmalla.fi\/blog\/2017\/hiihtolomalla-kalliovuorilla\/\">Kanadan Kalliovuorilla<\/a> ja kes\u00e4ll\u00e4 suuntasimme kes\u00e4lomalle Islantiin ja Gr\u00f6nlantiin. Kylmi\u00e4 kes\u00e4kohteita l\u00e4hdimme joulukuun lopussa tasapainottamaan l\u00e4ntisen <a title=\"Trooppinen jouluaatto Guamissa\" href=\"https:\/\/www.vuosiamaailmalla.fi\/blog\/2018\/trooppinen-jouluaatto-guamissa\/\">Tyynenmeren tropiikkiin<\/a>, joista tunnelmista olemme vasta vastik\u00e4\u00e4n palanneet.<\/p>\n<p style=\"text-align: center;\"><a href=\"\/blog\/wp-content\/uploads\/2017\/kalliovuorten_panoraama2.jpg\"><img decoding=\"async\" src=\"\/blog\/wp-content\/uploads\/2017\/kalliovuorten_panoraama2_pieni.jpg\" \/><\/a><\/p>\n<p style=\"text-align: center;\"><em>Kallivuorten hiihtoloma aloitti vuoden<\/em><\/p>\n<p style=\"text-align: justify;\">Alkava seitsem\u00e4s vuotemme Kanadassa saattaa olla hieman edellisvuotta ep\u00e4varmempi, sill\u00e4 ilmassa on (j\u00e4lleen kerran) ep\u00e4varmuutta asunnon suhteen. My\u00f6s ty\u00f6kuvioissa lienee tiedossa pieni\u00e4, joskin tuskin kovin dramaattisia muutoksia.<\/p>\n<p style=\"text-align: justify;\">Vuoden suurin lomamme tulee olemaan joskus kes\u00e4ll\u00e4 teht\u00e4v\u00e4 muutaman viikon <a title=\"Kes\u00e4matkailua Suomessa\" href=\"https:\/\/www.vuosiamaailmalla.fi\/blog\/2018\/kesamatkailua-suomessa\/\">matka Suomeen<\/a>, mik\u00e4 on minulle ensimm\u00e4inen kes\u00e4 Suomessa <a title=\"Halki Ruotsin sek\u00e4 kes\u00e4loma roadsterilla\" href=\"https:\/\/www.vuosiamaailmalla.fi\/blog\/2011\/halki-ruotsin-seka-kesaloma-roadsterilla\/\">sitten vuoden 2011<\/a>! Toivottavasti Suomen suvi hellii t\u00e4n\u00e4 vuonna edes jonkinlaisella l\u00e4mm\u00f6ll\u00e4, monen kehnon kes\u00e4n j\u00e4lkeen. Muutamia muitakin reissuja on suunnitelmissamme, mutta ei mit\u00e4\u00e4n viime vuoden veroista ja ihan hyv\u00e4 niin, sill\u00e4 niist\u00e4 kertyy niin turkasesti kirjoitettavaa&#8230;<\/p>\n<p style=\"text-align: center;\"><a href=\"\/blog\/wp-content\/uploads\/2017\/terassi_pilvien_ylapuolella3.jpg\"><img decoding=\"async\" src=\"\/blog\/wp-content\/uploads\/2017\/terassi_pilvien_ylapuolella3.jpg\" \/><\/a><\/p>\n<p style=\"text-align: center;\"><em>Upeasta asunnosta olisi s\u00e4\u00e4li luopua<\/em><\/p>\n<p style=\"text-align: justify;\">Ehk\u00e4 suurin muutos t\u00e4n\u00e4 vuonna saattaakin liitty\u00e4 statukseemme t\u00e4\u00e4ll\u00e4 Kanadassa, sill\u00e4 t\u00e4yt\u00e4mme viimeinkin <a title=\"Uunituoreet Kanadan kansalaiset\" href=\"https:\/\/www.vuosiamaailmalla.fi\/blog\/2019\/uunituoreet-kanadan-kansalaiset\/\">Kanadan kansalaisuuteen<\/a> vaadittavat vaatimukset. T\u00e4t\u00e4 puolta tulee varmasti tutkittua <a title=\"Hakemus Kanadan kansalaisuudesta\" href=\"https:\/\/www.vuosiamaailmalla.fi\/blog\/2018\/hakemus-kanadan-kansalaisuudesta\/\">alkuvuoden aikana<\/a>, joskin prosessi on k\u00e4sitt\u00e4\u00e4ksemme melko pitk\u00e4 mutta kaiken sen vaivan v\u00e4\u00e4rti.<\/p>\n<p style=\"text-align: justify;\">Tiedossa on varmasti kiintoisa vuosi tutuissa maisemissa ja <a title=\"Seitsem\u00e4n vuotta Kanadassa\" href=\"https:\/\/www.vuosiamaailmalla.fi\/blog\/2019\/seitseman-vuotta-kanadassa\/\">vuoden p\u00e4\u00e4st\u00e4<\/a> tied\u00e4mme j\u00e4lleen paremmin oliko vainuni alkuunkaan kohdillaan.<\/p>\n","protected":false},"excerpt":{"rendered":"<p>Tammikuu tarkoittaa, ett\u00e4 takana on j\u00e4lleen yksi vuosi lis\u00e4\u00e4 Kanadassa. Kanadan vuosia on kertynyt jo kuusi, mik\u00e4 on enemm\u00e4n kuin Saksassa viett\u00e4m\u00e4mme reilut viisi vuotta. Vuoden aikana maiden v\u00e4linen suhde keikahtikin nyt pysyv\u00e4sti Kanadan eduksi, mit\u00e4 pohdin syksyll\u00e4 muistellessani 11 vuottamme ulkomailla. Kuusi vuotta onkin pitk\u00e4 aika ja niinp\u00e4 osa Saksan vuosistamme alkaa olla jo &hellip; <a href=\"https:\/\/www.vuosiamaailmalla.fi\/blog\/2018\/kuusi-vuotta-kanadassa\/\" class=\"more-link\">Jatka lukemista<span class=\"screen-reader-text\"> &#8221;Kuusi vuotta Kanadassa&#8221;<\/span><\/a><\/p>\n","protected":false},"author":1,"featured_media":11909,"comment_status":"open","ping_status":"open","sticky":false,"template":"","format":"standard","meta":{"_jetpack_memberships_contains_paid_content":false,"footnotes":""},"categories":[17,3,4],"tags":[25,34,932,77,935,207,939],"class_list":["post-9436","post","type-post","status-publish","format-standard","has-post-thumbnail","hentry","category-arki-kanadassa","category-arki-ulkomailla","category-asuminen-kanadassa","tag-ajankohtaista","tag-arki","tag-asunto","tag-burnaby","tag-kanada","tag-tyo","tag-vancouver"],"jetpack_featured_media_url":"https:\/\/www.vuosiamaailmalla.fi\/blog\/wp-content\/uploads\/kanadan_lippu_banner-1.jpg","jetpack_sharing_enabled":true,"_links":{"self":[{"href":"https:\/\/www.vuosiamaailmalla.fi\/blog\/wp-json\/wp\/v2\/posts\/9436","targetHints":{"allow":["GET"]}}],"collection":[{"href":"https:\/\/www.vuosiamaailmalla.fi\/blog\/wp-json\/wp\/v2\/posts"}],"about":[{"href":"https:\/\/www.vuosiamaailmalla.fi\/blog\/wp-json\/wp\/v2\/types\/post"}],"author":[{"embeddable":true,"href":"https:\/\/www.vuosiamaailmalla.fi\/blog\/wp-json\/wp\/v2\/users\/1"}],"replies":[{"embeddable":true,"href":"https:\/\/www.vuosiamaailmalla.fi\/blog\/wp-json\/wp\/v2\/comments?post=9436"}],"version-history":[{"count":4,"href":"https:\/\/www.vuosiamaailmalla.fi\/blog\/wp-json\/wp\/v2\/posts\/9436\/revisions"}],"predecessor-version":[{"id":12625,"href":"https:\/\/www.vuosiamaailmalla.fi\/blog\/wp-json\/wp\/v2\/posts\/9436\/revisions\/12625"}],"wp:featuredmedia":[{"embeddable":true,"href":"https:\/\/www.vuosiamaailmalla.fi\/blog\/wp-json\/wp\/v2\/media\/11909"}],"wp:attachment":[{"href":"https:\/\/www.vuosiamaailmalla.fi\/blog\/wp-json\/wp\/v2\/media?parent=9436"}],"wp:term":[{"taxonomy":"category","embeddable":true,"href":"https:\/\/www.vuosiamaailmalla.fi\/blog\/wp-json\/wp\/v2\/categories?post=9436"},{"taxonomy":"post_tag","embeddable":true,"href":"https:\/\/www.vuosiamaailmalla.fi\/blog\/wp-json\/wp\/v2\/tags?post=9436"}],"curies":[{"name":"wp","href":"https:\/\/api.w.org\/{rel}","templated":true}]}}