{"id":9442,"date":"2018-01-21T22:00:46","date_gmt":"2018-01-22T06:00:46","guid":{"rendered":"http:\/\/13.53.127.146\/?p=9442"},"modified":"2020-02-08T17:27:06","modified_gmt":"2020-02-09T01:27:06","slug":"menneiden-vuosikymmenten-juhlat","status":"publish","type":"post","link":"https:\/\/www.vuosiamaailmalla.fi\/blog\/2018\/menneiden-vuosikymmenten-juhlat\/","title":{"rendered":"Menneiden vuosikymmenten juhlat"},"content":{"rendered":"<p style=\"text-align: justify;\">Yksi jokavuotinen talven kohokohta ovat ty\u00f6nantajani hulppeat talvijuhlat. Firma j\u00e4rjest\u00e4\u00e4 vuodessa kahdet koko toimiston laajuiset juhlat, joista yhdet kes\u00e4ll\u00e4 toimistomme pihamaalla ja toiset yleens\u00e4 tammikuussa jollain suurella juhlapaikalla. Viimeiset pari vuotta juhlapaikkana on toiminut my\u00f6s <a title=\"Itsen\u00e4isyysp\u00e4iv\u00e4n juhlagaala Vancouverissa\" href=\"https:\/\/www.vuosiamaailmalla.fi\/?p=9379\">Suomen itsen\u00e4isyysjuhlia<\/a> is\u00e4nn\u00f6inyt Vancouverin kongressikeskus, joka on loistava tila jopa muutaman tuhannen ihmisen kokoisiin juhliin.<\/p>\n<p><!--more--><\/p>\n<p style=\"text-align: justify;\">En tied\u00e4 tarkalleen montako toimistomme 2000 ty\u00f6ntekij\u00e4st\u00e4 osallistuu juhlaan seuralaisensa kanssa, mutta on turvallista olettaa ett\u00e4 osaanottajam\u00e4\u00e4r\u00e4 on joka vuosi reilusti yli tuhat henke\u00e4. Yleens\u00e4 liput tapahtumaan loppuvat jo hyviss\u00e4 ajoin ja mattimy\u00f6h\u00e4iset joutuvatkin odottamaan mahdollisia peruutuspaikkoja.<\/p>\n<p style=\"text-align: justify;\">Meill\u00e4 oli aikomuksena osallistua my\u00f6s viimevuotisiin talvijuhliin, mutta harmillisesti Niina oli tuolloin eritt\u00e4in kipe\u00e4. N\u00e4in ollen meilt\u00e4 j\u00e4i v\u00e4liin j\u00e4lkik\u00e4teen paljon kuultu <em>Liisa Ihmemaassa<\/em> -teemainen juhla, jonka sanottiin olleen loistava. T\u00e4m\u00e4nvuotinen juhla oli teemaltaan &#8221;menneet vuosikymmenet&#8221; aina 50-luvulta kasariaikakauteen saakka. Me valitsimme pukeutumisemme aikakaudeksi rakkaan 80-luvun, jolloin rasvaletit, vy\u00f6laukut ja olkatoppaukset olivat kuuminta hottia! \ud83d\ude06<\/p>\n<p style=\"text-align: center;\"><a href=\"\/blog\/wp-content\/uploads\/2018\/kasarimeiningeissa2.jpg\"><img decoding=\"async\" src=\"\/blog\/wp-content\/uploads\/2018\/thumbs\/thumbs_kasarimeiningeissa2.jpg\" \/><\/a><a href=\"\/blog\/wp-content\/uploads\/2018\/kasarimeiningeissa1.jpg\"><img decoding=\"async\" src=\"\/blog\/wp-content\/uploads\/2018\/thumbs\/thumbs_kasarimeiningeissa1.jpg\" \/><\/a><\/p>\n<p style=\"text-align: center;\"><em>80-luvun lapset<\/em><\/p>\n<p style=\"text-align: justify;\">Kutsun kehoitteena oli sy\u00f6d\u00e4 ennen juhlapaikalle saapumista ja niinp\u00e4 k\u00e4vimme her\u00e4tt\u00e4m\u00e4ss\u00e4 hilpeytt\u00e4 l\u00e4hist\u00f6ll\u00e4 sijaitsevassa <a title=\"Mosaic\" href=\"https:\/\/www.vuosiamaailmalla.fi\/?p=9445\">ravintolassa<\/a>. Perill\u00e4 meille kuitenkin selvisi, ett\u00e4 saatavilla oli niin paljon pient\u00e4 sormiruokaa, ett\u00e4 ennakkoruokailu oli t\u00e4ysin tarpeetonta.<\/p>\n<p style=\"text-align: center;\"><a href=\"\/blog\/wp-content\/uploads\/2018\/rewind_juhlat3.jpg\"><img decoding=\"async\" src=\"\/blog\/wp-content\/uploads\/2018\/thumbs\/thumbs_rewind_juhlat3.jpg\" \/><\/a><a href=\"\/blog\/wp-content\/uploads\/2018\/rewind_juhlat4.jpg\"><img decoding=\"async\" src=\"\/blog\/wp-content\/uploads\/2018\/thumbs\/thumbs_rewind_juhlat4.jpg\" \/><\/a><a href=\"\/blog\/wp-content\/uploads\/2018\/rewind_juhlat5.jpg\"><img decoding=\"async\" src=\"\/blog\/wp-content\/uploads\/2018\/thumbs\/thumbs_rewind_juhlat5.jpg\" \/><\/a><\/p>\n<p style=\"text-align: center;\"><em>Baareja ja ruokapisteit\u00e4<\/em><\/p>\n<p style=\"text-align: justify;\">Juhlapaikka oli koristeltu taidokkaasti. Kongressikeskuksen valtava l\u00e4nsip\u00e4\u00e4ty oli jaettu kolmeen tilaan, joissa jokaisella oli oma lavansa sek\u00e4 muutama baaritiski. Huoneiden eri nurkkaukset oli teemoitettu eri vuosikymmenill\u00e4, esimerkkein\u00e4 50-luvun diner-ravintola, 60-luvun hippialue, 70-luvun rullaluistinrata sek\u00e4 80-luvun disco.<\/p>\n<p style=\"text-align: center;\"><a href=\"\/blog\/wp-content\/uploads\/2018\/rewind_juhlat13.jpg\"><img decoding=\"async\" src=\"\/blog\/wp-content\/uploads\/2018\/rewind_juhlat13.jpg\" \/><\/a><\/p>\n<p style=\"text-align: center;\"><em>Hippiosasto<\/em><\/p>\n<p style=\"text-align: center;\"><a href=\"\/blog\/wp-content\/uploads\/2018\/rewind_juhlat2.jpg\"><img decoding=\"async\" src=\"\/blog\/wp-content\/uploads\/2018\/thumbs\/thumbs_rewind_juhlat2.jpg\" \/><\/a><a href=\"\/blog\/wp-content\/uploads\/2018\/rewind_juhlat7.jpg\"><img decoding=\"async\" src=\"\/blog\/wp-content\/uploads\/2018\/thumbs\/thumbs_rewind_juhlat7.jpg\" \/><\/a><a href=\"\/blog\/wp-content\/uploads\/2018\/rewind_juhlat11.jpg\"><img decoding=\"async\" src=\"\/blog\/wp-content\/uploads\/2018\/thumbs\/thumbs_rewind_juhlat11.jpg\" \/><\/a><\/p>\n<p style=\"text-align: center;\"><em>Monen veri veti tanssilattialle<\/em><\/p>\n<p style=\"text-align: justify;\">Upeiden koristeluiden lis\u00e4ksi paikalle oli palkattu toistakymment\u00e4 n\u00e4yttelij\u00e4\u00e4, jotka liikuskelivat ja tanssivat ihmisen joukossa <a title=\"Elviksen kanssa alttarilla\" href=\"https:\/\/www.vuosiamaailmalla.fi\/?p=9965\">Elvikseksi<\/a>, Marilyniksi ja moneksi muuksi aikakauden merkkihenkil\u00f6ksi pukeutuneina. N\u00e4yttelij\u00e4t olivat aivan loistava lis\u00e4 ja vetiv\u00e4t roolejaan mielett\u00f6m\u00e4n hyvin, lis\u00e4ten hauskasti yleistunnelmaan. \ud83d\ude00<\/p>\n<p style=\"text-align: center;\"><a href=\"\/blog\/wp-content\/uploads\/2018\/rewind_juhlat10.jpg\"><img decoding=\"async\" src=\"\/blog\/wp-content\/uploads\/2018\/rewind_juhlat10.jpg\" \/><\/a><\/p>\n<p style=\"text-align: center;\"><em>Paluu tulevaisuuteen<\/em><\/p>\n<p style=\"text-align: justify;\">Hauska idea oli my\u00f6s keskimm\u00e4iselle alueelle rakennettu kisastudio, jossa k\u00e4ytiin illan aikana useita kilpailuja television kultaisen aikakauden malliin <em>Family Feudin<\/em> ja <em>Napakympin<\/em> hengess\u00e4. Mukaan pystyi ilmoittautumaan kuka tahansa ja eri parien vastaukset olivat hulvattoman hauskoja.<\/p>\n<p style=\"text-align: center;\"><a href=\"\/blog\/wp-content\/uploads\/2018\/rewind_juhlat6.jpg\"><img decoding=\"async\" src=\"\/blog\/wp-content\/uploads\/2018\/thumbs\/thumbs_rewind_juhlat6.jpg\" \/><\/a><a href=\"\/blog\/wp-content\/uploads\/2018\/rewind_juhlat8.jpg\"><img decoding=\"async\" src=\"\/blog\/wp-content\/uploads\/2018\/thumbs\/thumbs_rewind_juhlat8.jpg\" \/><\/a><a href=\"\/blog\/wp-content\/uploads\/2018\/rewind_juhlat12.jpg\"><img decoding=\"async\" src=\"\/blog\/wp-content\/uploads\/2018\/thumbs\/thumbs_rewind_juhlat12.jpg\" \/><\/a><\/p>\n<p style=\"text-align: center;\"><em>Vanhan ajan kisailua<\/em><\/p>\n<p style=\"text-align: justify;\">Iltamme olikin aivan loistava ja on nostettava hattua j\u00e4rjestelyist\u00e4 vastanneille, sill\u00e4 siin\u00e4 on ollut vaivaa jo pelk\u00e4st\u00e4\u00e4n ideoida kaikki n\u00e4hty ja toteuttaa suunnitelmat! Olin itse syksyll\u00e4 j\u00e4rjest\u00e4m\u00e4ss\u00e4 oman osastomme onnistuneita syysjuhlia <a title=\"H\u00e4myis\u00e4n yksityisetsiv\u00e4n mysteeri\" href=\"https:\/\/www.vuosiamaailmalla.fi\/?p=7281\">murhamysteerin<\/a> hengess\u00e4 ja jo pelk\u00e4st\u00e4\u00e4n 150 hengen juhlien j\u00e4rjest\u00e4minen vaati valtavasti aikaa ja vaivaa kaiken muun ty\u00f6n ohessa.<\/p>\n<p style=\"text-align: center;\"><a href=\"\/blog\/wp-content\/uploads\/2018\/rewind_juhlat1.jpg\"><img decoding=\"async\" src=\"\/blog\/wp-content\/uploads\/2018\/thumbs\/thumbs_rewind_juhlat1.jpg\" \/><\/a><a href=\"\/blog\/wp-content\/uploads\/2018\/rewind_juhlat9.jpg\"><img decoding=\"async\" src=\"\/blog\/wp-content\/uploads\/2018\/thumbs\/thumbs_rewind_juhlat9.jpg\" \/><\/a><\/p>\n<p style=\"text-align: center;\"><em>Livemusiikki sopi hyvin eri aikakausiin<\/em><\/p>\n<p style=\"text-align: justify;\">Nyt n\u00e4hdyst\u00e4 innostuneena tulemmekin aivan varmasti osallistumaan my\u00f6s <a title=\"Juhlat Louisianan tapaan\" href=\"https:\/\/www.vuosiamaailmalla.fi\/?p=9990\">tuleviin juhliin<\/a>. \ud83d\ude00<\/p>\n","protected":false},"excerpt":{"rendered":"<p>Yksi jokavuotinen talven kohokohta ovat ty\u00f6nantajani hulppeat talvijuhlat. Firma j\u00e4rjest\u00e4\u00e4 vuodessa kahdet koko toimiston laajuiset juhlat, joista yhdet kes\u00e4ll\u00e4 toimistomme pihamaalla ja toiset yleens\u00e4 tammikuussa jollain suurella juhlapaikalla. Viimeiset pari vuotta juhlapaikkana on toiminut my\u00f6s Suomen itsen\u00e4isyysjuhlia is\u00e4nn\u00f6inyt Vancouverin kongressikeskus, joka on loistava tila jopa muutaman tuhannen ihmisen kokoisiin juhliin.<\/p>\n","protected":false},"author":1,"featured_media":9443,"comment_status":"open","ping_status":"open","sticky":false,"template":"","format":"standard","meta":{"_jetpack_memberships_contains_paid_content":false,"footnotes":""},"categories":[17,3,13],"tags":[25,34,133,935,207,939,211],"class_list":["post-9442","post","type-post","status-publish","format-standard","has-post-thumbnail","hentry","category-arki-kanadassa","category-arki-ulkomailla","category-tyoskentely-kanadassa","tag-ajankohtaista","tag-arki","tag-hassua","tag-kanada","tag-tyo","tag-vancouver","tag-vancouver-coal-harbour"],"jetpack_featured_media_url":"https:\/\/www.vuosiamaailmalla.fi\/blog\/wp-content\/uploads\/menneet_vuosikymmenet_banner.jpg","jetpack_sharing_enabled":true,"_links":{"self":[{"href":"https:\/\/www.vuosiamaailmalla.fi\/blog\/wp-json\/wp\/v2\/posts\/9442","targetHints":{"allow":["GET"]}}],"collection":[{"href":"https:\/\/www.vuosiamaailmalla.fi\/blog\/wp-json\/wp\/v2\/posts"}],"about":[{"href":"https:\/\/www.vuosiamaailmalla.fi\/blog\/wp-json\/wp\/v2\/types\/post"}],"author":[{"embeddable":true,"href":"https:\/\/www.vuosiamaailmalla.fi\/blog\/wp-json\/wp\/v2\/users\/1"}],"replies":[{"embeddable":true,"href":"https:\/\/www.vuosiamaailmalla.fi\/blog\/wp-json\/wp\/v2\/comments?post=9442"}],"version-history":[{"count":0,"href":"https:\/\/www.vuosiamaailmalla.fi\/blog\/wp-json\/wp\/v2\/posts\/9442\/revisions"}],"wp:featuredmedia":[{"embeddable":true,"href":"https:\/\/www.vuosiamaailmalla.fi\/blog\/wp-json\/wp\/v2\/media\/9443"}],"wp:attachment":[{"href":"https:\/\/www.vuosiamaailmalla.fi\/blog\/wp-json\/wp\/v2\/media?parent=9442"}],"wp:term":[{"taxonomy":"category","embeddable":true,"href":"https:\/\/www.vuosiamaailmalla.fi\/blog\/wp-json\/wp\/v2\/categories?post=9442"},{"taxonomy":"post_tag","embeddable":true,"href":"https:\/\/www.vuosiamaailmalla.fi\/blog\/wp-json\/wp\/v2\/tags?post=9442"}],"curies":[{"name":"wp","href":"https:\/\/api.w.org\/{rel}","templated":true}]}}