{"id":9498,"date":"2018-02-07T21:01:06","date_gmt":"2018-02-08T05:01:06","guid":{"rendered":"http:\/\/13.53.127.146\/?p=9498"},"modified":"2025-03-17T23:27:52","modified_gmt":"2025-03-18T06:27:52","slug":"oljy-ajoi-british-columbian-ja-albertan-kauppasotaan","status":"publish","type":"post","link":"https:\/\/www.vuosiamaailmalla.fi\/blog\/2018\/oljy-ajoi-british-columbian-ja-albertan-kauppasotaan\/","title":{"rendered":"\u00d6ljy ajoi British Columbian ja Albertan kauppasotaan"},"content":{"rendered":"<p style=\"text-align: justify;\">Uhkaukset ovat viimeisen viikon aikana lennelleet <a title=\"Hiihtoloma Kalliovuorilla\" href=\"https:\/\/www.vuosiamaailmalla.fi\/?p=8959\">lumisten Kalliovuorten<\/a> ylitse, kun British Columbia ja it\u00e4inen naapurimme Alberta ovat ajautuneet yh\u00e4 syvemm\u00e4lle poliittiseen kiistaan, joka on laajentunut nyt my\u00f6s pienimuotoiseksi kauppasodaksi. Kaiken takana on \u00f6ljy, joka on energiasektoristaan riippuvaiselle Albertalle t\u00e4rke\u00e4 tulonl\u00e4hde ja joka tuottaa my\u00f6s liittovaltion kassaan miljardeja. <a title=\"Huoli laskevasta \u00f6ljyn hinnasta\" href=\"https:\/\/www.vuosiamaailmalla.fi\/?p=3970\">Halpa \u00f6ljynhinta<\/a>\u00a0on kuitenkin sakannut Albertan aiemmin kovaa kiit\u00e4neen talouden, mist\u00e4 provinssi <a title=\"Kanadan ty\u00f6llisyystilanne (2017)\" href=\"https:\/\/www.vuosiamaailmalla.fi\/?p=9204\">ei ole toipunut<\/a> viel\u00e4 t\u00e4h\u00e4n p\u00e4iv\u00e4\u00e4nk\u00e4\u00e4n menness\u00e4.<\/p>\n<p><!--more--><\/p>\n<p style=\"text-align: justify;\">Kiistan ytimess\u00e4 on Kanadan maantiede, jossa maailman suurimmat \u00f6ljyhiekkavarat sijaitsevat Albertan p\u00e4\u00e4kaupunki Edmontonin pohjoispuolella sijaitsevan\u00a0<a title=\"Fort McMurrayn tulimyrsky\" href=\"https:\/\/www.vuosiamaailmalla.fi\/?p=8234\">Fort McMurrayn<\/a> ymp\u00e4rist\u00f6ss\u00e4. Laajoista \u00f6ljyvaroista ei kuitenkaan ole iloa ilman p\u00e4\u00e4sy\u00e4 markkinoita, jotka sijaitsevat kolmella suunnalla &#8211; Kanadan it\u00e4rannikon suurissa kaupungeissa, etel\u00e4ss\u00e4 Kanadan merkitt\u00e4vimm\u00e4n kauppakumppanin Yhdysvaltojen alueella sek\u00e4 (meilt\u00e4 katsottuna) l\u00e4nness\u00e4 olevat Aasian suuret kasvumarkkinat.<\/p>\n<p style=\"text-align: center;\"><a href=\"\/blog\/wp-content\/uploads\/2012\/albertan_parlamenttirakennus.jpg\"><img decoding=\"async\" src=\"\/blog\/wp-content\/uploads\/2012\/albertan_parlamenttirakennus.jpg\" \/><\/a><\/p>\n<p style=\"text-align: center;\"><em>Albertan parlamentissa on k\u00e4yneet tunteet kuumana<\/em><\/p>\n<p style=\"text-align: justify;\">\u00d6ljyn tehokas siirt\u00e4minen raiteita pitkin on kuitenkin haastavaa ja viime vuosina Pohjois-Amerikan raiteilla on sattunut monia tuhoisia suistumisia. N\u00e4ist\u00e4 tuhoisin oli vuonna 2013 quebecil\u00e4isess\u00e4 pikkukaupungissa tapahtunut r\u00e4j\u00e4hdys, joka poltti koko kaupungin keskustan maantasalle, surmaten 47 ihmist\u00e4. Turvallisuuden sek\u00e4 paremman v\u00e4lityskyvyn vuoksi Albertan prioriteettina onkin ollut \u00f6ljyputkiston lis\u00e4\u00e4minen, mik\u00e4 on kuitenkin saanut jo entisest\u00e4\u00e4n \u00f6ljyhiekan olemassaolosta tuohtuneen ymp\u00e4rist\u00f6v\u00e4en varpaisilleen.<\/p>\n<p style=\"text-align: center;\"><a href=\"\/blog\/wp-content\/uploads\/2018\/paha_oljyputki.jpg\"><img decoding=\"async\" src=\"\/blog\/wp-content\/uploads\/2018\/paha_oljyputki.jpg\" \/><\/a><\/p>\n<p style=\"text-align: center;\"><em>Iso paha \u00f6ljyputki<\/em><\/p>\n<p style=\"text-align: justify;\">Alberta onkin t\u00f6rm\u00e4nnyt ongelmiin kaikissa ilmansuunnissa. Kaikkein helpoimmat markkinat sijaitsevat etel\u00e4ss\u00e4, jossa Albertalla on oma raja Yhdysvaltojen kanssa. Kuitenkin rajan toisella puolella Obaman hallitus torppasi niin kutsutun <em>Keystone XL Pipeline<\/em> -hankkeen, joka sai poliittisen hyv\u00e4ksynn\u00e4n vasta viime vuonna <a title=\"Kanada sulattelee USA:n vaalitulosta\" href=\"https:\/\/www.vuosiamaailmalla.fi\/?p=8606\">Trumpin uudelta hallitukselta<\/a>. Aikaa ehti kuitenkin kulua siin\u00e4 m\u00e4\u00e4rin, ett\u00e4 Yhdysvalloista tuli viime vuonna omien liuskekaasuvarastojen sek\u00e4 \u00f6ljyntuotannon lis\u00e4yksen avustuksella suurilta osin omavarainen, mik\u00e4 on heikent\u00e4nyt t\u00e4m\u00e4n nyt k\u00e4ynnistuneen miljardiprojektin kannattavuutta.<\/p>\n<p style=\"text-align: justify;\">Kaikkein ongelmallisin ilmansuunta on kuitenkin Albertan l\u00e4nsinaapuri ja oma provinssimme British Columbia, jonka kautta k\u00e4y ainoa j\u00e4rkev\u00e4 reitti rannikolle ja siit\u00e4 \u00f6ljytankkereiden kyydiss\u00e4 kohti Aasiaa. Kilpailevia hankkeita oli alunperin kaksi, josta calgaryl\u00e4isen energiayhti\u00f6 <em>Enbridgen<\/em> 1177 kilometrin mittainen <em>Northern Gateway Pipeline<\/em> sai lopullisen kuoliniskun vuonna 2016, Justin Trudeaun <a title=\"Kanada \u00e4\u00e4nesti muutoksen puolesta\" href=\"https:\/\/www.vuosiamaailmalla.fi\/?p=7290\">tuoreen liberaalihallituksen<\/a>\u00a0hyl\u00e4tty\u00e4 sen lupa-anomus.<\/p>\n<p style=\"text-align: justify;\">\u00d6ljyputki olisi kuljettanut \u00f6ljy\u00e4 Albertasta pohjoisessa British Columbiassa sijaitsevaan pieneen <a title=\"Pohjoisen buumikaupunki Kitimat\" href=\"https:\/\/www.vuosiamaailmalla.fi\/?p=10770\">Kitimatin kyl\u00e4\u00e4n<\/a>, jonne olisi rakennettu valtava \u00f6ljyterminaali hulppeisiin vuonomaisemiin. Projektia vastustivat liian riskikk\u00e4\u00e4n\u00e4 paitsi ymp\u00e4rist\u00f6v\u00e4ki, mutta my\u00f6s matkan varrella asustavat alkuper\u00e4isheimot, joille syy vastustukseen johtui my\u00f6s liian pieneksi katsotusta korvauksesta maidensa l\u00e4pikulusta. Nyt t\u00e4st\u00e4 ei en\u00e4\u00e4 ole riski\u00e4, kun hanke on kuopattu.<\/p>\n<p style=\"text-align: center;\"><a href=\"\/blog\/wp-content\/uploads\/2018\/trans_mountain_pipeline_kartta.jpg\"><img decoding=\"async\" src=\"\/blog\/wp-content\/uploads\/2018\/trans_mountain_pipeline_kartta.jpg\" \/><\/a><\/p>\n<p style=\"text-align: center;\"><em>Nykyisen \u00f6ljyputken reitti vuorten yli<\/em><\/p>\n<p style=\"text-align: justify;\">Mutta my\u00f6s itse provinssi on vastustanut \u00f6ljyputkihankkeita kiivaasti. Vastustuksessa on tietenkin kyse rahasta, sill\u00e4 British Columbia katsoo kauttaan kulkevasta \u00f6ljyst\u00e4 saatavan korvauksen olevan liian pieni siihen n\u00e4hden, ett\u00e4 provinsi kantaa suurimman osan ymp\u00e4rist\u00f6riskeist\u00e4 pitk\u00e4ll\u00e4 tuhannen kilometrin matkalla sek\u00e4 rannikon kapeikoista, jossa tankkerit joutuvat navigoimaan sumuisessa keliss\u00e4.<\/p>\n<p style=\"text-align: justify;\">Riski ei ole tuulesta temmattu, sill\u00e4 provinssin l\u00e4pi kulkeva <em>Trans-Mountain Pipelinena<\/em> tunnettu ja t\u00e4ll\u00e4 hetkell\u00e4 ainoa \u00f6ljyputki, on vuotanut historiansa aikana nelj\u00e4 kertaa. Vuodot ovat olleet pieni\u00e4, mutta vuonna 2007 putki puhkesi\u00a0<a href=\"https:\/\/www.youtube.com\/watch?v=07wlunwsEt8\">keskell\u00e4 asuinaluetta<\/a>\u00a0t\u00e4\u00e4ll\u00e4 Burnabyss\u00e4. 1150 kilometri\u00e4 pitk\u00e4 \u00f6ljyputki kuljettaa p\u00e4iv\u00e4ss\u00e4 300 000 tynnyri\u00e4 raskasta \u00f6ljy\u00e4 Edmontonista Burnabyyn, miss\u00e4 se lastataan laivoihin Burnaby Mountainin takana sijaitsevilla \u00f6ljyterminaaleilla.<\/p>\n<p style=\"text-align: center;\"><a href=\"\/blog\/wp-content\/uploads\/2012\/burnabyn_oljyterminaali_panoraama.jpg\"><img decoding=\"async\" src=\"\/blog\/wp-content\/uploads\/2012\/burnabyn_oljyterminaali_panoraama_pieni.jpg\" \/><\/a><\/p>\n<p style=\"text-align: center;\"><em>\u00d6ljyterminaali Vancouverin kupeessa<\/em><\/p>\n<p style=\"text-align: justify;\">Nykyisen \u00f6ljyputken kapasiteetti on kuitenkin merkitt\u00e4v\u00e4 pullonkaula Albertan talouskasvulle ja <a title=\"Kaikki moottoritiet johtavat Houstoniin\" href=\"https:\/\/www.vuosiamaailmalla.fi\/?p=8732\">houstonilainen<\/a> energiaj\u00e4tti <em>Kinder Morgan<\/em> onkin ajanut jo vuosia Trans-Mountain Pipelinen laajentamista rinnakkaisella putkella, joka kolminkertaistaisi nykyisen kapasiteetin. T\u00e4lle hankkeelle Trudeaun hallitus antoi hyv\u00e4ksynt\u00e4ns\u00e4 vuonna 2016, hyl\u00e4tty\u00e4\u00e4n Enbridgen kilpailevan hankkeen.<\/p>\n<p style=\"text-align: justify;\">Asia on hiert\u00e4nyt provinssitasolla British Columbian ja Albertan v\u00e4lej\u00e4 jo vuosia. Viime vuonna valittu British Columbian uusi sosiaalidemokraattihallitus onkin joutunut kasvavan paineen alle, jouduttuaan viime kuussa hyv\u00e4ksym\u00e4\u00e4n hampaita kiristellen jo vuosia k\u00e4ynniss\u00e4 olleen j\u00e4ttim\u00e4isen\u00a0<em>Site C<\/em>\u00a0vesivoimahankkeen loppuunviemisen, kun yli budjetin ven\u00e4ht\u00e4neen megaprojektien keskeytt\u00e4minen olisi johtanut miljardien tappioihin. Patohankkeen vastustuksessa on ollut kyse l\u00e4hinn\u00e4 ymp\u00e4rist\u00f6asioista, joten John Horganin hallituksella onkin ollut paineita lepytell\u00e4 British Columbiassa melkoisen \u00e4\u00e4nek\u00e4st\u00e4 ymp\u00e4rist\u00f6tietoisten \u00e4\u00e4nest\u00e4jien joukkoa jotenkin, mist\u00e4 p\u00e4\u00e4st\u00e4\u00e4nkin lopulta nyt jo viikon mittaiseen ja alati laajenevaan kauppasotaan provinssien v\u00e4lill\u00e4.<\/p>\n<p style=\"text-align: justify;\">Viime viikolla nimitt\u00e4in Horganin hallitus p\u00e4\u00e4tti asettaa rajoituksia British Columbian aluevesill\u00e4 tapahtuvalle raskaan ja ymp\u00e4rist\u00f6lle vaarallisen \u00f6ljybitumin kuljetukselle, mik\u00e4 k\u00e4yt\u00e4nn\u00f6ss\u00e4 vesitt\u00e4\u00e4 uuden \u00f6ljyputken hy\u00f6dyt uutena pullonkaulana. Albertan p\u00e4\u00e4ministeri Rachel Notley reagoi p\u00e4\u00e4t\u00f6kseen voimakkaasti, julistaen Horganin hallituksen p\u00e4\u00e4t\u00f6ksen vihamieliseksi kauppapolitiikaksi Albertaa kohtaan. Notley uhkasi median edess\u00e4 haastaa British Columbian oikeuteen, mit\u00e4 seurasi seuraavina p\u00e4ivin\u00e4 kasvava lista tuontikieltoja British Columbian tuotteille.<\/p>\n<p style=\"text-align: center;\"><a href=\"\/blog\/wp-content\/uploads\/2018\/ministerit_tukkanuottasilla.jpg\"><img decoding=\"async\" src=\"\/blog\/wp-content\/uploads\/2018\/ministerit_tukkanuottasilla.jpg\" \/><\/a><\/p>\n<p style=\"text-align: center;\"><em>Ministerit tukkanuottasilla<\/em><\/p>\n<p style=\"text-align: justify;\">Ensiksi kieltolistalle joutui viinituotanto, joka on merkitt\u00e4v\u00e4 tulonl\u00e4hde Okanagan Valleyn alueelle. Seuraavina p\u00e4ivin\u00e4 Alberta k\u00e4vi provinssillemme elint\u00e4rke\u00e4n turismin kimppuun, kehoittaen asukkaitaan boikotoimaan muun muassa t\u00e4k\u00e4l\u00e4isi\u00e4 laskettelukeskuksia. Meilt\u00e4 puolestaan vastattiin uhkauksilla albertalaisen lihatuotannon tuontikiellosta, mihin Alberta vastasi uhkauksella rajoittaa British Columbiasta ostettavan s\u00e4hk\u00f6n m\u00e4\u00e4r\u00e4\u00e4.<\/p>\n<p style=\"text-align: justify;\">Sanasodan keskell\u00e4 Kanadan <a title=\"Justin Trudeaun valtakauden p\u00e4\u00e4t\u00f6s\" href=\"https:\/\/www.vuosiamaailmalla.fi\/blog\/2025\/justin-trudeaun-valtakauden-paatos\/\">p\u00e4\u00e4ministeri Trudeau<\/a> on joutunut hankalaan v\u00e4lik\u00e4teen, jossa yksitt\u00e4inen provinssi (t\u00e4ss\u00e4 tapauksessa British Columbia) uhmaa liittovaltiotasolla tehty\u00e4 p\u00e4\u00e4t\u00f6st\u00e4, aiheuttaen n\u00e4in haittaa kansalliselle edulle. Kuviossa on mukana my\u00f6s reilu annos politiikkaa, sill\u00e4 Trudeau edustaa eri puoluetta kuin Horgan ja Notley, ja kiistassa on ollut mahdollisuus heikent\u00e4\u00e4 my\u00f6s ensi vuoden vaaleihin pian valmistautuvaa p\u00e4\u00e4ministeri\u00e4. Trudeau on ollut jo valmiiksi suurissa vaikeuksissa Yhdysvaltojen kanssa k\u00e4yt\u00e4viss\u00e4 <a title=\"Kanada sulattelee USA:n vaalitulosta\" href=\"https:\/\/www.vuosiamaailmalla.fi\/?p=8606\">NAFTA-neuvotteluissa<\/a>, eik\u00e4 kivapuhetta ja hyve-signalointia rakastava <a title=\"Selfie-p\u00e4\u00e4ministeri vierailulla\" href=\"https:\/\/www.vuosiamaailmalla.fi\/?p=8933\">selfie-p\u00e4\u00e4ministerimme<\/a> ole p\u00e4rj\u00e4nnyt neuvottelup\u00f6ydiss\u00e4. Tilanne on k\u00e4ynyt Trudeaun hermojen p\u00e4\u00e4lle ihan kirjaimellisesti, kun my\u00f6s t\u00e4t\u00e4 aiemmin tukenut ymp\u00e4rist\u00f6v\u00e4ki on k\u00e4\u00e4ntynyt \u00f6ljyputkea liputtavaa p\u00e4\u00e4ministeri\u00e4 vastaan. Viime viikolla p\u00e4\u00e4ministeri melkein\u00a0<a href=\"https:\/\/www.youtube.com\/watch?v=6FALDpgUpvM\">menetti hermonsa<\/a> pressitilaisuudessa, aktivistien k\u00e4yty\u00e4 v\u00e4h\u00e4n liiankin aktiivisiksi.<\/p>\n<p style=\"text-align: justify;\">Tilanteessa saavutettaneen lopulta jonkinlainen kompromissi, kunhan rahasummista ja saajista sovitaan, mutta koko kalabaliikki on ollut sangen poikkeuksellinen yleens\u00e4 vahvasti konsensukseen taipuvassa Kanadassa. Mielipiteen muodostaminen asiasta onkin sangen ristiriitaista, sill\u00e4 uusi \u00f6ljyputki ja lis\u00e4\u00e4ntynyt tankkeriliikenne lis\u00e4\u00e4v\u00e4t riski\u00e4 kauniilla rannikollamme, viel\u00e4p\u00e4 aivan Vancouverin kupeessa. Putki on kuitenkin junaa riskitt\u00f6m\u00e4mpi kuljetusmuoto ja tuottaa miljardeja valtion kassaan, mutta se my\u00f6s edist\u00e4\u00e4 v\u00e4lillisesti ilmastonmuutosta, jota vastaan Kanada on vannonut taistelevansa etujoukoissa.<\/p>\n<p style=\"text-align: center;\"><iframe loading=\"lazy\" src=\"https:\/\/www.youtube-nocookie.com\/embed\/W-PooTpdcyw?rel=0\" width=\"560\" height=\"315\" frameborder=\"0\" allowfullscreen=\"allowfullscreen\"><\/iframe><\/p>\n<p style=\"text-align: justify;\">Itse n\u00e4kisin kaikkein mieluimmin, ett\u00e4 Albertan \u00f6ljyhiekkavaroja k\u00e4ytett\u00e4isiin enemm\u00e4n <a title=\"Pilviin kohonnut polttoaine\" href=\"https:\/\/www.vuosiamaailmalla.fi\/blog\/2022\/pilviin-kohonnut-polttoaine\/\">kanadalaisten hyv\u00e4ksi<\/a>. Heikosti jalostetusta bitumista ja raskaasta \u00f6ljyst\u00e4 saatava hinta on markkinoilla alhainen, joten miksei \u00f6ljy\u00e4 voisi jalostaa Kanadassa ja myyd\u00e4 vasta sitten moninkertaisella hinnalla maailmalle? Jalostetulle polttoaineelle olisi tarvetta my\u00f6s paikallisesti, sill\u00e4 British Columbian alueelle ei ole rakennettu yli 50 vuoteen uutta jalostuskapasiteettia samalla, kun v\u00e4est\u00f6n m\u00e4\u00e4r\u00e4 on lis\u00e4\u00e4ntynyt kahdella miljoonalla.<\/p>\n<p style=\"text-align: justify;\">Provinssimme onkin nykyisin hyvin riippuvainen tuonti\u00f6ljyst\u00e4 ja heti rajan etel\u00e4puolelta Bellinghamissa sijaitsevat \u00f6ljyjalostamot (jotka jopa n\u00e4kyv\u00e4t meille saakka) tuottavat meille tuotavaa polttoainetta, jota ostamme t\u00e4ll\u00e4 hetkell\u00e4 eritt\u00e4in kalliilla <a title=\"Laskeva loonie\" href=\"https:\/\/www.vuosiamaailmalla.fi\/?p=7727\">heikon dollarimme<\/a> vuoksi. T\u00e4m\u00e4 on hulluutta ja siksi polttoaineen hinta British Columbiassa onkin Pohjois-Amerikan kalleinta. Viime viikolla h\u00e4tyyteltiin jopa <a title=\"Polttoaineen hinta yli 1.50 dollaria\" href=\"https:\/\/www.vuosiamaailmalla.fi\/?p=133\">nelj\u00e4n vuoden takaisia<\/a>\u00a0$1.50 dollarin litrahintoja, mik\u00e4 ei ilahduta alkuunkaan meit\u00e4 jo muutenkin el\u00e4misest\u00e4mme <a title=\"Pohjois-Amerikan kallein kaupunki\" href=\"https:\/\/www.vuosiamaailmalla.fi\/?p=211\">\u00e4lytt\u00f6m\u00e4n paljon<\/a> maksavia.<\/p>\n<p style=\"text-align: justify;\">Koko kuvion h\u00e4vi\u00e4j\u00e4 onkin, j\u00e4lleen kerran, veronmaksaja sek\u00e4 kuluttaja, jonka kukkarosta kukkotappelu sek\u00e4 typer\u00e4t poliittiset p\u00e4\u00e4t\u00f6kset aina lopulta maksetaan&#8230;<\/p>\n","protected":false},"excerpt":{"rendered":"<p>Uhkaukset ovat viimeisen viikon aikana lennelleet lumisten Kalliovuorten ylitse, kun British Columbia ja it\u00e4inen naapurimme Alberta ovat ajautuneet yh\u00e4 syvemm\u00e4lle poliittiseen kiistaan, joka on laajentunut nyt my\u00f6s pienimuotoiseksi kauppasodaksi. Kaiken takana on \u00f6ljy, joka on energiasektoristaan riippuvaiselle Albertalle t\u00e4rke\u00e4 tulonl\u00e4hde ja joka tuottaa my\u00f6s liittovaltion kassaan miljardeja. Halpa \u00f6ljynhinta\u00a0on kuitenkin sakannut Albertan aiemmin kovaa kiit\u00e4neen &hellip; <a href=\"https:\/\/www.vuosiamaailmalla.fi\/blog\/2018\/oljy-ajoi-british-columbian-ja-albertan-kauppasotaan\/\" class=\"more-link\">Jatka lukemista<span class=\"screen-reader-text\"> &#8221;\u00d6ljy ajoi British Columbian ja Albertan kauppasotaan&#8221;<\/span><\/a><\/p>\n","protected":false},"author":1,"featured_media":9501,"comment_status":"open","ping_status":"open","sticky":false,"template":"","format":"standard","meta":{"_jetpack_memberships_contains_paid_content":false,"footnotes":""},"categories":[17,3],"tags":[25,77,249,133,1230,935,155,491,939,11,831],"class_list":["post-9498","post","type-post","status-publish","format-standard","has-post-thumbnail","hentry","category-arki-kanadassa","category-arki-ulkomailla","tag-ajankohtaista","tag-burnaby","tag-edmonton","tag-hassua","tag-justin-trudeau","tag-kanada","tag-kanadalainen-juttu","tag-talous","tag-vancouver","tag-matkakertomukset-yhdysvallat","tag-oljyhiekka"],"jetpack_featured_media_url":"https:\/\/www.vuosiamaailmalla.fi\/blog\/wp-content\/uploads\/burnabyn_oljyterminaali_banner.jpg","jetpack_sharing_enabled":true,"_links":{"self":[{"href":"https:\/\/www.vuosiamaailmalla.fi\/blog\/wp-json\/wp\/v2\/posts\/9498","targetHints":{"allow":["GET"]}}],"collection":[{"href":"https:\/\/www.vuosiamaailmalla.fi\/blog\/wp-json\/wp\/v2\/posts"}],"about":[{"href":"https:\/\/www.vuosiamaailmalla.fi\/blog\/wp-json\/wp\/v2\/types\/post"}],"author":[{"embeddable":true,"href":"https:\/\/www.vuosiamaailmalla.fi\/blog\/wp-json\/wp\/v2\/users\/1"}],"replies":[{"embeddable":true,"href":"https:\/\/www.vuosiamaailmalla.fi\/blog\/wp-json\/wp\/v2\/comments?post=9498"}],"version-history":[{"count":4,"href":"https:\/\/www.vuosiamaailmalla.fi\/blog\/wp-json\/wp\/v2\/posts\/9498\/revisions"}],"predecessor-version":[{"id":13940,"href":"https:\/\/www.vuosiamaailmalla.fi\/blog\/wp-json\/wp\/v2\/posts\/9498\/revisions\/13940"}],"wp:featuredmedia":[{"embeddable":true,"href":"https:\/\/www.vuosiamaailmalla.fi\/blog\/wp-json\/wp\/v2\/media\/9501"}],"wp:attachment":[{"href":"https:\/\/www.vuosiamaailmalla.fi\/blog\/wp-json\/wp\/v2\/media?parent=9498"}],"wp:term":[{"taxonomy":"category","embeddable":true,"href":"https:\/\/www.vuosiamaailmalla.fi\/blog\/wp-json\/wp\/v2\/categories?post=9498"},{"taxonomy":"post_tag","embeddable":true,"href":"https:\/\/www.vuosiamaailmalla.fi\/blog\/wp-json\/wp\/v2\/tags?post=9498"}],"curies":[{"name":"wp","href":"https:\/\/api.w.org\/{rel}","templated":true}]}}