{"id":9526,"date":"2018-03-13T20:52:56","date_gmt":"2018-03-14T03:52:56","guid":{"rendered":"http:\/\/13.53.127.146\/?p=9526"},"modified":"2018-03-13T20:54:45","modified_gmt":"2018-03-14T03:54:45","slug":"herkuistaan-palkittu-west","status":"publish","type":"post","link":"https:\/\/www.vuosiamaailmalla.fi\/blog\/2018\/herkuistaan-palkittu-west\/","title":{"rendered":"Herkkupalkittu West"},"content":{"rendered":"<p style=\"text-align: justify;\">Helmikuun alussa huipentuvan <a href=\"https:\/\/www.vuosiamaailmalla.fi\/?tag=dine-out-vancouver\"><em>Dine Out Vancouverin<\/em><\/a> t\u00e4m\u00e4nvuotinen p\u00e4\u00e4t\u00f6ksemme oli illallinen hieman keskustan etel\u00e4puolella sijaitsevassa kuuluisassa <em>West<\/em> nimisess\u00e4 ravintolassa. Ravintola on toiminut jo pitk\u00e4\u00e4n ja pokannut monia palkintoja Vancouverin parhaana illallispaikkana. Niinp\u00e4 meit\u00e4 onkin kiinnostanut jo useamman vuoden ajan k\u00e4yd\u00e4 kokeilemassa sik\u00e4l\u00e4isen ky\u00f6kkimaestron luomuksia.<\/p>\n<p><!--more--><\/p>\n<p style=\"text-align: center;\"><a href=\"\/blog\/wp-content\/uploads\/2018\/west_ravintola1.jpg\"><img decoding=\"async\" src=\"\/blog\/wp-content\/uploads\/2018\/thumbs\/thumbs_west_ravintola1.jpg\" \/><\/a><a href=\"\/blog\/wp-content\/uploads\/2018\/west_ravintola2.jpg\"><img decoding=\"async\" src=\"\/blog\/wp-content\/uploads\/2018\/thumbs\/thumbs_west_ravintola2.jpg\" \/><\/a><\/p>\n<p style=\"text-align: center;\"><em>L\u00e4mmin sisustus tervehtii vierailijaa<\/em><\/p>\n<p style=\"text-align: justify;\">Valitettavasti aiempina vuosina Westin illallisajat ovat menneet nopeasti, joten olimmekin iloisia saatuamme viimeinkin tehty\u00e4 varauksen ravintolaan. West sijaitsee vilkkaan <em>Granville Streetin<\/em> varrella Fairviewn hienostoalueella, mutta sis\u00e4puolella vierailijaa odottaa l\u00e4mpimill\u00e4 v\u00e4reill\u00e4 koristeltu tyylik\u00e4s ravintola. Paikka ei ole j\u00e4rin iso ja illallinen ravintolassa onkin siksi mukavan intiimi kokemus.<\/p>\n<p style=\"text-align: center;\"><a href=\"\/blog\/wp-content\/uploads\/2018\/west_ravintola3.jpg\"><img decoding=\"async\" src=\"\/blog\/wp-content\/uploads\/2018\/west_ravintola3.jpg\" \/><\/a><\/p>\n<p style=\"text-align: center;\"><em>Intiimin pieni ravintola<\/em><\/p>\n<p style=\"text-align: justify;\">Me valitsimme tietenkin j\u00e4lleen illan erikoismenun, jonka listalta valintani alkuruoaksi hieman erikoinen yhdistelm\u00e4 savustettua lohta veriappelsiinin ja sitrus-ranskankerman kera. Makuel\u00e4mys oli kiintoisa, mutta meni nopeasti parempiin suihin. Niina p\u00e4\u00e4tyi puolestaan vegaanimpaan vaihtoehtoon paahdetusta kurpitsasta endiivilehden sek\u00e4 omenasuikaleiden kera.<\/p>\n<p style=\"text-align: center;\"><a href=\"\/blog\/wp-content\/uploads\/2018\/westin_ruoka1.jpg\"><img decoding=\"async\" src=\"\/blog\/wp-content\/uploads\/2018\/thumbs\/thumbs_westin_ruoka1.jpg\" \/><\/a><a href=\"\/blog\/wp-content\/uploads\/2018\/westin_ruoka2.jpg\"><img decoding=\"async\" src=\"\/blog\/wp-content\/uploads\/2018\/thumbs\/thumbs_westin_ruoka2.jpg\" \/><\/a><\/p>\n<p style=\"text-align: center;\"><em>Erikoisia yhdistelmi\u00e4 alkuruoaksi<\/em><\/p>\n<p style=\"text-align: justify;\">P\u00e4\u00e4ruoaksi teimme molemmat varman valinnan pihvist\u00e4 sipulimuussilla ja villisienill\u00e4 ryyditettyn\u00e4. Annoksen koko oli meit\u00e4 yll\u00e4tt\u00e4neen kookas ja pihvi tarjoiltiin tottakai <em>medium minuksena<\/em>. 8)<\/p>\n<p style=\"text-align: justify;\">My\u00f6sk\u00e4\u00e4n j\u00e4lkiruoan suhteen ei esiintynyt mit\u00e4\u00e4n erimielisyytt\u00e4, sill\u00e4 suklaakakun palanen rukiisen Graham-mangoj\u00e4\u00e4tel\u00f6n kanssa oli molempien ykk\u00f6svalinta. Pieni leivos t\u00e4ydensikin kivasti illallisemme ja pian olimme jo valmiita kotimatkalle.<\/p>\n<p style=\"text-align: center;\"><a href=\"\/blog\/wp-content\/uploads\/2018\/westin_ruoka3.jpg\"><img decoding=\"async\" src=\"\/blog\/wp-content\/uploads\/2018\/thumbs\/thumbs_westin_ruoka3.jpg\" \/><\/a><a href=\"\/blog\/wp-content\/uploads\/2018\/westin_ruoka4.jpg\"><img decoding=\"async\" src=\"\/blog\/wp-content\/uploads\/2018\/thumbs\/thumbs_westin_ruoka4.jpg\" \/><\/a><\/p>\n<p style=\"text-align: center;\"><em>P\u00e4\u00e4- ja j\u00e4lkiruoasta ei ollut erimielisyytt\u00e4<\/em><\/p>\n<p style=\"text-align: justify;\">Westist\u00e4 j\u00e4i meille kokemuksemme perusteella hyvin mukava fiilis, joten se menee kyll\u00e4 korkealle uudelleenkoettavien ravitsemuspaikkojen listalla. Burnabyst\u00e4 k\u00e4sin paikalle on k\u00e4tevint\u00e4 ajaa, mutta onneksi alueella on ilta-aikaan runsaasti ilmaista katupys\u00e4k\u00f6inti tilaa, joten pys\u00e4k\u00f6inti ei ole ongelma.<\/p>\n<p style=\"text-align: center;\"><a href=\"http:\/\/www.westrestaurant.com\/\">West<\/a><br \/>\n2881 Granville Street<br \/>\nV6H 3J4 Vancouver-Fairview<\/p>\n<p style=\"text-align: center;\"><iframe loading=\"lazy\" style=\"border: 0;\" src=\"https:\/\/www.google.com\/maps\/embed?pb=!1m18!1m12!1m3!1d10415.97882980652!2d-123.14642572476089!3d49.25754622807122!2m3!1f0!2f0!3f0!3m2!1i1024!2i768!4f13.1!3m3!1m2!1s0x548673bf315d6c1d%3A0xc3bd4fac0582b2e5!2sWest+Restaurant!5e0!3m2!1sfi!2sca!4v1520999235966\" width=\"600\" height=\"450\" frameborder=\"0\" allowfullscreen=\"allowfullscreen\"><\/iframe><\/p>\n","protected":false},"excerpt":{"rendered":"<p>Helmikuun alussa huipentuvan Dine Out Vancouverin t\u00e4m\u00e4nvuotinen p\u00e4\u00e4t\u00f6ksemme oli illallinen hieman keskustan etel\u00e4puolella sijaitsevassa kuuluisassa West nimisess\u00e4 ravintolassa. Ravintola on toiminut jo pitk\u00e4\u00e4n ja pokannut monia palkintoja Vancouverin parhaana illallispaikkana. Niinp\u00e4 meit\u00e4 onkin kiinnostanut jo useamman vuoden ajan k\u00e4yd\u00e4 kokeilemassa sik\u00e4l\u00e4isen ky\u00f6kkimaestron luomuksia.<\/p>\n","protected":false},"author":1,"featured_media":9527,"comment_status":"open","ping_status":"open","sticky":false,"template":"","format":"standard","meta":{"_jetpack_memberships_contains_paid_content":false,"footnotes":""},"categories":[17,3],"tags":[34,836,934,935,936,939,448,1303],"class_list":["post-9526","post","type-post","status-publish","format-standard","has-post-thumbnail","hentry","category-arki-kanadassa","category-arki-ulkomailla","tag-arki","tag-dine-out-vancouver","tag-fine-dining","tag-kanada","tag-ravintolat","tag-vancouver","tag-vancouver-fairview","tag-west"],"jetpack_featured_media_url":"https:\/\/www.vuosiamaailmalla.fi\/blog\/wp-content\/uploads\/west_ravintola_banner2.jpg","jetpack_sharing_enabled":true,"_links":{"self":[{"href":"https:\/\/www.vuosiamaailmalla.fi\/blog\/wp-json\/wp\/v2\/posts\/9526","targetHints":{"allow":["GET"]}}],"collection":[{"href":"https:\/\/www.vuosiamaailmalla.fi\/blog\/wp-json\/wp\/v2\/posts"}],"about":[{"href":"https:\/\/www.vuosiamaailmalla.fi\/blog\/wp-json\/wp\/v2\/types\/post"}],"author":[{"embeddable":true,"href":"https:\/\/www.vuosiamaailmalla.fi\/blog\/wp-json\/wp\/v2\/users\/1"}],"replies":[{"embeddable":true,"href":"https:\/\/www.vuosiamaailmalla.fi\/blog\/wp-json\/wp\/v2\/comments?post=9526"}],"version-history":[{"count":0,"href":"https:\/\/www.vuosiamaailmalla.fi\/blog\/wp-json\/wp\/v2\/posts\/9526\/revisions"}],"wp:featuredmedia":[{"embeddable":true,"href":"https:\/\/www.vuosiamaailmalla.fi\/blog\/wp-json\/wp\/v2\/media\/9527"}],"wp:attachment":[{"href":"https:\/\/www.vuosiamaailmalla.fi\/blog\/wp-json\/wp\/v2\/media?parent=9526"}],"wp:term":[{"taxonomy":"category","embeddable":true,"href":"https:\/\/www.vuosiamaailmalla.fi\/blog\/wp-json\/wp\/v2\/categories?post=9526"},{"taxonomy":"post_tag","embeddable":true,"href":"https:\/\/www.vuosiamaailmalla.fi\/blog\/wp-json\/wp\/v2\/tags?post=9526"}],"curies":[{"name":"wp","href":"https:\/\/api.w.org\/{rel}","templated":true}]}}