{"id":954,"date":"2012-10-22T12:00:20","date_gmt":"2012-10-22T19:00:20","guid":{"rendered":"http:\/\/13.53.127.146\/?p=954"},"modified":"2012-10-21T18:12:02","modified_gmt":"2012-10-22T01:12:02","slug":"oppa-gangnam-west-coast-style","status":"publish","type":"post","link":"https:\/\/www.vuosiamaailmalla.fi\/blog\/2012\/oppa-gangnam-west-coast-style\/","title":{"rendered":"Oppa Gangnam &#8221;West Coast&#8221; Style"},"content":{"rendered":"<p style=\"text-align: justify;\">Etel\u00e4-Korealainen artisti <em>PSY<\/em> onnistui p\u00e4\u00e4sem\u00e4\u00e4n maailmanlaajuiseen tietoisuuteen loppukes\u00e4n <a href=\"http:\/\/youtu.be\/9bZkp7q19f0\"><em>&#8221;Gangnam Style&#8221;<\/em><\/a> hittibiisill\u00e4\u00e4n, joka meni viraaliksi Youtuben kautta. Alkuper\u00e4ist\u00e4 Youtube-videota on katsottu t\u00e4h\u00e4n menness\u00e4 jo yli 522 miljoonaa kertaa ja m\u00e4\u00e4r\u00e4 jatkaa kasvamistaan. Suuren suosion taustalla ovat videolla n\u00e4ht\u00e4v\u00e4 erikoinen &#8221;ratsastava&#8221; tanssityyli sek\u00e4 koko l\u00e4nsimaisittain melko k\u00e4sitt\u00e4t\u00f6n tanssikappale. Suurta suosiota onkin yritetty ammentaa syksyn mittaan milloin mink\u00e4kinlaisissa yhteyksiss\u00e4. Esimerkiksi Vancouverin naapurikaupungissa Richmondissa on tarjottu alkusyksyn\u00e4 Gangnam Style -kardioharjoittelutunteja ja Vancouverin keskustassa on ehditty j\u00e4rjest\u00e4\u00e4 ainakin <a href=\"http:\/\/youtu.be\/7lOL9IrNWE8\">yksi<\/a> Gangnam Style <a title=\"Flash Mob Vancouver\" href=\"https:\/\/www.vuosiamaailmalla.fi\/?p=127\">flash mob<\/a>.<\/p>\n<p style=\"text-align: justify;\">Nyt er\u00e4s paikallinen ryhm\u00e4 on tehnyt alkuper\u00e4isest\u00e4 videosta my\u00f6s oman parodiansa, jossa pilaillaan pinnallisten ja turhamaisten vancouverilaisten el\u00e4m\u00e4ntyylille joogamattoineen, kaupungin suurelle hippi- ja hispteriv\u00e4est\u00f6lle sek\u00e4 muun muassa polkupy\u00f6r\u00e4ilij\u00f6ille (py\u00f6r\u00e4kaistat kun ovat aina kuuma puheenaihe Vancouverissa!). Tulos on ihan hauska video, jossa n\u00e4kyy my\u00f6s hieman Vancouverin <a title=\"Enn\u00e4tysten kes\u00e4\" href=\"https:\/\/www.vuosiamaailmalla.fi\/?p=702\">kauniin loppukes\u00e4n<\/a> maisemia.<\/p>\n<p style=\"text-align: justify;\"><iframe loading=\"lazy\" src=\"https:\/\/www.youtube-nocookie.com\/embed\/JSRwxzIMCw8\" frameborder=\"0\" width=\"560\" height=\"315\"><\/iframe><\/p>\n","protected":false},"excerpt":{"rendered":"<p>Etel\u00e4-Korealainen artisti PSY onnistui p\u00e4\u00e4sem\u00e4\u00e4n maailmanlaajuiseen tietoisuuteen loppukes\u00e4n &#8221;Gangnam Style&#8221; hittibiisill\u00e4\u00e4n, joka meni viraaliksi Youtuben kautta. Alkuper\u00e4ist\u00e4 Youtube-videota on katsottu t\u00e4h\u00e4n menness\u00e4 jo yli 522 miljoonaa kertaa ja m\u00e4\u00e4r\u00e4 jatkaa kasvamistaan. Suuren suosion taustalla ovat videolla n\u00e4ht\u00e4v\u00e4 erikoinen &#8221;ratsastava&#8221; tanssityyli sek\u00e4 koko l\u00e4nsimaisittain melko k\u00e4sitt\u00e4t\u00f6n tanssikappale. Suurta suosiota onkin yritetty ammentaa syksyn mittaan milloin mink\u00e4kinlaisissa &hellip; <a href=\"https:\/\/www.vuosiamaailmalla.fi\/blog\/2012\/oppa-gangnam-west-coast-style\/\" class=\"more-link\">Jatka lukemista<span class=\"screen-reader-text\"> &#8221;Oppa Gangnam &#8221;West Coast&#8221; Style&#8221;<\/span><\/a><\/p>\n","protected":false},"author":1,"featured_media":0,"comment_status":"open","ping_status":"open","sticky":false,"template":"","format":"standard","meta":{"_jetpack_memberships_contains_paid_content":false,"footnotes":""},"categories":[17,3],"tags":[25,133,935,189,939],"class_list":["post-954","post","type-post","status-publish","format-standard","hentry","category-arki-kanadassa","category-arki-ulkomailla","tag-ajankohtaista","tag-hassua","tag-kanada","tag-richmond","tag-vancouver"],"jetpack_featured_media_url":"","jetpack_sharing_enabled":true,"_links":{"self":[{"href":"https:\/\/www.vuosiamaailmalla.fi\/blog\/wp-json\/wp\/v2\/posts\/954","targetHints":{"allow":["GET"]}}],"collection":[{"href":"https:\/\/www.vuosiamaailmalla.fi\/blog\/wp-json\/wp\/v2\/posts"}],"about":[{"href":"https:\/\/www.vuosiamaailmalla.fi\/blog\/wp-json\/wp\/v2\/types\/post"}],"author":[{"embeddable":true,"href":"https:\/\/www.vuosiamaailmalla.fi\/blog\/wp-json\/wp\/v2\/users\/1"}],"replies":[{"embeddable":true,"href":"https:\/\/www.vuosiamaailmalla.fi\/blog\/wp-json\/wp\/v2\/comments?post=954"}],"version-history":[{"count":0,"href":"https:\/\/www.vuosiamaailmalla.fi\/blog\/wp-json\/wp\/v2\/posts\/954\/revisions"}],"wp:attachment":[{"href":"https:\/\/www.vuosiamaailmalla.fi\/blog\/wp-json\/wp\/v2\/media?parent=954"}],"wp:term":[{"taxonomy":"category","embeddable":true,"href":"https:\/\/www.vuosiamaailmalla.fi\/blog\/wp-json\/wp\/v2\/categories?post=954"},{"taxonomy":"post_tag","embeddable":true,"href":"https:\/\/www.vuosiamaailmalla.fi\/blog\/wp-json\/wp\/v2\/tags?post=954"}],"curies":[{"name":"wp","href":"https:\/\/api.w.org\/{rel}","templated":true}]}}