{"id":9546,"date":"2018-04-05T17:35:10","date_gmt":"2018-04-06T00:35:10","guid":{"rendered":"http:\/\/13.53.127.146\/?p=9546"},"modified":"2018-04-05T17:35:10","modified_gmt":"2018-04-06T00:35:10","slug":"paasiainen-sun-peaksilla","status":"publish","type":"post","link":"https:\/\/www.vuosiamaailmalla.fi\/blog\/2018\/paasiainen-sun-peaksilla\/","title":{"rendered":"P\u00e4\u00e4si\u00e4inen Sun Peaksilla"},"content":{"rendered":"<p style=\"text-align: justify;\">P\u00e4\u00e4si\u00e4isen osuminen t\u00e4n\u00e4 vuonna poikkeuksellisen aivan maaliskuun viimeisiin p\u00e4iviin tarkoitti, ett\u00e4 tarjolla oli mahdollisuus l\u00e4hte\u00e4 hieman kotinurkkia kauemmas kokeilemaan viel\u00e4 hyv\u00e4ss\u00e4 talvikunnossa olevia laskettelurinteit\u00e4. L\u00f6immekin suunnitelmamme lukkoon jo heti alkutalvesta, varatessamme majoituksen Kamloopsin l\u00e4hell\u00e4 sijaitsevaan <em>Sun Peaksin<\/em> laskettelukeskukseen.<\/p>\n<p><!--more--><\/p>\n<p style=\"text-align: justify;\">Sun Peaks pinta-alaltaan Kanadan toiseksi suurin laskettelukeskus, jossa olemme vierailleet kahdesti aiemmin. Ensimm\u00e4isen kerran olimme siell\u00e4 laskettelemassa <a title=\"Lunta etsim\u00e4ss\u00e4 Sun Peaksilla\" href=\"https:\/\/www.vuosiamaailmalla.fi\/?p=4269\">kolme vuotta sitten<\/a>, joskin tuolloinen talvi on l\u00e4hihistorian huonoin ja lumitilanne oli jo helmikuussa todella aneeminen. Seuraavan kerran vierailimme alueella elokuussa 2016, kun k\u00e4vimme Kamloopsista k\u00e4sin vaeltamassa kukkien peittemill\u00e4 alppirinteill\u00e4.<\/p>\n<p style=\"text-align: center;\"><a href=\"\/blog\/wp-content\/uploads\/2018\/sun_peaksin_kyla.jpg\"><img decoding=\"async\" src=\"\/blog\/wp-content\/uploads\/2018\/sun_peaksin_kyla.jpg\" \/><\/a><\/p>\n<p style=\"text-align: center;\"><em>Sun Peaksin pieni alppikyl\u00e4<\/em><\/p>\n<p style=\"text-align: justify;\">Laskettelukeskus on j\u00e4\u00e4nyt mieleemme hyvin perheyst\u00e4v\u00e4llisen\u00e4 ja noin 400 kilometrin et\u00e4isyys Vancouverista tarkoittaa ainakin Whistlerin ruuhkiin tottuneelle k\u00e4yt\u00e4nn\u00f6ss\u00e4 tyhji\u00e4 rinteit\u00e4. Matkaan l\u00e4hdettiinkin hyvin mielin kello kolme kiirastorstain iltap\u00e4iv\u00e4ll\u00e4. Ajokeli <a title=\"Valtatie halki helvetin\" href=\"https:\/\/www.vuosiamaailmalla.fi\/?p=2735\"><em>Coquihalla Highwaylla<\/em><\/a> oli ajankohtaan n\u00e4hden loistava ja kuivaa vuoristomoottoritiet\u00e4 oli nopea ajaa perille saakka. Yll\u00e4tykseksemme itse Kamloopsissa ei ollut lunta laisinkaan ja paksu hanki tuli vastaan vasta yl\u00f6s Sun Peaksille ajettaessa, jossa alppikyl\u00e4 sijaitsee 1200 metrin korkeudessa.<\/p>\n<p style=\"text-align: center;\"><a href=\"\/blog\/wp-content\/uploads\/2018\/puuteria_sun_peaksilla1.jpg\"><img decoding=\"async\" src=\"\/blog\/wp-content\/uploads\/2018\/puuteria_sun_peaksilla1.jpg\" \/><\/a><\/p>\n<p style=\"text-align: center;\"><em>Aamup\u00e4iv\u00e4n puuteria<\/em><\/p>\n<p style=\"text-align: justify;\">Pitk\u00e4perjantain aamup\u00e4iv\u00e4 valkeni lumisateina ja lunta satoi aina iltap\u00e4iv\u00e4n puolelle saakka. T\u00e4m\u00e4 oli mahtavaa, sill\u00e4 mukavaa puuterilunta oli rinteiss\u00e4 sen verran reippaasti, ett\u00e4 laskimme Niinan kanssa melkein koko aamup\u00e4iv\u00e4n mustia rinteit\u00e4. Pehme\u00e4 lumi antoi hyvin pitoa jyrkempiinkin rinteisiin, joita tulee yleens\u00e4 laskettua v\u00e4hemm\u00e4n.<\/p>\n<p style=\"text-align: center;\"><a href=\"\/blog\/wp-content\/uploads\/2018\/sun_peaksin_rinteissa2.jpg\"><img decoding=\"async\" src=\"\/blog\/wp-content\/uploads\/2018\/thumbs\/thumbs_sun_peaksin_rinteissa2.jpg\" \/><\/a><a href=\"\/blog\/wp-content\/uploads\/2018\/sun_peaksin_rinteissa3.jpg\"><img decoding=\"async\" src=\"\/blog\/wp-content\/uploads\/2018\/thumbs\/thumbs_sun_peaksin_rinteissa3.jpg\" \/><\/a><a href=\"\/blog\/wp-content\/uploads\/2018\/sun_peaksin_rinteissa1.jpg\"><img decoding=\"async\" src=\"\/blog\/wp-content\/uploads\/2018\/thumbs\/thumbs_sun_peaksin_rinteissa1.jpg\" \/><\/a><\/p>\n<p style=\"text-align: center;\"><em>Iltap\u00e4iv\u00e4st\u00e4 keli poutaantui<\/em><\/p>\n<p style=\"text-align: justify;\">Iltap\u00e4iv\u00e4st\u00e4 keli kuitenkin selkeni, mutta vasta lauantai oli kunnolla aurinkoinen p\u00e4iv\u00e4. Auringosta huolimatta elohopea pysytteli alhaalla ja kahden kilometrin korkeudessa oli koko p\u00e4iv\u00e4n noin kymmenen astetta pakkasta. Keli oli silti mit\u00e4 parhain ja laskimmekin niin kauan kuin vain jalat jaksoivat, pitk\u00e4lle iltap\u00e4iv\u00e4\u00e4n saakka.<\/p>\n<p style=\"text-align: center;\"><a href=\"\/blog\/wp-content\/uploads\/2018\/sun_peaksin_huipulla5.jpg\"><img decoding=\"async\" src=\"\/blog\/wp-content\/uploads\/2018\/thumbs\/thumbs_sun_peaksin_huipulla5.jpg\" \/><\/a><a href=\"\/blog\/wp-content\/uploads\/2018\/sun_peaksin_huipulla6.jpg\"><img decoding=\"async\" src=\"\/blog\/wp-content\/uploads\/2018\/thumbs\/thumbs_sun_peaksin_huipulla6.jpg\" \/><\/a><a href=\"\/blog\/wp-content\/uploads\/2018\/sun_peaksin_huipulla7.jpg\"><img decoding=\"async\" src=\"\/blog\/wp-content\/uploads\/2018\/thumbs\/thumbs_sun_peaksin_huipulla7.jpg\" \/><\/a><br \/>\n<a href=\"\/blog\/wp-content\/uploads\/2018\/sun_peaksin_huipulla3.jpg\"><img decoding=\"async\" src=\"\/blog\/wp-content\/uploads\/2018\/thumbs\/thumbs_sun_peaksin_huipulla3.jpg\" \/><\/a><a href=\"\/blog\/wp-content\/uploads\/2018\/sun_peaksin_huipulla1.jpg\"><img decoding=\"async\" src=\"\/blog\/wp-content\/uploads\/2018\/thumbs\/thumbs_sun_peaksin_huipulla1.jpg\" \/><\/a><a href=\"\/blog\/wp-content\/uploads\/2018\/sun_peaksin_huipulla2.jpg\"><img decoding=\"async\" src=\"\/blog\/wp-content\/uploads\/2018\/thumbs\/thumbs_sun_peaksin_huipulla2.jpg\" \/><\/a><\/p>\n<p style=\"text-align: center;\"><em>Huipulla oli kylm\u00e4\u00e4 mutta kaunista<\/em><\/p>\n<p style=\"text-align: center;\"><a href=\"\/blog\/wp-content\/uploads\/2018\/sun_peaksin_huipulla4.jpg\"><img decoding=\"async\" src=\"\/blog\/wp-content\/uploads\/2018\/sun_peaksin_huipulla4.jpg\" \/><\/a><\/p>\n<p style=\"text-align: center;\"><em>Mahdollisesti kauden viimeiset laskut<\/em><\/p>\n<p style=\"text-align: justify;\">Kanadassa ainoastaan pitk\u00e4perjantai (eng. <em>Good Friday<\/em>) on vapaap\u00e4iv\u00e4, joten sunnuntai oli meille paluup\u00e4iv\u00e4. Ajoimme kotiin vanhaa ykk\u00f6stiet\u00e4, joka on pidempi reitti, mutta huomattavasti kauniimpi ajoreitti Fraser Canyonin kautta. P\u00e4\u00e4t\u00f6kseemme vaikutti my\u00f6s tieto siit\u00e4, ett\u00e4 Coquihalla satoi runsaasti lunta, mik\u00e4 haittasi paluuliikennett\u00e4 huomattavasti.<\/p>\n<p style=\"text-align: justify;\">Olimmekin kotona mukavasti iltap\u00e4iv\u00e4ll\u00e4 takanamme todenn\u00e4k\u00f6isesti t\u00e4m\u00e4n talven viimeiset laskettelup\u00e4iv\u00e4t. Ainakin jossei t\u00e4ss\u00e4 sitten innostu viel\u00e4 yhteen laskettelup\u00e4iv\u00e4\u00e4n l\u00e4hivuorilla tai sitten Whistlerill\u00e4. Takana on joka tapauksessa toinen loistava kausi kausi putkeen, jolloin sukset saivat kyyti\u00e4 kerrakseen. \ud83d\ude42<\/p>\n","protected":false},"excerpt":{"rendered":"<p>P\u00e4\u00e4si\u00e4isen osuminen t\u00e4n\u00e4 vuonna poikkeuksellisen aivan maaliskuun viimeisiin p\u00e4iviin tarkoitti, ett\u00e4 tarjolla oli mahdollisuus l\u00e4hte\u00e4 hieman kotinurkkia kauemmas kokeilemaan viel\u00e4 hyv\u00e4ss\u00e4 talvikunnossa olevia laskettelurinteit\u00e4. L\u00f6immekin suunnitelmamme lukkoon jo heti alkutalvesta, varatessamme majoituksen Kamloopsin l\u00e4hell\u00e4 sijaitsevaan Sun Peaksin laskettelukeskukseen.<\/p>\n","protected":false},"author":1,"featured_media":9547,"comment_status":"open","ping_status":"open","sticky":false,"template":"","format":"standard","meta":{"_jetpack_memberships_contains_paid_content":false,"footnotes":""},"categories":[9,7],"tags":[25,935,173,1022,841],"class_list":["post-9546","post","type-post","status-publish","format-standard","has-post-thumbnail","hentry","category-kanada","category-matkakertomukset","tag-ajankohtaista","tag-kanada","tag-laskettelu","tag-paasiainen","tag-sun-peaks"],"jetpack_featured_media_url":"https:\/\/www.vuosiamaailmalla.fi\/blog\/wp-content\/uploads\/sun_peaksin_huipulla_banner.jpg","jetpack_sharing_enabled":true,"_links":{"self":[{"href":"https:\/\/www.vuosiamaailmalla.fi\/blog\/wp-json\/wp\/v2\/posts\/9546","targetHints":{"allow":["GET"]}}],"collection":[{"href":"https:\/\/www.vuosiamaailmalla.fi\/blog\/wp-json\/wp\/v2\/posts"}],"about":[{"href":"https:\/\/www.vuosiamaailmalla.fi\/blog\/wp-json\/wp\/v2\/types\/post"}],"author":[{"embeddable":true,"href":"https:\/\/www.vuosiamaailmalla.fi\/blog\/wp-json\/wp\/v2\/users\/1"}],"replies":[{"embeddable":true,"href":"https:\/\/www.vuosiamaailmalla.fi\/blog\/wp-json\/wp\/v2\/comments?post=9546"}],"version-history":[{"count":0,"href":"https:\/\/www.vuosiamaailmalla.fi\/blog\/wp-json\/wp\/v2\/posts\/9546\/revisions"}],"wp:featuredmedia":[{"embeddable":true,"href":"https:\/\/www.vuosiamaailmalla.fi\/blog\/wp-json\/wp\/v2\/media\/9547"}],"wp:attachment":[{"href":"https:\/\/www.vuosiamaailmalla.fi\/blog\/wp-json\/wp\/v2\/media?parent=9546"}],"wp:term":[{"taxonomy":"category","embeddable":true,"href":"https:\/\/www.vuosiamaailmalla.fi\/blog\/wp-json\/wp\/v2\/categories?post=9546"},{"taxonomy":"post_tag","embeddable":true,"href":"https:\/\/www.vuosiamaailmalla.fi\/blog\/wp-json\/wp\/v2\/tags?post=9546"}],"curies":[{"name":"wp","href":"https:\/\/api.w.org\/{rel}","templated":true}]}}