{"id":958,"date":"2011-05-15T16:08:10","date_gmt":"2011-05-15T23:08:10","guid":{"rendered":"http:\/\/13.53.127.146\/?p=958"},"modified":"2021-01-01T12:55:22","modified_gmt":"2021-01-01T20:55:22","slug":"uusi-ulkoasu-2-0","status":"publish","type":"post","link":"https:\/\/www.vuosiamaailmalla.fi\/blog\/2011\/uusi-ulkoasu-2-0\/","title":{"rendered":"Uusi ulkoasu 2.0"},"content":{"rendered":"<p style=\"text-align: justify;\">Blogini t\u00e4ytt\u00e4\u00e4 n\u00e4in\u00e4 p\u00e4ivin\u00e4 suunnilleen vuoden. Ensimm\u00e4isen vuoden aikana olen kerennyt kirjoittamaan monenlaisista asioista, tapahtumista ja lukuisista <a title=\"Amerikka p\u00e4\u00e4st\u00e4 varpaisiin\" href=\"http:\/\/www.vuosiamaailmalla.fi\/blog\/2018\/amerikka-paasta-varpaisiin\/\">matkoistamme<\/a>. Sis\u00e4lt\u00f6\u00e4 onkin kertynyt melkoisesti ja ideoita uusista kirjoituksista on niin paljon kuin vain jaksan ja ehdin kirjoittamaan. Vaikka sis\u00e4lt\u00f6 onkin jokaisen blogin t\u00e4rkein osa, on blogin samana pysynyt ulkoasu k\u00e4ynyt <a title=\"Blogi 3.0\" href=\"http:\/\/www.vuosiamaailmalla.fi\/blog\/2012\/blogi-3-0\/\">hiljalleen vanhahtavaksi<\/a>. Ulkoasu on yksi k\u00e4ytt\u00e4m\u00e4ni <em>Vuodatus.netin<\/em> blogipohjista ja perus-n\u00e4pp\u00e4r\u00e4, muttei kovin n\u00e4ytt\u00e4v\u00e4. Asia on vaivannut mielt\u00e4ni jo pidemm\u00e4n aikaa, kunnes viimein t\u00e4n\u00e4 viikonloppuna sain otettua itse\u00e4ni niskasta kiinni ja paneuduttua asiaan.<\/p>\n<p><!--more--><\/p>\n<p style=\"text-align: justify;\">Tavoitteeni oli uudistaa <a title=\"Vuosia Maailmalla 4.0\" href=\"http:\/\/www.vuosiamaailmalla.fi\/blog\/2016\/vuosia-maailmalla-4-0\/\">blogin ulkoasu<\/a> t\u00e4ysin. Tutkiskelin pitk\u00e4\u00e4n netiss\u00e4 tarjolla olevia valmiita blogipohjia, mutta totesin n\u00e4iden olevan melko kaukana siit\u00e4 mit\u00e4 haluan blogiltani. Niinp\u00e4 vaihtoehdoksi j\u00e4ikin raskas urakka laatia itse blogipohja alusta saakka. Ja t\u00e4ss\u00e4 se nyt on, olkaapa hyv\u00e4t!<\/p>\n<p style=\"text-align: justify;\">Uuden ulkoasun (suurimpana ominaisuutenaan uusi taustakuva) my\u00f6t\u00e4 blogistani tulee hieman aiempaa <a title=\"Vauhtia uusista nimipalvelimista\" href=\"http:\/\/www.vuosiamaailmalla.fi\/blog\/2012\/vauhtia-uusista-nimipalvelimista\/\">raskaampi ladata<\/a>. T\u00e4t\u00e4 ei voi paljoa v\u00e4ltt\u00e4\u00e4, mutta onneksi <a title=\"Kanadan kallis internet\" href=\"http:\/\/www.vuosiamaailmalla.fi\/blog\/2017\/kanadan-kallis-internet\/\">nykyisten laajakaistojen<\/a> aikana asian ei pit\u00e4isi olla suuri ongelma.<\/p>\n<p style=\"text-align: justify;\"><strong>Uusi ulkoasu on laadittu n\u00e4ytt\u00e4m\u00e4\u00e4n parhaalta uusimmilla selaimilla <\/strong>(<em>Firefox 3.6 <\/em>ja uudempi sek\u00e4 <em>Internet Explorer 9<\/em>) ja <strong>v\u00e4hint\u00e4\u00e4n 1680&#215;1050 resoluutiolla.<\/strong> Tarkkuuden minimivaatimus on nykyaikana kohtuullinen 1280 pikselin leveys (pahoitteluni tablet- ja mobiilik\u00e4ytt\u00e4jille).<\/p>\n<p style=\"text-align: center;\"><a href=\"\/blog\/wp-content\/uploads\/2011\/uusi_ulkoasu.jpg\" target=\"_blank\" rel=\"noopener\"><img decoding=\"async\" src=\"\/blog\/wp-content\/uploads\/2011\/uusi_ulkoasu.jpg\" alt=\"\" \/><\/a><\/p>\n<p style=\"text-align: center;\"><em>Uusi ulkoasu optimaalisena<\/em><\/p>\n<p style=\"text-align: justify;\">Vanhemmatkin selaimet toimivat varmaan kohtuullisesti, mutta ulkoasun piirt\u00e4misess\u00e4 voi ilmet\u00e4 pieni\u00e4 ongelmia. Aivan kivikautisilla selaimilla voi esiinty\u00e4 huomattavasti enemm\u00e4n ongelmia, mutta ratkaisu on helppo: p\u00e4ivit\u00e4 selain uusimpaan versioon.<\/p>\n<p style=\"text-align: justify;\">Mobiiliselaimilla tulokset lienev\u00e4t viel\u00e4 t\u00e4t\u00e4kin kirjavampia, mutta blogi lienee kuitenkin ihan luettava, jos vain nettiyhteys on riitt\u00e4v\u00e4n ripe\u00e4. <em>Safari<\/em>, <em>Chrome<\/em> ja <em>Opera<\/em> -selaimilla en ole uutta ulkoasua kokeillut, mutta eiv\u00e4tk\u00f6h\u00e4n nekin toimine. Mit\u00e4 uudempi selaimen versio sit\u00e4 parempi, p\u00e4tee n\u00e4illekin.<\/p>\n<p style=\"text-align: justify;\">Toivottavasti uusi ulkoasu on yht\u00e4 paljon teid\u00e4n lukijoiden mieleen, kuin se on omaan mieleeni. En ole graafinen suunnittelija, mutta mielest\u00e4ni t\u00e4st\u00e4 tuli ihan hieno vuoden 2011 standardeilla. <a title=\"Blogin s\u00e4\u00e4t\u00f6\u00e4\" href=\"http:\/\/www.vuosiamaailmalla.fi\/blog\/2016\/blogin-saatoa\/\">Pieni\u00e4 bugikorjauksia<\/a> tulee tehty\u00e4 jatkossakin, kunhan niit\u00e4 vain huomaan, mutta p\u00e4\u00e4asiassa keskityn j\u00e4lleen sis\u00e4lt\u00f6\u00f6n. Kaikki kommentit uudesta ulkoasusta ovat luonnollisesti tervetulleita.<\/p>\n","protected":false},"excerpt":{"rendered":"<p>Blogini t\u00e4ytt\u00e4\u00e4 n\u00e4in\u00e4 p\u00e4ivin\u00e4 suunnilleen vuoden. Ensimm\u00e4isen vuoden aikana olen kerennyt kirjoittamaan monenlaisista asioista, tapahtumista ja lukuisista matkoistamme. Sis\u00e4lt\u00f6\u00e4 onkin kertynyt melkoisesti ja ideoita uusista kirjoituksista on niin paljon kuin vain jaksan ja ehdin kirjoittamaan. Vaikka sis\u00e4lt\u00f6 onkin jokaisen blogin t\u00e4rkein osa, on blogin samana pysynyt ulkoasu k\u00e4ynyt hiljalleen vanhahtavaksi. Ulkoasu on yksi k\u00e4ytt\u00e4m\u00e4ni Vuodatus.netin &hellip; <a href=\"https:\/\/www.vuosiamaailmalla.fi\/blog\/2011\/uusi-ulkoasu-2-0\/\" class=\"more-link\">Jatka lukemista<span class=\"screen-reader-text\"> &#8221;Uusi ulkoasu 2.0&#8221;<\/span><\/a><\/p>\n","protected":false},"author":1,"featured_media":11184,"comment_status":"open","ping_status":"open","sticky":false,"template":"","format":"standard","meta":{"_jetpack_memberships_contains_paid_content":false,"footnotes":""},"categories":[226],"tags":[],"class_list":["post-958","post","type-post","status-publish","format-standard","has-post-thumbnail","hentry","category-blogista"],"jetpack_featured_media_url":"https:\/\/www.vuosiamaailmalla.fi\/blog\/wp-content\/uploads\/uusi_ulkoasu_banner.jpg","jetpack_sharing_enabled":true,"_links":{"self":[{"href":"https:\/\/www.vuosiamaailmalla.fi\/blog\/wp-json\/wp\/v2\/posts\/958","targetHints":{"allow":["GET"]}}],"collection":[{"href":"https:\/\/www.vuosiamaailmalla.fi\/blog\/wp-json\/wp\/v2\/posts"}],"about":[{"href":"https:\/\/www.vuosiamaailmalla.fi\/blog\/wp-json\/wp\/v2\/types\/post"}],"author":[{"embeddable":true,"href":"https:\/\/www.vuosiamaailmalla.fi\/blog\/wp-json\/wp\/v2\/users\/1"}],"replies":[{"embeddable":true,"href":"https:\/\/www.vuosiamaailmalla.fi\/blog\/wp-json\/wp\/v2\/comments?post=958"}],"version-history":[{"count":2,"href":"https:\/\/www.vuosiamaailmalla.fi\/blog\/wp-json\/wp\/v2\/posts\/958\/revisions"}],"predecessor-version":[{"id":11185,"href":"https:\/\/www.vuosiamaailmalla.fi\/blog\/wp-json\/wp\/v2\/posts\/958\/revisions\/11185"}],"wp:featuredmedia":[{"embeddable":true,"href":"https:\/\/www.vuosiamaailmalla.fi\/blog\/wp-json\/wp\/v2\/media\/11184"}],"wp:attachment":[{"href":"https:\/\/www.vuosiamaailmalla.fi\/blog\/wp-json\/wp\/v2\/media?parent=958"}],"wp:term":[{"taxonomy":"category","embeddable":true,"href":"https:\/\/www.vuosiamaailmalla.fi\/blog\/wp-json\/wp\/v2\/categories?post=958"},{"taxonomy":"post_tag","embeddable":true,"href":"https:\/\/www.vuosiamaailmalla.fi\/blog\/wp-json\/wp\/v2\/tags?post=958"}],"curies":[{"name":"wp","href":"https:\/\/api.w.org\/{rel}","templated":true}]}}