{"id":9679,"date":"2018-05-08T21:11:46","date_gmt":"2018-05-09T04:11:46","guid":{"rendered":"http:\/\/13.53.127.146\/?p=9679"},"modified":"2018-05-08T21:20:24","modified_gmt":"2018-05-09T04:20:24","slug":"konferenssimatka-san-franciscoon","status":"publish","type":"post","link":"https:\/\/www.vuosiamaailmalla.fi\/blog\/2018\/konferenssimatka-san-franciscoon\/","title":{"rendered":"Konferenssimatka San Franciscoon"},"content":{"rendered":"<p style=\"text-align: justify;\">Matkustaminen on omassa ty\u00f6ss\u00e4ni sangen\u00a0v\u00e4h\u00e4ist\u00e4, mutta suuntaan taas pienen tauon j\u00e4lkeen maailmalle, kun matkaan viikon konferenssimatkalle San Franciscoon. Kaupungissa ei ole tullutkaan vierailtua sitten viime vuoden toukokuun lomamatkamme ja muutama lomap\u00e4iv\u00e4 reissun ohessa tarjoavat mahdollisuuden n\u00e4hd\u00e4 tuttuja, kiert\u00e4\u00e4 kaupungilla sek\u00e4 harrastaa foodie-matkailua Michelin-t\u00e4hden ravintolassa.<\/p>\n<p style=\"text-align: justify;\">Downtownin alueella <em>Union Squaren<\/em> vierell\u00e4 sijaitseva upea art deco -helmi, jonka luota on n\u00e4pp\u00e4r\u00e4\u00e4 napata historiallinen raitiovaunu kaikkialle keskustan alueelle sek\u00e4 py\u00f6r\u00e4ill\u00e4 viikonlopun aikana <em>Golden Gate Parkin<\/em> seudulle. Tavoitteena on k\u00e4yd\u00e4 my\u00f6s tsekkaamassa Oaklandin ja Berkleyn alueet San Francisco Bayn it\u00e4puolella, ennen loppuviikon intensiivist\u00e4 konferenssirupeamaa piilaakson alueella. \ud83d\ude42<\/p>\n","protected":false},"excerpt":{"rendered":"<p>Matkustaminen on omassa ty\u00f6ss\u00e4ni sangen\u00a0v\u00e4h\u00e4ist\u00e4, mutta suuntaan taas pienen tauon j\u00e4lkeen maailmalle, kun matkaan viikon konferenssimatkalle San Franciscoon. Kaupungissa ei ole tullutkaan vierailtua sitten viime vuoden toukokuun lomamatkamme ja muutama lomap\u00e4iv\u00e4 reissun ohessa tarjoavat mahdollisuuden n\u00e4hd\u00e4 tuttuja, kiert\u00e4\u00e4 kaupungilla sek\u00e4 harrastaa foodie-matkailua Michelin-t\u00e4hden ravintolassa. Downtownin alueella Union Squaren vierell\u00e4 sijaitseva upea art deco -helmi, jonka &hellip; <a href=\"https:\/\/www.vuosiamaailmalla.fi\/blog\/2018\/konferenssimatka-san-franciscoon\/\" class=\"more-link\">Jatka lukemista<span class=\"screen-reader-text\"> &#8221;Konferenssimatka San Franciscoon&#8221;<\/span><\/a><\/p>\n","protected":false},"author":1,"featured_media":0,"comment_status":"open","ping_status":"open","sticky":false,"template":"","format":"standard","meta":{"_jetpack_memberships_contains_paid_content":false,"footnotes":""},"categories":[3,7,13,890],"tags":[1323,735,207,11],"class_list":["post-9679","post","type-post","status-publish","format-standard","hentry","category-arki-ulkomailla","category-matkakertomukset","category-tyoskentely-kanadassa","category-yhdysvallat","tag-matkakertomus-san-francisco-konferenssi","tag-san-francisco","tag-tyo","tag-matkakertomukset-yhdysvallat"],"jetpack_featured_media_url":"","jetpack_sharing_enabled":true,"_links":{"self":[{"href":"https:\/\/www.vuosiamaailmalla.fi\/blog\/wp-json\/wp\/v2\/posts\/9679","targetHints":{"allow":["GET"]}}],"collection":[{"href":"https:\/\/www.vuosiamaailmalla.fi\/blog\/wp-json\/wp\/v2\/posts"}],"about":[{"href":"https:\/\/www.vuosiamaailmalla.fi\/blog\/wp-json\/wp\/v2\/types\/post"}],"author":[{"embeddable":true,"href":"https:\/\/www.vuosiamaailmalla.fi\/blog\/wp-json\/wp\/v2\/users\/1"}],"replies":[{"embeddable":true,"href":"https:\/\/www.vuosiamaailmalla.fi\/blog\/wp-json\/wp\/v2\/comments?post=9679"}],"version-history":[{"count":0,"href":"https:\/\/www.vuosiamaailmalla.fi\/blog\/wp-json\/wp\/v2\/posts\/9679\/revisions"}],"wp:attachment":[{"href":"https:\/\/www.vuosiamaailmalla.fi\/blog\/wp-json\/wp\/v2\/media?parent=9679"}],"wp:term":[{"taxonomy":"category","embeddable":true,"href":"https:\/\/www.vuosiamaailmalla.fi\/blog\/wp-json\/wp\/v2\/categories?post=9679"},{"taxonomy":"post_tag","embeddable":true,"href":"https:\/\/www.vuosiamaailmalla.fi\/blog\/wp-json\/wp\/v2\/tags?post=9679"}],"curies":[{"name":"wp","href":"https:\/\/api.w.org\/{rel}","templated":true}]}}