{"id":9699,"date":"2018-02-20T15:34:03","date_gmt":"2018-02-20T23:34:03","guid":{"rendered":"http:\/\/13.53.127.146\/?p=9699"},"modified":"2022-11-11T15:20:42","modified_gmt":"2022-11-11T23:20:42","slug":"vahaluminen-hiihtoloma-utahissa","status":"publish","type":"post","link":"https:\/\/www.vuosiamaailmalla.fi\/blog\/2018\/vahaluminen-hiihtoloma-utahissa\/","title":{"rendered":"V\u00e4h\u00e4luminen hiihtoloma Utahissa"},"content":{"rendered":"<p style=\"text-align: justify;\">Helmikuulle ajoittuva hiihtoloma on talven parasta aikaa ja kuluva talvi on ollut t\u00e4\u00e4ll\u00e4 l\u00e4nsirannikolla erinomainen ainakin laskettelijan n\u00e4k\u00f6kulmasta katsottuna. Viime vuonna teimme n\u00e4ihin samoihin aikoihin\u00a0viikon mittaisen suuren laskettelukiertueen <a title=\"Hiihtoloma Kalliovuorilla\" href=\"https:\/\/www.vuosiamaailmalla.fi\/?p=8959\">Kanadan kalliovuorille<\/a>, mik\u00e4 oli kuitenkin varasuunnitelma, sill\u00e4 alkuper\u00e4isen\u00e4 suunnitelmanamme oli l\u00e4hte\u00e4 Amerikan Kalliovuorille joko Coloradoon tai Utahiin. Suunnitelma kuitenkin kaatui matkan kalleuteen, mik\u00e4 ei haitannut, sill\u00e4 automatkamme oli t\u00e4ynn\u00e4 mahtavia laskettelup\u00e4ivi\u00e4.<\/p>\n<p><!--more--><\/p>\n<p style=\"text-align: justify;\">Alkuper\u00e4inen suunnitelma palautui kuitenkin mieliimme alkusyksyst\u00e4, kun aloimme tehd\u00e4 suunnitelmia tulevan talven lasketteluista. Hinnat olivat ajankohdasta johtuen hieman viime vuotta parempia ja niinp\u00e4 varasimmekin lennot Utahiin, jossa Salt Lake Cityn l\u00e4hettyvill\u00e4 sijaitsee useita maailmanluokan laskettelukeskuksia.<\/p>\n<p style=\"text-align: justify;\">Matkaan l\u00e4hdettiin perjantaina t\u00f6iden j\u00e4lkeen. Matkalla <a title=\"Vancouverin lentokentt\u00e4 uusille miljoonaluvuille\" href=\"https:\/\/www.vuosiamaailmalla.fi\/?p=7907\">lentokent\u00e4lle<\/a> saimme kuitenkin tekstiviestin, ett\u00e4 lentomme <a title=\"Ensimm\u00e4ist\u00e4 kertaa Seattlessa\" href=\"https:\/\/www.vuosiamaailmalla.fi\/?p=7087\">Seattleen<\/a> olisi my\u00f6h\u00e4ss\u00e4 ja vaihtomme Salt Lake Cityn koneeseen saattaisi k\u00e4yd\u00e4 tiukaksi. Suuntasimme silti kent\u00e4lle, jossa varmistui, ett\u00e4 my\u00f6h\u00e4styminen olisi ainakin muutaman tunnin mittainen ja missaisimme n\u00e4in ollen jatkolentomme.<\/p>\n<p style=\"text-align: center;\"><a href=\"\/blog\/wp-content\/uploads\/2018\/lentoa_odottamassa.jpg\"><img decoding=\"async\" src=\"\/blog\/wp-content\/uploads\/2018\/lentoa_odottamassa.jpg\" \/><\/a><\/p>\n<p style=\"text-align: center;\"><em>Ilman konetta ei lento l\u00e4hde<\/em><\/p>\n<p style=\"text-align: justify;\">Onneksemme Seattlesta oli viel\u00e4 yksi my\u00f6hempi lento Salt Lake Cityyn, johon ehtisimme my\u00f6h\u00e4stymisest\u00e4 huolimatta. Monen tunnin lentokent\u00e4ll\u00e4 istuskelun j\u00e4lkeen p\u00e4\u00e4simme lopulta matkaan ja positiivisena yll\u00e4tyksen\u00e4 lyhyt 40 minuutin lentomme Seattleen oli <a title=\"Maahanmuutto bisnesluokassa\" href=\"https:\/\/www.vuosiamaailmalla.fi\/?p=230\">bisnesluokassa<\/a>. Meille tuntemattomasta syyst\u00e4\u00a0<a title=\"Expedia vieraili Vancouverissa\" href=\"https:\/\/www.vuosiamaailmalla.fi\/?p=9011\"><em>Expedia<\/em><\/a> oli varauksen yhteydess\u00e4 varannut ainoastaan t\u00e4m\u00e4n ensimm\u00e4isen yhteyden bisneksess\u00e4, kaikkien muiden lentojen ollessa karjaluokassa. Vaikka ilo olikin sangen pieni, ei meit\u00e4 silti harmittanut alkuunkaan istua koneen keulassa.<\/p>\n<p style=\"text-align: justify;\">Ehdimme lopulta hyvin jatkolennollemme, joka sujui aikataulua reilusti edell\u00e4. Lentoreitill\u00e4 nimitt\u00e4in puhalsi eritt\u00e4in voimakas myrskytuuli, joka tuiversi jopa <strong>280 km\/h<\/strong>. \ud83d\ude2f Lukema vastaa kategorian 5 hirmumyrskyn puuskia, mutta t\u00e4st\u00e4huolimatta lentomme oli t\u00e4ysin tasainen, ilman mink\u00e4\u00e4nlaista turbulenssia. Tuulen ansiosta kahden tunnin lentomme kesti vain hieman yli tunnin.<\/p>\n<p style=\"text-align: center;\"><a href=\"\/blog\/wp-content\/uploads\/2018\/melkoinen_myotatuuli.jpg\"><img decoding=\"async\" src=\"\/blog\/wp-content\/uploads\/2018\/melkoinen_myotatuuli.jpg\" \/><\/a><\/p>\n<p style=\"text-align: center;\"><em>Hirmumyrskyinen my\u00f6t\u00e4tuuli<\/em><\/p>\n<p style=\"text-align: justify;\">Salt Lake Cityss\u00e4 oli laskeutuessamme jo pime\u00e4 ja otimme allemme vuokra-auton. Vaikka menossa on keskitalvi, ei 1300 metrin korkeudella sijaitsevassa kaupungissa ollut hiutalettakaan lunta. Allamme oli upouusi alle 2000 mailia ajettu auto, mutta huonotuurisen p\u00e4iv\u00e4n p\u00e4\u00e4tteeksi tuulilasiimme osui kivi, joka j\u00e4tti lasiin osumaj\u00e4ljen. Ei ole todellista! \ud83d\udc7f<\/p>\n<p style=\"text-align: justify;\">Harmistuneita ajoimme perille Park Cityyn, joka sijaitsee vuorten it\u00e4puolella melko tarkalleen 2000 metrin korkeudessa. H\u00e4mm\u00e4stykseksemme t\u00e4\u00e4ll\u00e4k\u00e4\u00e4n ei ollut yht\u00e4\u00e4n lunta, mik\u00e4 sai meid\u00e4t jo hieman huolestumaan. Olimme v\u00e4syneit\u00e4 pitk\u00e4n matkamme j\u00e4lkeen, majoittuessamme naapurikaupunki Heber Cityss\u00e4 sijaitsevalle hotellillemme. Ainakin olimme p\u00e4\u00e4sseet perille, mik\u00e4 tuntuu olevan joka hiihtoloma <a title=\"Jumissa Coquihalla Highwaylla\" href=\"https:\/\/www.vuosiamaailmalla.fi\/?p=8940\">vaikeuksien takana<\/a>&#8230;<\/p>\n<p style=\"text-align: center;\"><a href=\"\/blog\/wp-content\/uploads\/2018\/park_cityn_huipulla1.jpg\"><img decoding=\"async\" src=\"\/blog\/wp-content\/uploads\/2018\/thumbs\/thumbs_park_cityn_huipulla1.jpg\" \/><\/a><a href=\"\/blog\/wp-content\/uploads\/2018\/park_cityn_huipulla4.jpg\"><img decoding=\"async\" src=\"\/blog\/wp-content\/uploads\/2018\/thumbs\/thumbs_park_cityn_huipulla4.jpg\" \/><\/a><a href=\"\/blog\/wp-content\/uploads\/2018\/park_cityn_huipulla3.jpg\"><img decoding=\"async\" src=\"\/blog\/wp-content\/uploads\/2018\/thumbs\/thumbs_park_cityn_huipulla3.jpg\" \/><\/a><\/p>\n<p style=\"text-align: center;\"><em>Pilvinen ensimm\u00e4inen p\u00e4iv\u00e4<\/em><\/p>\n<p style=\"text-align: justify;\">Lauantainaamu valkeni pilvisen\u00e4 ja noin kymmenen asteen pakkasessa. P\u00e4\u00e4timme aloittaa nelip\u00e4iv\u00e4isen laskettelurupeamme Park Cityst\u00e4, joka on yksi Pohjois-Amerikan suurimpia laskettelukeskuksia. Kaupunki on my\u00f6s tunnettu yhten\u00e4 Salt Lake Cityn vuoden 2002 talviolympialaisten pitopaikkana, mist\u00e4 muistutettiin monin paikoin.<\/p>\n<p style=\"text-align: center;\"><a href=\"\/blog\/wp-content\/uploads\/2018\/park_city1.jpg\"><img decoding=\"async\" src=\"\/blog\/wp-content\/uploads\/2018\/park_city1.jpg\" \/><\/a><\/p>\n<p style=\"text-align: center;\"><em>Olympiamuistoja<\/em><\/p>\n<p style=\"text-align: justify;\"><em>Park City Mountain Resort<\/em> on valtava keskus, johon kuuluu huikeat 348 rinnett\u00e4 ja 7300 eekkeri\u00e4 laskettelualaa yhteens\u00e4 kahdeksalla vuorenhuipulla. Rinteiden m\u00e4\u00e4r\u00e4ss\u00e4 Park City on huomattavasti jopa Whistleri\u00e4 suurempi, j\u00e4\u00e4den hieman Whistlerist\u00e4 pinta-alassa. Keskus sijaitsee korkealla vuoristossa, alimpienkin ala-asemien sijaitessa 2100 metriss\u00e4 ja korkeimpien huippujen ollessa 3048 metrin korkeudessa. Yli puolet keskuksen rinteist\u00e4 on luokiteltu keskitasoisiksi, mustia ollessa noin kolmannes rinteist\u00e4.<\/p>\n<p style=\"text-align: justify;\">Park Cityss\u00e4 saadaan keskim\u00e4\u00e4rin lunta yli 9 metri\u00e4 vuodessa, mik\u00e4 on kunnioitettava m\u00e4\u00e4r\u00e4. Kuitenkin t\u00e4m\u00e4 talvi on ollut t\u00e4ysin poikkeuksellinen, eik\u00e4 alueella ole saatu helmikuuhun menness\u00e4 juurikaan sadetta. Pakkasesta huolimatta lunta ei siis ole satanut ja rinteiden ulkopuoliset alueet olivat jopa vuorella melkein lumettomia, aivan huippua lukuunottamatta. Onneksi keskus on varautunut huonoihin talviin laajalla lumetusj\u00e4rjestelm\u00e4ll\u00e4, jonka ansiosta rinteiss\u00e4 oli lunta, vaikka olikin todella outoa lasketella paljaan maan ymp\u00e4r\u00f6im\u00e4n\u00e4.<\/p>\n<p style=\"text-align: center;\"><a href=\"\/blog\/wp-content\/uploads\/2018\/park_cityn_huipulla2.jpg\"><img decoding=\"async\" src=\"\/blog\/wp-content\/uploads\/2018\/park_cityn_huipulla2.jpg\" \/><\/a><\/p>\n<p style=\"text-align: center;\"><em>Harvinainen jonotustilanne<\/em><\/p>\n<p style=\"text-align: justify;\">Asia mik\u00e4 Park Cityss\u00e4 pisti silm\u00e4\u00e4mme on keskuksen huima hissikapasiteetti. Vuorelta l\u00f6ytyy per\u00e4ti 6 kuuden hengen tuolihissi\u00e4 ja yhteens\u00e4 4 gondolaa. Kokonaisuudessaan erilaisia hissej\u00e4 on per\u00e4ti 41, mik\u00e4 tarkoittaa ettei hissijonoissa tarvitse seist\u00e4. Se on Whistlerin ruuhkiin tottuneesta mahtavaa, sill\u00e4 paikan p\u00e4\u00e4lleh\u00e4n oli tultu jonottelun sijaan laskemaan.<\/p>\n<p style=\"text-align: justify;\">Laskimme ensimm\u00e4isen p\u00e4iv\u00e4n ajan Park Cityn alkuper\u00e4isen keskuksen rinteit\u00e4, jotka olivat osin j\u00e4isi\u00e4. Iltap\u00e4iv\u00e4st\u00e4 hetkellisesti rankka lumisade onneksi pehmensi rinteit\u00e4. Seuraavana p\u00e4iv\u00e4 suuntasimme <em>Canyonsin<\/em> puolelle, joka oli itsen\u00e4inen laskettelukeskus ennen kuin Park Cityn ostotarjousta. Siell\u00e4 olevien rinteiden profiili oli mielest\u00e4mme aavistuksen jyrkempi, mutta hissikapasiteetti oli siell\u00e4kin loistva.<\/p>\n<p style=\"text-align: center;\"><a href=\"\/blog\/wp-content\/uploads\/2018\/parkkipaikan_hissi1.jpg\"><img decoding=\"async\" src=\"\/blog\/wp-content\/uploads\/2018\/thumbs\/thumbs_parkkipaikan_hissi1.jpg\" \/><\/a><a href=\"\/blog\/wp-content\/uploads\/2018\/parkkipaikan_hissi2.jpg\"><img decoding=\"async\" src=\"\/blog\/wp-content\/uploads\/2018\/thumbs\/thumbs_parkkipaikan_hissi2.jpg\" \/><\/a><a href=\"\/blog\/wp-content\/uploads\/2018\/parkkipaikan_hissi3.jpg\"><img decoding=\"async\" src=\"\/blog\/wp-content\/uploads\/2018\/thumbs\/thumbs_parkkipaikan_hissi3.jpg\" \/><\/a><\/p>\n<p style=\"text-align: center;\"><em>Hissi parkkipaikalta<\/em><\/p>\n<p style=\"text-align: center;\"><a href=\"\/blog\/wp-content\/uploads\/2018\/park_city3.jpg\"><img decoding=\"async\" src=\"\/blog\/wp-content\/uploads\/2018\/park_city3.jpg\" \/><\/a><\/p>\n<p style=\"text-align: center;\"><em>Canyonsin kyl\u00e4n keskusta<\/em><\/p>\n<p style=\"text-align: justify;\">Laskimme aamup\u00e4iv\u00e4st\u00e4 hyvi\u00e4 laskuja kauniissa auringonpaisteessa yli 2500 metrin korkeudessa. Iltap\u00e4iv\u00e4ll\u00e4 siirryimme kokeilemaan hieman etel\u00e4mp\u00e4n\u00e4 sijaitsevia rinteit\u00e4, jotka olivat harmillisen j\u00e4isi\u00e4. Jokainen laskettelija tiet\u00e4\u00e4 miten inhottavia j\u00e4iset rinteet voivat olla ja upeasta kelist\u00e4 ja muuten hauskoista rinteist\u00e4 huolimatta p\u00e4iv\u00e4mme oli hieman nihke\u00e4, laskettelun ollessa todella varovaista touhua.<\/p>\n<p style=\"text-align: center;\"><a href=\"\/blog\/wp-content\/uploads\/2018\/canyonsin_huipulla2.jpg\"><img decoding=\"async\" src=\"\/blog\/wp-content\/uploads\/2018\/thumbs\/thumbs_canyonsin_huipulla2.jpg\" \/><\/a><a href=\"\/blog\/wp-content\/uploads\/2018\/canyonsin_huipulla1.jpg\"><img decoding=\"async\" src=\"\/blog\/wp-content\/uploads\/2018\/thumbs\/thumbs_canyonsin_huipulla1.jpg\" \/><\/a><a href=\"\/blog\/wp-content\/uploads\/2018\/canyonsin_huipulla5.jpg\"><img decoding=\"async\" src=\"\/blog\/wp-content\/uploads\/2018\/thumbs\/thumbs_canyonsin_huipulla5.jpg\" \/><\/a><br \/>\n<a href=\"\/blog\/wp-content\/uploads\/2018\/canyonsin_huipulla4.jpg\"><img decoding=\"async\" src=\"\/blog\/wp-content\/uploads\/2018\/thumbs\/thumbs_canyonsin_huipulla4.jpg\" \/><\/a><a href=\"\/blog\/wp-content\/uploads\/2018\/canyonsin_huipulla3.jpg\"><img decoding=\"async\" src=\"\/blog\/wp-content\/uploads\/2018\/thumbs\/thumbs_canyonsin_huipulla3.jpg\" \/><\/a><a href=\"\/blog\/wp-content\/uploads\/2018\/canyonsin_huipulla6.jpg\"><img decoding=\"async\" src=\"\/blog\/wp-content\/uploads\/2018\/thumbs\/thumbs_canyonsin_huipulla6.jpg\" \/><\/a><\/p>\n<p style=\"text-align: center;\"><em>Aurinkoinen mutta j\u00e4inen kakkosp\u00e4iv\u00e4<\/em><\/p>\n<p style=\"text-align: justify;\">Raskaan kakkosp\u00e4iv\u00e4mme j\u00e4lkeen ajoimme hotellillemme Heber Cityn kautta, joka on tasangolla sijaitseva 15 000 asukkaan voimakkaasti kasvava pikkukaupunki. Maisemat ovat upeat, korkeiden vuorten ymp\u00e4r\u00f6idess\u00e4 laajaa tasankoa. <em>Zermatt<\/em> niminen hotellimme oli my\u00f6s rakennettu ehtaan sveitsil\u00e4istyyliin ja oli hieman syrj\u00e4isest\u00e4 sijainnistaan huolimatta kelpo majapaikka.<\/p>\n<p style=\"text-align: center;\"><a href=\"\/blog\/wp-content\/uploads\/2018\/heber_cityn_maisemia1.jpg\"><img decoding=\"async\" src=\"\/blog\/wp-content\/uploads\/2018\/thumbs\/thumbs_heber_cityn_maisemia1.jpg\" \/><\/a><a href=\"\/blog\/wp-content\/uploads\/2018\/heber_cityn_maisemia2.jpg\"><img decoding=\"async\" src=\"\/blog\/wp-content\/uploads\/2018\/thumbs\/thumbs_heber_cityn_maisemia2.jpg\" \/><\/a><a href=\"\/blog\/wp-content\/uploads\/2018\/heber_cityn_maisemia3.jpg\"><img decoding=\"async\" src=\"\/blog\/wp-content\/uploads\/2018\/thumbs\/thumbs_heber_cityn_maisemia3.jpg\" \/><\/a><\/p>\n<p style=\"text-align: center;\"><em>Heber City sijaitsee kauniilla tasangolla<\/em><\/p>\n<p style=\"text-align: center;\"><a href=\"\/blog\/wp-content\/uploads\/2018\/zermatt_hotelli3.jpg\"><img decoding=\"async\" src=\"\/blog\/wp-content\/uploads\/2018\/thumbs\/thumbs_zermatt_hotelli3.jpg\" \/><\/a><a href=\"\/blog\/wp-content\/uploads\/2018\/zermatt_hotelli4.jpg\"><img decoding=\"async\" src=\"\/blog\/wp-content\/uploads\/2018\/thumbs\/thumbs_zermatt_hotelli4.jpg\" \/><\/a><br \/>\n<a href=\"\/blog\/wp-content\/uploads\/2018\/zermatt_hotelli1.jpg\"><img decoding=\"async\" src=\"\/blog\/wp-content\/uploads\/2018\/thumbs\/thumbs_zermatt_hotelli1.jpg\" \/><\/a><a href=\"\/blog\/wp-content\/uploads\/2018\/zermatt_hotelli2.jpg\"><img decoding=\"async\" src=\"\/blog\/wp-content\/uploads\/2018\/thumbs\/thumbs_zermatt_hotelli2.jpg\" \/><\/a><\/p>\n<p style=\"text-align: center;\"><em>Sveitsil\u00e4isi\u00e4 vaikutteita Utahissa<\/em><\/p>\n<p style=\"text-align: justify;\">S\u00e4\u00e4 vaihteli p\u00e4iv\u00e4st\u00e4 toiseen ja aurinkoista sunnuntaita seurasi lumisateinen maanantai. T\u00e4m\u00e4 oli itseasiassa hyv\u00e4 juttu, sill\u00e4 parikymment\u00e4 sentti\u00e4 uutta lunta peitti j\u00e4isen pinnan ja teki rinteist\u00e4 mukavat laskea. Laskimmekin kaksi seuraavaa p\u00e4iv\u00e4\u00e4 Park Cityn naapurissa sijaitsevassa <em>Deer Valleyss\u00e4<\/em>, jota pidet\u00e4\u00e4n hieman &#8221;parempana&#8221; laskettelukeskuksena. Erikoisena yksityiskohtana keskus on yksi vain kolmesta laskettelukeskuksesta, jossa <a title=\"Kun lumilautailu saapui Vancouveriin\" href=\"https:\/\/www.vuosiamaailmalla.fi\/?p=8616\">pahainen lumilautailu<\/a> on kielletty.<\/p>\n<p style=\"text-align: center;\"><a href=\"\/blog\/wp-content\/uploads\/2018\/jordanelle_lukaaleja1.jpg\"><img decoding=\"async\" src=\"\/blog\/wp-content\/uploads\/2018\/thumbs\/thumbs_jordanelle_lukaaleja1.jpg\" \/><\/a><a href=\"\/blog\/wp-content\/uploads\/2018\/jordanelle_lukaaleja2.jpg\"><img decoding=\"async\" src=\"\/blog\/wp-content\/uploads\/2018\/thumbs\/thumbs_jordanelle_lukaaleja2.jpg\" \/><\/a><a href=\"\/blog\/wp-content\/uploads\/2018\/jordanelle_lukaaleja3.jpg\"><img decoding=\"async\" src=\"\/blog\/wp-content\/uploads\/2018\/thumbs\/thumbs_jordanelle_lukaaleja3.jpg\" \/><\/a><\/p>\n<p style=\"text-align: center;\"><em>Deer Valleyn huviloita<\/em><\/p>\n<p style=\"text-align: justify;\">Runsaan lumentulon vuoksi maanantai oli loistava p\u00e4iv\u00e4 ja nautimme keskuksen rinteist\u00e4. Deer Valleyn 101 rinnett\u00e4 kalpenevat lukum\u00e4\u00e4r\u00e4lt\u00e4\u00e4n Park Cityn rinnalla, mutta rinteiss\u00e4 on silti runsaasti vaihtelua ja mik\u00e4 t\u00e4rkeint\u00e4, lumi oli parempaa.<\/p>\n<p style=\"text-align: center;\"><a href=\"\/blog\/wp-content\/uploads\/2018\/jordanelle_lukaaleja4.jpg\"><img decoding=\"async\" src=\"\/blog\/wp-content\/uploads\/2018\/jordanelle_lukaaleja4.jpg\" \/><\/a><\/p>\n<p style=\"text-align: center;\"><em>Paljaat rinteet<\/em><\/p>\n<p style=\"text-align: justify;\">Alueen kaikki keskuksen sijaitsevat saman vuorijonon it\u00e4sein\u00e4m\u00e4ll\u00e4, mutta muista eroavasti Deer Valley on rakennettu kohdalle jossa keskell\u00e4 vuorta on tasanne. T\u00e4st\u00e4 johtuen rinteiss\u00e4 ei ole aivan valtavasti korkeusvaihtelua, mutta vastaavasti hissimatkat ovat lyhyen nopeita. Kiintoisana yksityiskohtana loiva maasto on mahdollistanut rakentaa hulppeita huviloita ja loma-asuntoja k\u00e4yt\u00e4nn\u00f6ss\u00e4 aivan huipulle saakka ja onkin outoa lasketella jonkun kotitalon pihan editse melkein kolmen kilometrin korkeudessa.<\/p>\n<p style=\"text-align: center;\"><a href=\"\/blog\/wp-content\/uploads\/2018\/deer_valleyn_huipulla1.jpg\"><img decoding=\"async\" src=\"\/blog\/wp-content\/uploads\/2018\/thumbs\/thumbs_deer_valleyn_huipulla1.jpg\" \/><\/a><a href=\"\/blog\/wp-content\/uploads\/2018\/deer_valleyn_huipulla2.jpg\"><img decoding=\"async\" src=\"\/blog\/wp-content\/uploads\/2018\/thumbs\/thumbs_deer_valleyn_huipulla2.jpg\" \/><\/a><a href=\"\/blog\/wp-content\/uploads\/2018\/deer_valleyn_huipulla5.jpg\"><img decoding=\"async\" src=\"\/blog\/wp-content\/uploads\/2018\/thumbs\/thumbs_deer_valleyn_huipulla5.jpg\" \/><\/a><br \/>\n<a href=\"\/blog\/wp-content\/uploads\/2018\/deer_valleyn_huipulla3.jpg\"><img decoding=\"async\" src=\"\/blog\/wp-content\/uploads\/2018\/thumbs\/thumbs_deer_valleyn_huipulla3.jpg\" \/><\/a><a href=\"\/blog\/wp-content\/uploads\/2018\/deer_valleyn_huipulla4.jpg\"><img decoding=\"async\" src=\"\/blog\/wp-content\/uploads\/2018\/thumbs\/thumbs_deer_valleyn_huipulla4.jpg\" \/><\/a><a href=\"\/blog\/wp-content\/uploads\/2018\/trump_rinne.jpg\"><img decoding=\"async\" src=\"\/blog\/wp-content\/uploads\/2018\/thumbs\/thumbs_trump_rinne.jpg\" \/><\/a><\/p>\n<p style=\"text-align: center;\"><em>Kaunis p\u00e4iv\u00e4 Deer Valleyn rinteiss\u00e4<\/em><\/p>\n<p style=\"text-align: justify;\">Keli oli erityisen upea viimeisen\u00e4 laskettelup\u00e4iv\u00e4n\u00e4 tiistaina, jolloin olimme viel\u00e4 koko p\u00e4iv\u00e4n m\u00e4ess\u00e4. Ehdimmekin viistell\u00e4 edellisen\u00e4 p\u00e4iv\u00e4n\u00e4 hyv\u00e4ksi havaittuja suosikkirinteit\u00e4 ja lumi oli pysynyt y\u00f6n yli mukavan pehme\u00e4n\u00e4. Kokonaisuudessaan laskimme nelj\u00e4n p\u00e4iv\u00e4n\u00e4 aikana noin 200 kilometri\u00e4, mik\u00e4 kertoo miten jokainen p\u00e4iv\u00e4mme oli melkein aamusta iltaan.<\/p>\n<p style=\"text-align: center;\"><a href=\"\/blog\/wp-content\/uploads\/2018\/park_city_panoraama1.jpg\"><img decoding=\"async\" src=\"\/blog\/wp-content\/uploads\/2018\/park_city_panoraama1_pieni.jpg\" \/><\/a><\/p>\n<p style=\"text-align: center;\"><em>T\u00e4st\u00e4 ei laskettelup\u00e4iv\u00e4 parane<\/em><\/p>\n<p style=\"text-align: justify;\">Loppujen lopuksi meille j\u00e4i pitk\u00e4st\u00e4 viikonlopustamme ihan hyv\u00e4t fiilikset. Heikko lumitilanne oli tietysti harmillista, mutta sit\u00e4 on mahdotonta tiet\u00e4\u00e4 ennalta, kun tekee varauksia syksyll\u00e4. Normaalisti Utah on yksi Amerikan parhaita osavaltioita lasketteluun, vain Coloradon tarjotessa viel\u00e4kin enemm\u00e4n. Utahin keskusten paras puoli on niiden uskomaton l\u00e4heisyys Salt Lake Cityn kanssa, sill\u00e4 kaukausimpaan Deer Valleyhin on kaupungista vain 60 kilometri\u00e4. Isoja keskuksia on my\u00f6s useita ja vuorijonon l\u00e4nsipuolella olevat kaksi suurta, <em>Snorbird<\/em> ja <em>Alta<\/em>, j\u00e4iv\u00e4t t\u00e4ll\u00e4 reissulla kokeilematta.<\/p>\n<p style=\"text-align: justify;\">Siksi Utahiin pit\u00e4\u00e4kin varmaan palata jonain toisena talvena. K\u00e4tev\u00e4\u00e4 se ainakin on, sill\u00e4 Park City kuuluu samaan ryhmittym\u00e4\u00e4n kuin Whistlerikin, joten meid\u00e4n on mahdollista lasketella samalla Edge-kortilla vuosittain kaksi ilmaista p\u00e4iv\u00e4\u00e4 toisaalla.<\/p>\n<p style=\"text-align: center;\"><a href=\"\/blog\/wp-content\/uploads\/2018\/vuoret_suolakaupungin_vierella.jpg\"><img decoding=\"async\" src=\"\/blog\/wp-content\/uploads\/2018\/vuoret_suolakaupungin_vierella.jpg\" \/><\/a><\/p>\n<p style=\"text-align: center;\"><em>Vuoret kaupungin vierell\u00e4<\/em><\/p>\n<p style=\"text-align: justify;\">Paluumatkalla lentokent\u00e4lle ajoimme Salt Lake Cityn l\u00e4vitse. Miljoonan asukkaan kaupunki n\u00e4ytti tutulta, vaikka kes\u00e4n 2013 automatkastamme sinne ja Yellowstoneen onkin jo nelj\u00e4 ja puoli vuotta. Hyv\u00e4n\u00e4 uutisena emme joutuneet maksamaan tuulilasiin tulleesta kiveniskem\u00e4st\u00e4, joten palasimme kotiin hyvin mielin.<\/p>\n<p style=\"text-align: center;\"><a href=\"\/blog\/wp-content\/uploads\/2018\/salt_lake_cityn_siluetti.jpg\"><img decoding=\"async\" src=\"\/blog\/wp-content\/uploads\/2018\/salt_lake_cityn_siluetti.jpg\" \/><\/a><\/p>\n<p style=\"text-align: center;\"><em>Salt Lake Cityn siluetti<\/em><\/p>\n<p style=\"text-align: justify;\">Ensi vuoden hiihtoloman suunnitelmia ei ole ly\u00f6ty viel\u00e4 lukkoon, mutta on hyvin mahdollista, ett\u00e4 katsomme j\u00e4lleen Amerikan suuntaan. P\u00e4\u00e4dymme sitten mihin tahansa, toivottavasti lumijumalat ovat tuolloin puolellamme. Kuullun perusteella Coloradokaan ei olisi ollut t\u00e4n\u00e4 vuonna Utahia parempi lumitilanteeltaan ja paras vaihtoehto on ollut lasketella ihan vain <a title=\"Aikainen laskettelukauden avaus\" href=\"https:\/\/www.vuosiamaailmalla.fi\/?p=9359\">t\u00e4\u00e4ll\u00e4 kotopuolessa<\/a>. Joskus kaikkein paras on kaikkein l\u00e4hin&#8230;<\/p>\n","protected":false},"excerpt":{"rendered":"<p>Helmikuulle ajoittuva hiihtoloma on talven parasta aikaa ja kuluva talvi on ollut t\u00e4\u00e4ll\u00e4 l\u00e4nsirannikolla erinomainen ainakin laskettelijan n\u00e4k\u00f6kulmasta katsottuna. Viime vuonna teimme n\u00e4ihin samoihin aikoihin\u00a0viikon mittaisen suuren laskettelukiertueen Kanadan kalliovuorille, mik\u00e4 oli kuitenkin varasuunnitelma, sill\u00e4 alkuper\u00e4isen\u00e4 suunnitelmanamme oli l\u00e4hte\u00e4 Amerikan Kalliovuorille joko Coloradoon tai Utahiin. Suunnitelma kuitenkin kaatui matkan kalleuteen, mik\u00e4 ei haitannut, sill\u00e4 automatkamme &hellip; <a href=\"https:\/\/www.vuosiamaailmalla.fi\/blog\/2018\/vahaluminen-hiihtoloma-utahissa\/\" class=\"more-link\">Jatka lukemista<span class=\"screen-reader-text\"> &#8221;V\u00e4h\u00e4luminen hiihtoloma Utahissa&#8221;<\/span><\/a><\/p>\n","protected":false},"author":1,"featured_media":9701,"comment_status":"open","ping_status":"open","sticky":false,"template":"","format":"standard","meta":{"_jetpack_memberships_contains_paid_content":false,"footnotes":""},"categories":[778,7,774,890],"tags":[1293,173,1292,1294,602,1740,11],"class_list":["post-9699","post","type-post","status-publish","format-standard","has-post-thumbnail","hentry","category-laskettelu-ulkoilu","category-matkakertomukset","category-ulkoilu","category-yhdysvallat","tag-deer-valley","tag-laskettelu","tag-matkakertomus-hiihtoloma-utah","tag-park-city","tag-salt-lake-city","tag-utah","tag-matkakertomukset-yhdysvallat"],"jetpack_featured_media_url":"https:\/\/www.vuosiamaailmalla.fi\/blog\/wp-content\/uploads\/park_city_panoraama_banner.jpg","jetpack_sharing_enabled":true,"_links":{"self":[{"href":"https:\/\/www.vuosiamaailmalla.fi\/blog\/wp-json\/wp\/v2\/posts\/9699","targetHints":{"allow":["GET"]}}],"collection":[{"href":"https:\/\/www.vuosiamaailmalla.fi\/blog\/wp-json\/wp\/v2\/posts"}],"about":[{"href":"https:\/\/www.vuosiamaailmalla.fi\/blog\/wp-json\/wp\/v2\/types\/post"}],"author":[{"embeddable":true,"href":"https:\/\/www.vuosiamaailmalla.fi\/blog\/wp-json\/wp\/v2\/users\/1"}],"replies":[{"embeddable":true,"href":"https:\/\/www.vuosiamaailmalla.fi\/blog\/wp-json\/wp\/v2\/comments?post=9699"}],"version-history":[{"count":1,"href":"https:\/\/www.vuosiamaailmalla.fi\/blog\/wp-json\/wp\/v2\/posts\/9699\/revisions"}],"predecessor-version":[{"id":12898,"href":"https:\/\/www.vuosiamaailmalla.fi\/blog\/wp-json\/wp\/v2\/posts\/9699\/revisions\/12898"}],"wp:featuredmedia":[{"embeddable":true,"href":"https:\/\/www.vuosiamaailmalla.fi\/blog\/wp-json\/wp\/v2\/media\/9701"}],"wp:attachment":[{"href":"https:\/\/www.vuosiamaailmalla.fi\/blog\/wp-json\/wp\/v2\/media?parent=9699"}],"wp:term":[{"taxonomy":"category","embeddable":true,"href":"https:\/\/www.vuosiamaailmalla.fi\/blog\/wp-json\/wp\/v2\/categories?post=9699"},{"taxonomy":"post_tag","embeddable":true,"href":"https:\/\/www.vuosiamaailmalla.fi\/blog\/wp-json\/wp\/v2\/tags?post=9699"}],"curies":[{"name":"wp","href":"https:\/\/api.w.org\/{rel}","templated":true}]}}