{"id":971,"date":"2011-09-23T20:35:51","date_gmt":"2011-09-24T03:35:51","guid":{"rendered":"http:\/\/13.53.127.146\/?p=971"},"modified":"2021-02-09T19:16:44","modified_gmt":"2021-02-10T03:16:44","slug":"paavi-vierailulla","status":"publish","type":"post","link":"https:\/\/www.vuosiamaailmalla.fi\/blog\/2011\/paavi-vierailulla\/","title":{"rendered":"Paavi vierailulla"},"content":{"rendered":"<p style=\"text-align: justify;\">Vaikka Berliiniss\u00e4 k\u00e4ykin arvovaltaisia <a title=\"NATO:n huippukokous ja muita valtiovieraita\" href=\"https:\/\/www.vuosiamaailmalla.fi\/?p=961\">vieraita<\/a> t\u00e4m\u00e4n t\u00e4st\u00e4, on paavin vierailu hieman harvinaisempi tapahtuma miss\u00e4 vain Italian ulkopuolella. Paavi on vieraillut Berliiniss\u00e4 viimeeksi vuonna 1996 ja tuolloin kyseess\u00e4 oli edesmennyt paavi Johannes Paavali II. Niinp\u00e4 paavi Benedictus XVI:n eilen Berliinist\u00e4 alkaneeseen Saksan kiertueeseen olikin ladattu paljon odotuksia ja kiinnostusta.<\/p>\n<p><!--more--><\/p>\n<p style=\"text-align: justify;\">Paavi saapui aamup\u00e4iv\u00e4ll\u00e4 Alitalialta lainatulla lentokoneella Tegelin lentokent\u00e4lle. Siell\u00e4 h\u00e4nt\u00e4 olivat vastassa niin Saksan liittopresidentti Christian Wulff, kuin liittokansleri Angela Merkelkin. Lentokent\u00e4lt\u00e4 matka jatkui liittopresidentin virka-asunnolle Schloss Bellevuelle, joka sijaitsee <a title=\"Voitonpylv\u00e4s Siegess\u00e4ule\" href=\"http:\/\/www.vuosiamaailmalla.fi\/blog\/2011\/voitonpylvas-siegessaule\/\">Tiergartenin puistossa<\/a>. Siell\u00e4 liittopresidentti Wulff piti virallisen tervetuliaispuheen median edess\u00e4. Linnalta raskaasti vartioitu autosaattue siirtyi Berliinin katolilaisen akademian tiloihin Mitten alueelle, jossa paavi vietti Merkelin kanssa kahdenkeskisen juttutuokion. Keskustelujen j\u00e4lkeen paavi my\u00f6s lounasti akademian tiloissa.<\/p>\n<p style=\"text-align: justify;\">Kyseinen akademia sijaitsee vain noin 300 metri\u00e4 ty\u00f6paikaltamme. Hieman uteliaina p\u00e4\u00e4timme lounastaa er\u00e4\u00e4ss\u00e4 jokaviikkoisessa ravintolassa, joka sijaitsee vain 100 metri\u00e4 akademiasta. Matkalla ravintolalle l\u00e4hiseudun kadut olivat t\u00e4ynn\u00e4 poliiseja ja katoillakin n\u00e4kyi virkavallan edustajia. Akademiaa l\u00e4himm\u00e4t 100 metri\u00e4 olivat t\u00e4ysin suljetut poliisirivist\u00f6n toimesta. Kurkkasimme lounaan j\u00e4lkeen aluetta, mutta paavi oli tuolloin jo siirtynyt sis\u00e4tiloihin. Emme viitsineet odottaa paavin paluuta lounaalta, joten palasimme t\u00f6ihin.<\/p>\n<p style=\"text-align: center;\"><a href=\"\/blog\/wp-content\/uploads\/2011\/sata_metria_paavista.jpg\" target=\"_blank\" rel=\"noopener\"><img decoding=\"async\" style=\"border: 0px none; margin: 5px;\" src=\"\/blog\/wp-content\/uploads\/2011\/thumbs\/thumbs_sata_metria_paavista.jpg\" alt=\"\" \/><\/a>\u00a0\u00a0\u00a0\u00a0\u00a0<a href=\"\/blog\/wp-content\/uploads\/2011\/poliisiautoa_jonossa.jpg\" target=\"_blank\" rel=\"noopener\"><img decoding=\"async\" style=\"border: 0px none; margin: 5px;\" src=\"\/blog\/wp-content\/uploads\/2011\/thumbs\/thumbs_poliisiautoa_jonossa.jpg\" alt=\"\" \/><\/a><\/p>\n<p style=\"text-align: center;\"><em>Muutamia poliiseja paavin lounaspaikan luona<\/em><\/p>\n<p style=\"text-align: justify;\">Lounaan j\u00e4lkeen paavi siirtyi Bundestagin luokse, jossa h\u00e4n piti ennakkoon odotetun puheen parlamentin edess\u00e4. Paavin puhuminen Bundestagissa oli osan kansanedustajista mielest\u00e4 sopimatonta ja hieman alle puolet edustajista boikotoi puhetta j\u00e4tt\u00e4m\u00e4ll\u00e4 saapumatta paikalle. Minusta kyseess\u00e4 on ylily\u00f6nnist\u00e4, sill\u00e4 paavi on kuitenkin Vatikaanivaltion virallinen edustaja. Niin tai n\u00e4in, vierailun ohessa Berliinin keskustassa j\u00e4rjestettiin my\u00f6s muita paavin sek\u00e4 katolilaisen kirkon vastaisia mielenosoituksia. Mielenosoitukset j\u00e4iv\u00e4t kuitenkin odotettua pienemmiksi ja sujuivat rauhallisesti.<\/p>\n<p style=\"text-align: justify;\">Illan suurin ohjelmanumero oli paavin julkinen esiintyminen olympiastadionilla, jossa j\u00e4rjestett\u00e4v\u00e4\u00e4n pyh\u00e4\u00e4n messuun odotettiin kymmeni\u00e4tuhansia ihmisi\u00e4. Paikan p\u00e4\u00e4lle oli saatavilla ennakkoon ilmaisia lippuja, mutta ne loppuivat varauspalveluista kesken jo viikkoja aiemmin. Yhteens\u00e4 olympiastadionin messuun kokoontui eilisiltana 61 000 ihmist\u00e4. Messun aluksi paavi kiersi stadionin kuuluisan <em>papamobiilin<\/em> kyydiss\u00e4 ja suukotti luokseen tuotuja vauvoja otsalle. T\u00e4m\u00e4n j\u00e4lkeen paavi piti puheen sek\u00e4 lyhyen messun yleis\u00f6lle.<\/p>\n<p style=\"text-align: justify;\">Y\u00f6ksi paavi vet\u00e4ytyi apostolisen nuntiatuurin eli Vatikaanin suurl\u00e4hetyst\u00f6n tiloihin. Hassu kuriositeetti on, ett\u00e4 edustusto sijaitsee pienesti Berliinin Neuk\u00f6llnin kaupunginosan puolella. Kyseinen kaupunginosa ei todellakaan edusta Berliinin arvokkainta aluetta, vaan on kaupungin k\u00f6yhimpi\u00e4 sek\u00e4 &#8221;vaarallisimpia&#8221; osia. Suuri osa asujaimistosta on ulkomaalaisia ja erityisesti turkkilaisia on valtavasti. Paavin ei kuitenkaan tarvinnut turvallisuudestaan huolestua, sill\u00e4 vierailua turvasi noin 6000 poliisia. Kyseess\u00e4 oli ykk\u00f6sluokan poliisioperaatiosta, jollainen j\u00e4rjestet\u00e4\u00e4n ainoastaan paavin tai esimerkiksi Yhdysvaltojen presidentin vierailun yhteydess\u00e4. Esimerkiksi Halosen vierailun vartiointi olisi huomattavasti kevyempi&#8230;<\/p>\n<p style=\"text-align: justify;\">Turvatoimet olivat siis todella tiukat ja muun muassa paavin reitin varrella sijaitsevissa rakennuksissa asuvia ihmisi\u00e4 kehoitettiin pit\u00e4m\u00e4\u00e4n ikkunat kiinni ja pysym\u00e4\u00e4n poissa ikkunoista. Syyn\u00e4 oli huoli potentiaalisesta salamurhaajasta, mink\u00e4 vuoksi kehoitus annettiin. Lis\u00e4ksi kaikki autot ja polkupy\u00f6r\u00e4tkin oli siivottu katujen varsilta pommin mahdollisuuden vuoksi sivummalle. Paavin kulloisenkin sijainnin l\u00e4hist\u00f6ll\u00e4 liikkuessa, tuli ihmisill\u00e4 olla mukanaan henkil\u00f6llisyystodistus taikka joutuivat muuten odottamaan paavin siirtymist\u00e4 seuraavaan paikkaan. Melkoinen operaatio siis, mutta niiden ansiosta kaikki sujuikin eritt\u00e4in hyvin ja paavi p\u00e4\u00e4si jatkamaan matkaansa t\u00e4n\u00e4\u00e4n aamulla <a title=\"P\u00e4\u00e4si\u00e4isreissu It\u00e4- ja Keski-Saksassa\" href=\"http:\/\/www.vuosiamaailmalla.fi\/blog\/2009\/paasiaisreissu-ita-ja-keski-saksassa\/\">Erfurtiin<\/a>. Sielt\u00e4 matka jatkuu viel\u00e4 Freiburgiin, josta paavi palaa sunnuntaina kotiinsa Vatikaaniin.<\/p>\n<p style=\"text-align: justify;\">Hieman harmittaa ettemme paavia n\u00e4hneet, mutta eik\u00f6h\u00e4n tuohon viel\u00e4 tilaisuus siunaannu. Vaikka katolilaisen kirkon politiikasta voikin olla monta mielt\u00e4, ei k\u00e4y kielt\u00e4minen, ett\u00e4 paavi on sen verran korkean statuksen vieras, ett\u00e4 h\u00e4net olisi jo pelk\u00e4st\u00e4\u00e4n sen takia kiintoisaa n\u00e4hd\u00e4. Jos ei Berliiniss\u00e4, niin kenties Roomassa. <a title=\"Viisi p\u00e4iv\u00e4\u00e4 ikuisessa kaupungissa\" href=\"http:\/\/www.vuosiamaailmalla.fi\/blog\/2011\/viisi-paivaa-ikuisessa-kaupungissa\/\">Viime reissullammehan<\/a> luulimme jo hetken n\u00e4kev\u00e4mme paavin <a title=\"Valtava Pietarinkirkko sek\u00e4 antiikin Rooman n\u00e4ht\u00e4vyyksi\u00e4\" href=\"http:\/\/www.vuosiamaailmalla.fi\/blog\/2011\/valtava-pietarinkirkko-seka-antiikin-rooman-nahtavyyksia\/\">Pietarinkirkossa vierailessamme<\/a>, mutta tuolloinkaan ei k\u00e4ynyt tuuri. Ehk\u00e4 ensi kerralla, kenties.<\/p>\n","protected":false},"excerpt":{"rendered":"<p>Vaikka Berliiniss\u00e4 k\u00e4ykin arvovaltaisia vieraita t\u00e4m\u00e4n t\u00e4st\u00e4, on paavin vierailu hieman harvinaisempi tapahtuma miss\u00e4 vain Italian ulkopuolella. Paavi on vieraillut Berliiniss\u00e4 viimeeksi vuonna 1996 ja tuolloin kyseess\u00e4 oli edesmennyt paavi Johannes Paavali II. Niinp\u00e4 paavi Benedictus XVI:n eilen Berliinist\u00e4 alkaneeseen Saksan kiertueeseen olikin ladattu paljon odotuksia ja kiinnostusta.<\/p>\n","protected":false},"author":1,"featured_media":11716,"comment_status":"open","ping_status":"open","sticky":false,"template":"","format":"standard","meta":{"_jetpack_memberships_contains_paid_content":false,"footnotes":""},"categories":[18,3],"tags":[25,34,49,56,59,65,316,190],"class_list":["post-971","post","type-post","status-publish","format-standard","has-post-thumbnail","hentry","category-arki-saksassa","category-arki-ulkomailla","tag-ajankohtaista","tag-arki","tag-berliini","tag-berlin-mitte","tag-berlin-neukolln","tag-berlin-tiergarten","tag-paavi","tag-saksa"],"jetpack_featured_media_url":"https:\/\/www.vuosiamaailmalla.fi\/blog\/wp-content\/uploads\/poliisiautoa_jonossa_banner-1.jpg","jetpack_sharing_enabled":true,"_links":{"self":[{"href":"https:\/\/www.vuosiamaailmalla.fi\/blog\/wp-json\/wp\/v2\/posts\/971","targetHints":{"allow":["GET"]}}],"collection":[{"href":"https:\/\/www.vuosiamaailmalla.fi\/blog\/wp-json\/wp\/v2\/posts"}],"about":[{"href":"https:\/\/www.vuosiamaailmalla.fi\/blog\/wp-json\/wp\/v2\/types\/post"}],"author":[{"embeddable":true,"href":"https:\/\/www.vuosiamaailmalla.fi\/blog\/wp-json\/wp\/v2\/users\/1"}],"replies":[{"embeddable":true,"href":"https:\/\/www.vuosiamaailmalla.fi\/blog\/wp-json\/wp\/v2\/comments?post=971"}],"version-history":[{"count":3,"href":"https:\/\/www.vuosiamaailmalla.fi\/blog\/wp-json\/wp\/v2\/posts\/971\/revisions"}],"predecessor-version":[{"id":11717,"href":"https:\/\/www.vuosiamaailmalla.fi\/blog\/wp-json\/wp\/v2\/posts\/971\/revisions\/11717"}],"wp:featuredmedia":[{"embeddable":true,"href":"https:\/\/www.vuosiamaailmalla.fi\/blog\/wp-json\/wp\/v2\/media\/11716"}],"wp:attachment":[{"href":"https:\/\/www.vuosiamaailmalla.fi\/blog\/wp-json\/wp\/v2\/media?parent=971"}],"wp:term":[{"taxonomy":"category","embeddable":true,"href":"https:\/\/www.vuosiamaailmalla.fi\/blog\/wp-json\/wp\/v2\/categories?post=971"},{"taxonomy":"post_tag","embeddable":true,"href":"https:\/\/www.vuosiamaailmalla.fi\/blog\/wp-json\/wp\/v2\/tags?post=971"}],"curies":[{"name":"wp","href":"https:\/\/api.w.org\/{rel}","templated":true}]}}