{"id":9739,"date":"2018-07-01T11:13:39","date_gmt":"2018-07-01T18:13:39","guid":{"rendered":"http:\/\/13.53.127.146\/?p=9739"},"modified":"2018-07-01T11:13:39","modified_gmt":"2018-07-01T18:13:39","slug":"kanadan-juhlapaiva","status":"publish","type":"post","link":"https:\/\/www.vuosiamaailmalla.fi\/blog\/2018\/kanadan-juhlapaiva\/","title":{"rendered":"Kanadan juhlap\u00e4iv\u00e4"},"content":{"rendered":"<p style=\"text-align: justify;\"><em>O Canada!<\/em> T\u00e4n\u00e4\u00e4n juhlitaan Kanadan itsen\u00e4isyysp\u00e4iv\u00e4 <a title=\"Itsen\u00e4isyysp\u00e4iv\u00e4 Canada Day\" href=\"https:\/\/www.vuosiamaailmalla.fi\/?p=8277\"><em>Canada Dayta<\/em><\/a>. Tiedossa on riehakasta juhlintaa ymp\u00e4ri maailman toiseksi suurinta valtiota, vaikka t\u00e4m\u00e4nvuotinen juhlinta kalpeneekin viime vuoden suurille 150-vuotisjuhlille, jotka kestiv\u00e4t koko vuoden ajan.<\/p>\n<p style=\"text-align: justify;\">Meille juhlap\u00e4iv\u00e4 tarkoittaa mukavasti pitk\u00e4\u00e4 viikonloppua, joka on sujunut t\u00e4h\u00e4n menness\u00e4 hieman sateisissa tunnelmissa kotona tavaroita tulevaa muuttoa varten pakkaillessa. <a title=\"Kuinka olla kanadalainen\" href=\"https:\/\/www.vuosiamaailmalla.fi\/?p=8285\">Kanadalaisuus<\/a> on silti yh\u00e4 l\u00e4hemp\u00e4\u00e4n omaa syd\u00e4nt\u00e4, sill\u00e4 ensi vuonna saatamme viett\u00e4\u00e4 itsen\u00e4isyysp\u00e4iv\u00e4\u00e4 ylpein\u00e4 tuoreina kanadalaisina!\u00a0\ud83d\ude1b<\/p>\n<p><!--more--><\/p>\n<p style=\"text-align: center;\"><iframe loading=\"lazy\" src=\"https:\/\/www.youtube-nocookie.com\/embed\/xmElUBfimtI?rel=0&amp;showinfo=0\" width=\"560\" height=\"315\" frameborder=\"0\" allowfullscreen=\"allowfullscreen\"><\/iframe><\/p>\n","protected":false},"excerpt":{"rendered":"<p>O Canada! T\u00e4n\u00e4\u00e4n juhlitaan Kanadan itsen\u00e4isyysp\u00e4iv\u00e4 Canada Dayta. Tiedossa on riehakasta juhlintaa ymp\u00e4ri maailman toiseksi suurinta valtiota, vaikka t\u00e4m\u00e4nvuotinen juhlinta kalpeneekin viime vuoden suurille 150-vuotisjuhlille, jotka kestiv\u00e4t koko vuoden ajan. Meille juhlap\u00e4iv\u00e4 tarkoittaa mukavasti pitk\u00e4\u00e4 viikonloppua, joka on sujunut t\u00e4h\u00e4n menness\u00e4 hieman sateisissa tunnelmissa kotona tavaroita tulevaa muuttoa varten pakkaillessa. Kanadalaisuus on silti yh\u00e4 l\u00e4hemp\u00e4\u00e4n &hellip; <a href=\"https:\/\/www.vuosiamaailmalla.fi\/blog\/2018\/kanadan-juhlapaiva\/\" class=\"more-link\">Jatka lukemista<span class=\"screen-reader-text\"> &#8221;Kanadan juhlap\u00e4iv\u00e4&#8221;<\/span><\/a><\/p>\n","protected":false},"author":1,"featured_media":9742,"comment_status":"open","ping_status":"open","sticky":false,"template":"","format":"standard","meta":{"_jetpack_memberships_contains_paid_content":false,"footnotes":""},"categories":[17,3],"tags":[25,34,80,133,935],"class_list":["post-9739","post","type-post","status-publish","format-standard","has-post-thumbnail","hentry","category-arki-kanadassa","category-arki-ulkomailla","tag-ajankohtaista","tag-arki","tag-canada-day","tag-hassua","tag-kanada"],"jetpack_featured_media_url":"https:\/\/www.vuosiamaailmalla.fi\/blog\/wp-content\/uploads\/kuinka_olla_kanadalainen2_banner.jpg","jetpack_sharing_enabled":true,"_links":{"self":[{"href":"https:\/\/www.vuosiamaailmalla.fi\/blog\/wp-json\/wp\/v2\/posts\/9739","targetHints":{"allow":["GET"]}}],"collection":[{"href":"https:\/\/www.vuosiamaailmalla.fi\/blog\/wp-json\/wp\/v2\/posts"}],"about":[{"href":"https:\/\/www.vuosiamaailmalla.fi\/blog\/wp-json\/wp\/v2\/types\/post"}],"author":[{"embeddable":true,"href":"https:\/\/www.vuosiamaailmalla.fi\/blog\/wp-json\/wp\/v2\/users\/1"}],"replies":[{"embeddable":true,"href":"https:\/\/www.vuosiamaailmalla.fi\/blog\/wp-json\/wp\/v2\/comments?post=9739"}],"version-history":[{"count":0,"href":"https:\/\/www.vuosiamaailmalla.fi\/blog\/wp-json\/wp\/v2\/posts\/9739\/revisions"}],"wp:featuredmedia":[{"embeddable":true,"href":"https:\/\/www.vuosiamaailmalla.fi\/blog\/wp-json\/wp\/v2\/media\/9742"}],"wp:attachment":[{"href":"https:\/\/www.vuosiamaailmalla.fi\/blog\/wp-json\/wp\/v2\/media?parent=9739"}],"wp:term":[{"taxonomy":"category","embeddable":true,"href":"https:\/\/www.vuosiamaailmalla.fi\/blog\/wp-json\/wp\/v2\/categories?post=9739"},{"taxonomy":"post_tag","embeddable":true,"href":"https:\/\/www.vuosiamaailmalla.fi\/blog\/wp-json\/wp\/v2\/tags?post=9739"}],"curies":[{"name":"wp","href":"https:\/\/api.w.org\/{rel}","templated":true}]}}