{"id":974,"date":"2011-08-26T20:37:41","date_gmt":"2011-08-27T03:37:41","guid":{"rendered":"http:\/\/13.53.127.146\/?p=974"},"modified":"2021-02-09T19:19:55","modified_gmt":"2021-02-10T03:19:55","slug":"kenkaa-tykkaa-napille","status":"publish","type":"post","link":"https:\/\/www.vuosiamaailmalla.fi\/blog\/2011\/kenkaa-tykkaa-napille\/","title":{"rendered":"Kenk\u00e4\u00e4 tykk\u00e4\u00e4-napille"},"content":{"rendered":"<p style=\"text-align: justify;\">Monille yst\u00e4villeni on ainainen ihmetyksen aihe, miten en ole viel\u00e4k\u00e4\u00e4n liittynyt &#8221;kaikkien k\u00e4ytt\u00e4m\u00e4\u00e4n&#8221;\u00a0<em>Facebookiin<\/em>. Tai miksi en ole mukana uudessa ja &#8221;trenditietoisten edelt\u00e4k\u00e4vij\u00f6iden&#8221; suosimassa <em>Google+<\/em> palvelussa? P\u00e4\u00e4t\u00f6kseni olla liittym\u00e4st\u00e4 molempiin on perustunut moneen syyhyn, mutta t\u00e4ss\u00e4 kaksi painavinta.<\/p>\n<p><!--more--><\/p>\n<p style=\"text-align: justify;\">Suurin syyni on, ett\u00e4 mielest\u00e4ni yli 90% ajasta Facebookin kautta jaetut asiat ovat turhaakin turhempaa tietoa, jota ilman p\u00e4rj\u00e4\u00e4n vallan hyvin. Minua ei suoraan sanoen kiinnosta tiet\u00e4\u00e4 jokaisen ihmisen, edes tutun, jokaisesta arkip\u00e4iv\u00e4isest\u00e4 asiasta. Facebookin kautta linkitet\u00e4\u00e4n my\u00f6s valtavat m\u00e4\u00e4r\u00e4t turhaa sis\u00e4lt\u00f6\u00e4, kuten <a href=\"https:\/\/www.vuosiamaailmalla.fi\/?p=5348\">raflaavia nollauutisia<\/a>, hassuja kuvia ja videoita sek\u00e4 muuta turhanp\u00e4iv\u00e4ist\u00e4. Vaikka n\u00e4it\u00e4 onkin virkist\u00e4v\u00e4\u00e4 katsoa aina joskus, l\u00f6yt\u00e4\u00e4 niit\u00e4 helposti niin halutessaan ja s\u00e4\u00e4st\u00e4kin mielummin aikaani ja valitsen miss\u00e4 ja milloin t\u00e4llaista sis\u00e4lt\u00f6\u00e4 kaipaan.<\/p>\n<p style=\"text-align: justify;\">T\u00e4m\u00e4n lis\u00e4ksi Facebook on kasvanut aivan liian suureksi tietokannaksi ihmisten ajatuksista, tekemisist\u00e4 sek\u00e4 mieltymyksist\u00e4. Kun sadat miljoonat ihmiset jakavat el\u00e4m\u00e4st\u00e4\u00e4n melkein kaiken Facebookin kautta, voi vain mietti\u00e4 millainen m\u00e4\u00e4r\u00e4 tietoa se on ja mit\u00e4 kaikkea siit\u00e4 voikaan ihmisist\u00e4 p\u00e4\u00e4tell\u00e4. Ensisijaisestihan t\u00e4t\u00e4 tietoa k\u00e4ytet\u00e4\u00e4n mainostamiseen, mik\u00e4 on nettipalveluiden ensisijainen (ja monesti ainoa)\u00a0tulonl\u00e4hde. Facebook ei ole poikkeus, eik\u00e4 palvelu py\u00f6risi ilman mainosmiljoonia p\u00e4iv\u00e4\u00e4k\u00e4\u00e4n. Kuitenkin Facebookin tapauksessa k\u00e4ytt\u00e4jien profilointi on viety jo niin pitk\u00e4lle, ett\u00e4 minusta on melko puistattavaa ajatella millaisen &#8221;virtuaalisen kansion&#8221; j\u00e4t\u00e4t itsest\u00e4si t\u00e4m\u00e4n amerikkalaisen suuryrityksen palvelimille. Mit\u00e4\u00e4n Facebookiin laittamaasihan et saa koskaan t\u00e4ysin pois, mink\u00e4 lis\u00e4ksi palvelu pid\u00e4tt\u00e4\u00e4 oikeuden k\u00e4ytt\u00e4\u00e4 sis\u00e4lt\u00f6\u00e4 ja levitt\u00e4\u00e4 sit\u00e4 niin halutessaan &#8221;yhteisty\u00f6tahoilleen&#8221;.<\/p>\n<p style=\"text-align: center;\"><img decoding=\"async\" style=\"border: 0px none; margin: 5px;\" src=\"\/blog\/wp-content\/uploads\/2011\/facebook-dislike.jpg\" alt=\"\" \/><\/p>\n<p style=\"text-align: justify;\">T\u00e4h\u00e4n ongelmaan puuttui viime viikolla my\u00f6s saksalainen Schleswig-Holsteinin tietosuojaviranomainen, jonka tykk\u00e4\u00e4-nappille antamasta kiellosta uutisoitiin viime viikolla laajasti eri verkkomedioissa. Nappi ei ollut ainoa syy kiellolle, mutta se on eritt\u00e4in keskeinen osa Facebookin k\u00e4ytt\u00e4jien profilointia, sill\u00e4 se l\u00f6ytyy nykyisin l\u00e4hes jokaisen verkkomedian ja blogin sivuilta. Sen avulla artikkeleita ja sis\u00e4lt\u00f6\u00e4 on helppo jakaa Facebookiin, mutta samalla jokaisesta k\u00e4ym\u00e4st\u00e4si sivusta, artikkelista, kuvasta ja aiheesta j\u00e4\u00e4 my\u00f6s merkint\u00e4 Facebookin sinusta laatimaan profiiliin. Tietoa k\u00e4ytet\u00e4\u00e4n ensisijaisesti kohdennettujen mainosten tuputtamiseksi (mik\u00e4 on jo sin\u00e4ll\u00e4\u00e4n rikos ihmiskuntaa vastaan), mutta sit\u00e4 on mahdollista k\u00e4ytt\u00e4\u00e4 monella muullakin tavalla. Kun miettii mink\u00e4laisen m\u00e4\u00e4r\u00e4n tietoa Facebook sis\u00e4lt\u00e4\u00e4, ei ole vaikea arvata ovatko erilaiset tiedusteluinstanssit siit\u00e4 kiinnostuneita vai eiv\u00e4t. Ja kun johonkin eritt\u00e4in houkuttelevaan on mahdollisuus, sit\u00e4 todenn\u00e4k\u00f6isesti jossain vaiheessa my\u00f6s hy\u00f6dynnet\u00e4\u00e4n.<\/p>\n<p style=\"text-align: justify;\">Jokainen voi itse p\u00e4\u00e4tell\u00e4 millaiset mahdollisuudet mink\u00e4laisiin rekistereihin yli 700 miljoonan ihmisen aktiivisesti k\u00e4ytt\u00e4m\u00e4 palvelu mahdollistaa. Eip\u00e4 ollut todellakaan ihme, ett\u00e4 <em>Googlekin<\/em> halusi osingoille ja perusti oman kopiopalvelunsa. Heid\u00e4n k\u00e4siss\u00e4\u00e4n vastaava datam\u00e4\u00e4r\u00e4 voidaan (niin haluttaessa) n\u00e4pp\u00e4r\u00e4sti yhdist\u00e4\u00e4 <em>Google Accountin<\/em> kautta Googlen kymmeniin muihin <a title=\"Street View avautui Saksassa\" href=\"https:\/\/www.vuosiamaailmalla.fi\/?p=1117\">palveluihin<\/a> ja niiden k\u00e4ytt\u00f6historiaan. Se jos mik\u00e4 on helposti pelottava m\u00e4\u00e4r\u00e4 tietoa sinusta ja melkein jokaisesta meist\u00e4. Ja kaikki t\u00e4m\u00e4 tietom\u00e4\u00e4r\u00e4 yhden yksityisen amerikkalaisen suuryrityksen k\u00e4siss\u00e4. Tiedon sanotaan olevan valtaa, joten kyseess\u00e4 on valtavasta vallasta niin haluttaessa. Ei ole siis ihme, ett\u00e4 esimerkiksi suurvallaksi janoava Kiina on ollut poikkiteloin monien n\u00e4iden palveluiden kanssa vuosien mittaan. Voisikohan olla, ett\u00e4 Kiina ymm\u00e4rt\u00e4\u00e4 asiassa olevan jotain, mink\u00e4 vuoksi sik\u00e4l\u00e4isille markkinoille on kehitetty omia ei-amerikkalaisia palveluitaan&#8230;<\/p>\n<p style=\"text-align: justify;\">Aiheesta voisi spekuloida kymmenien viestien edest\u00e4, mutta minulle jo edell\u00e4 mainittu riitt\u00e4\u00e4 siihen, etten tule liittym\u00e4\u00e4n Facebookiin taikka Google+:aan. Enk\u00e4 halua n\u00e4it\u00e4 palveluita my\u00f6sk\u00e4\u00e4n edesauttaa, joten poistan t\u00e4ll\u00e4 istumalla tykk\u00e4\u00e4-napin blogistani. Nappi onkin ollut t\u00e4ysi turhake ja pahimmillaan se on vain jumittanut koko netin. Tekoni ei tietenk\u00e4\u00e4n ole kuin pelkk\u00e4 symbolinen ele, mutta ainakin se on linjassa henkil\u00f6kohtaisen n\u00e4kemykseni kanssa n\u00e4ist\u00e4 palveluista.<\/p>\n<p style=\"text-align: justify;\"><strong>16.8.2015 p\u00e4ivitys<\/strong><\/p>\n<p style=\"text-align: justify;\">Vaikka lopulta nelj\u00e4n vuoden j\u00e4lkeen p\u00e4\u00e4dyinkin palauttamaan sivulleni Facebookin tykk\u00e4\u00e4-napin, n\u00e4ytt\u00e4\u00e4 ett\u00e4 olin kuitenkin ounasteluissani oikeassa. Viime vuosien NSA-paljastukset ovat osoittaneet ett\u00e4 amerikkalaiset palvelut kuten Facebook ja Google ovat osa Yhdysvaltojen hallinnon maailmanlaajuista vakoilua, jossa jokaista ihmist\u00e4 profiloidaan heid\u00e4n internet-jalanj\u00e4lkens\u00e4 perusteella. Ja vaikka t\u00e4ll\u00e4 blogilla onkin nyky\u00e4\u00e4n edustus Facebookissa ja Twitteriss\u00e4, eiv\u00e4t ne kuitenkaan ole henkil\u00f6kohtaisia sivujani, vaan palvelevat l\u00e4hinn\u00e4 t\u00e4m\u00e4n blogin sis\u00e4lt\u00f6\u00e4 seuraavaa yhteis\u00f6\u00e4.<\/p>\n<p style=\"text-align: justify;\">Kaikkea vastaan ei voi yksin taistella, mutta on silti hyv\u00e4 ymm\u00e4rt\u00e4\u00e4 mit\u00e4 kulissien takana tapahtuu ja miksi saamme nauttia ilmaisista palveluista internetiss\u00e4. Mik\u00e4\u00e4n ei kuitenkaan ole oikeasti &#8221;ilmaista&#8221; vaan kaikella on lopulta jokin hinta ja t\u00e4ss\u00e4 tilanteessa se on ihmisten yksityisyys. Huolestuttavaa kehityst\u00e4.<\/p>\n","protected":false},"excerpt":{"rendered":"<p>Monille yst\u00e4villeni on ainainen ihmetyksen aihe, miten en ole viel\u00e4k\u00e4\u00e4n liittynyt &#8221;kaikkien k\u00e4ytt\u00e4m\u00e4\u00e4n&#8221;\u00a0Facebookiin. Tai miksi en ole mukana uudessa ja &#8221;trenditietoisten edelt\u00e4k\u00e4vij\u00f6iden&#8221; suosimassa Google+ palvelussa? P\u00e4\u00e4t\u00f6kseni olla liittym\u00e4st\u00e4 molempiin on perustunut moneen syyhyn, mutta t\u00e4ss\u00e4 kaksi painavinta.<\/p>\n","protected":false},"author":1,"featured_media":11722,"comment_status":"open","ping_status":"open","sticky":false,"template":"","format":"standard","meta":{"_jetpack_memberships_contains_paid_content":false,"footnotes":""},"categories":[18,3,226],"tags":[25,107,123,190,191],"class_list":["post-974","post","type-post","status-publish","format-standard","has-post-thumbnail","hentry","category-arki-saksassa","category-arki-ulkomailla","category-blogista","tag-ajankohtaista","tag-facebook","tag-google","tag-saksa","tag-saksalainen-juttu"],"jetpack_featured_media_url":"https:\/\/www.vuosiamaailmalla.fi\/blog\/wp-content\/uploads\/facebook-dislike_banner.jpg","jetpack_sharing_enabled":true,"_links":{"self":[{"href":"https:\/\/www.vuosiamaailmalla.fi\/blog\/wp-json\/wp\/v2\/posts\/974","targetHints":{"allow":["GET"]}}],"collection":[{"href":"https:\/\/www.vuosiamaailmalla.fi\/blog\/wp-json\/wp\/v2\/posts"}],"about":[{"href":"https:\/\/www.vuosiamaailmalla.fi\/blog\/wp-json\/wp\/v2\/types\/post"}],"author":[{"embeddable":true,"href":"https:\/\/www.vuosiamaailmalla.fi\/blog\/wp-json\/wp\/v2\/users\/1"}],"replies":[{"embeddable":true,"href":"https:\/\/www.vuosiamaailmalla.fi\/blog\/wp-json\/wp\/v2\/comments?post=974"}],"version-history":[{"count":2,"href":"https:\/\/www.vuosiamaailmalla.fi\/blog\/wp-json\/wp\/v2\/posts\/974\/revisions"}],"predecessor-version":[{"id":11723,"href":"https:\/\/www.vuosiamaailmalla.fi\/blog\/wp-json\/wp\/v2\/posts\/974\/revisions\/11723"}],"wp:featuredmedia":[{"embeddable":true,"href":"https:\/\/www.vuosiamaailmalla.fi\/blog\/wp-json\/wp\/v2\/media\/11722"}],"wp:attachment":[{"href":"https:\/\/www.vuosiamaailmalla.fi\/blog\/wp-json\/wp\/v2\/media?parent=974"}],"wp:term":[{"taxonomy":"category","embeddable":true,"href":"https:\/\/www.vuosiamaailmalla.fi\/blog\/wp-json\/wp\/v2\/categories?post=974"},{"taxonomy":"post_tag","embeddable":true,"href":"https:\/\/www.vuosiamaailmalla.fi\/blog\/wp-json\/wp\/v2\/tags?post=974"}],"curies":[{"name":"wp","href":"https:\/\/api.w.org\/{rel}","templated":true}]}}