{"id":9747,"date":"2018-07-05T17:51:10","date_gmt":"2018-07-06T00:51:10","guid":{"rendered":"http:\/\/13.53.127.146\/?p=9747"},"modified":"2021-01-01T12:22:36","modified_gmt":"2021-01-01T20:22:36","slug":"blogi-kesatauolla","status":"publish","type":"post","link":"https:\/\/www.vuosiamaailmalla.fi\/blog\/2018\/blogi-kesatauolla\/","title":{"rendered":"Blogi kes\u00e4tauolla"},"content":{"rendered":"<p style=\"text-align: justify;\">Blogini 12-vuotisen historian aikana en muista julistaneeni aiemmin virallista kes\u00e4taukoa, vaikka kes\u00e4 onkin ajanjakso jolloin motivaatio istua tietokoneen \u00e4\u00e4rell\u00e4 on kaikkein pienimmill\u00e4\u00e4n. Viime viikkoina lukijani ovat saaneet kuitenkin huomata, ett\u00e4 t\u00e4n\u00e4 kes\u00e4n\u00e4 meill\u00e4 pit\u00e4\u00e4 kiirett\u00e4 ja kirjoittaminen on j\u00e4\u00e4nyt v\u00e4hemm\u00e4lle. Osasyy t\u00e4h\u00e4n on ollut tyypillinen kes\u00e4st\u00e4 nauttiminen, mutta t\u00e4n\u00e4 kes\u00e4n\u00e4 meilla on my\u00f6s k\u00e4ynniss\u00e4 monenlaista kuviota.<\/p>\n<p><!--more--><\/p>\n<p style=\"text-align: justify;\">Kaikkein kurjin ja aikaavievin asia on kohta edess\u00e4 oleva muutto uuteen osoitteeseen, sill\u00e4 jouduimme j\u00e4lleen kerran Vancouverin\u00a0<a title=\"Rikosaalto hienostoalueilla\" href=\"https:\/\/www.vuosiamaailmalla.fi\/?p=9302\">hullujen asuntomarkkinoiden<\/a> uhriksi. Viimeiset pari vuotta Burnabyn kotinamme ollut hulppea kattohuoneisto nimitt\u00e4in myytiin kev\u00e4\u00e4ll\u00e4 ja uusi omistaja muuttaa asuntoon elokuun alussa. N\u00e4in ollen meille ei ollut apua edes <a title=\"Provinssi tuli vuokralaisten avuksi\" href=\"https:\/\/www.vuosiamaailmalla.fi\/?p=9391\">uudesta lains\u00e4\u00e4d\u00e4nn\u00f6st\u00e4<\/a>, joka est\u00e4\u00e4 vuokrien kohtuuttoman korottamisen omistajan vaihtuessa. T\u00e4m\u00e4h\u00e4n kun oli puolestaan syyn\u00e4, kun jouduimme vuonna 2015 muuttamaan edellisest\u00e4 lukaalistamme. \ud83d\ude41<\/p>\n<p style=\"text-align: justify;\">Olemmekin olleet koko kev\u00e4\u00e4n asuntomets\u00e4ll\u00e4 ja n\u00e4hneet jo yli kymmenen asuntoa. Moni niist\u00e4 oli hieno ja mukava, mutta jokaisessa on ollut sen verran kompromisseja, ettemme ole suostuneet maksamaan niist\u00e4 pyydettyj\u00e4 p\u00f6yhkeit\u00e4 hintoja. N\u00e4in ollen olemmekin muuttamassa toista kertaa v\u00e4liaikaiseen asuntoon, varastoiden huonekalumme varastoon. Kuten moni saattaa muistaa, teimme saman my\u00f6s <a title=\"V\u00e4liaikaista asumista\" href=\"https:\/\/www.vuosiamaailmalla.fi\/?p=6171\">kolme vuotta sitten<\/a> ja kaikki p\u00e4\u00e4ttyi lopulta hyvin t\u00e4m\u00e4n nykyisen kattohuoneiston l\u00f6ytymiseen.<\/p>\n<p style=\"text-align: justify;\">Mieli ei ole kuitenkaan matalana, sill\u00e4 v\u00e4liaikainen kalustettu asuntomme sijaitsee yhdess\u00e4 kaupungin <a title=\"Asukkaana Trump Towerissa\" href=\"https:\/\/www.vuosiamaailmalla.fi\/blog\/2018\/asukkaana-trump-towerissa\/\">hulppeimmista rakennuksista<\/a>, jossa asuminen tulee olemaan kiintoisa kokemus. V\u00e4liaikainen asunto toimii tukikohtanamme uutta asuntoa etsiess\u00e4mme, joka l\u00f6ytyy toivottavasti loppukes\u00e4n tai alkusyksyn aikana. Kokemuksemme mukaan kes\u00e4 on kaikkein pahin aika asunnonmets\u00e4stykseen, sill\u00e4 asunnoista kilpailevat my\u00f6s lyhytaikaiset kes\u00e4asukkaat. \ud83d\udca1<\/p>\n<p style=\"text-align: justify;\">Muuttoh\u00e4ss\u00e4k\u00f6iden lis\u00e4ksi olemme ensi viikonloppuna telttailemassa <a title=\"Viikonloppu Galiano Islandilla\" href=\"https:\/\/www.vuosiamaailmalla.fi\/?p=10870\">Galiano Islandilla<\/a>, mink\u00e4 j\u00e4lkeen luoksemme saapuu Berliiniss\u00e4 <a title=\"P\u00e4\u00e4si\u00e4inen t\u00e4ynn\u00e4 dinosauruksia\" href=\"https:\/\/www.vuosiamaailmalla.fi\/?p=1121\">luonamme vieraillut<\/a> sukulaisperhe. Vierailusta selvitty\u00e4mme onkin sitten varsinaisen kes\u00e4loman aika ja suuntaamme t\u00e4n\u00e4 vuonna <a title=\"Kes\u00e4matkailua Suomessa\" href=\"https:\/\/www.vuosiamaailmalla.fi\/?p=9803\">kahdeksi viikoksi Suomeen<\/a>. T\u00e4m\u00e4 on minulle ensimm\u00e4inen kes\u00e4 Suomessa <a title=\"Halki Ruotsin sek\u00e4 kes\u00e4loma roadsterilla\" href=\"https:\/\/www.vuosiamaailmalla.fi\/?p=1001\">sitten vuoden 2011<\/a>, joka tapahtui juuri ennen <a title=\"Maahanmuutto bisnesluokassa\" href=\"https:\/\/www.vuosiamaailmalla.fi\/?p=230\">Kanadaan muuttoa<\/a>!<\/p>\n<p style=\"text-align: justify;\">Matkasta tuleekin varmasti rentouttava, sill\u00e4 Suomen kes\u00e4 on ollut t\u00e4n\u00e4 vuonna loistava ja luotan hyvien s\u00e4iden jatkuvan my\u00f6s hein\u00e4-elokuun taitteeseen saakka. Palaamme matkaltamme vasta elokuun toisella viikolla, mink\u00e4 j\u00e4lkeen alan j\u00e4lleen p\u00e4ivitt\u00e4m\u00e4\u00e4n kuulumisiamme t\u00e4nne blogin puolelle v\u00e4liaikaisesta asunnostamme k\u00e4sin.<\/p>\n<p style=\"text-align: justify;\">Menossa on siis j\u00e4lleen kerran melkoinen muutosten vuosi ja kes\u00e4 tulee menem\u00e4\u00e4n nopeasti. Kiitos uskollisille lukijoilleni ja hyv\u00e4\u00e4 kes\u00e4\u00e4!<\/p>\n","protected":false},"excerpt":{"rendered":"<p>Blogini 12-vuotisen historian aikana en muista julistaneeni aiemmin virallista kes\u00e4taukoa, vaikka kes\u00e4 onkin ajanjakso jolloin motivaatio istua tietokoneen \u00e4\u00e4rell\u00e4 on kaikkein pienimmill\u00e4\u00e4n. Viime viikkoina lukijani ovat saaneet kuitenkin huomata, ett\u00e4 t\u00e4n\u00e4 kes\u00e4n\u00e4 meill\u00e4 pit\u00e4\u00e4 kiirett\u00e4 ja kirjoittaminen on j\u00e4\u00e4nyt v\u00e4hemm\u00e4lle. Osasyy t\u00e4h\u00e4n on ollut tyypillinen kes\u00e4st\u00e4 nauttiminen, mutta t\u00e4n\u00e4 kes\u00e4n\u00e4 meilla on my\u00f6s k\u00e4ynniss\u00e4 monenlaista &hellip; <a href=\"https:\/\/www.vuosiamaailmalla.fi\/blog\/2018\/blogi-kesatauolla\/\" class=\"more-link\">Jatka lukemista<span class=\"screen-reader-text\"> &#8221;Blogi kes\u00e4tauolla&#8221;<\/span><\/a><\/p>\n","protected":false},"author":1,"featured_media":10884,"comment_status":"open","ping_status":"open","sticky":false,"template":"","format":"standard","meta":{"_jetpack_newsletter_access":"","_jetpack_dont_email_post_to_subs":false,"_jetpack_newsletter_tier_id":0,"_jetpack_memberships_contains_paywalled_content":false,"_jetpack_memberships_contains_paid_content":false,"footnotes":""},"categories":[17,3,4,226],"tags":[25,34,935,159,182],"class_list":["post-9747","post","type-post","status-publish","format-standard","has-post-thumbnail","hentry","category-arki-kanadassa","category-arki-ulkomailla","category-asuminen-kanadassa","category-blogista","tag-ajankohtaista","tag-arki","tag-kanada","tag-kesa","tag-muuttaminen"],"jetpack_sharing_enabled":true,"jetpack-related-posts":[{"id":9436,"url":"https:\/\/www.vuosiamaailmalla.fi\/blog\/2018\/kuusi-vuotta-kanadassa\/","url_meta":{"origin":9747,"position":0},"title":"Kuusi vuotta Kanadassa","author":"Klaus Johansson","date":"21. tammikuuta 2018","format":false,"excerpt":"Tammikuu tarkoittaa, ett\u00e4 takana on j\u00e4lleen yksi vuosi lis\u00e4\u00e4 Kanadassa. Kanadan vuosia on kertynyt jo kuusi, mik\u00e4 on enemm\u00e4n kuin Saksassa viett\u00e4m\u00e4mme reilut viisi vuotta. Vuoden aikana maiden v\u00e4linen suhde keikahtikin nyt pysyv\u00e4sti Kanadan eduksi, mit\u00e4 pohdin syksyll\u00e4 muistellessani 11 vuottamme ulkomailla. Kuusi vuotta onkin pitk\u00e4 aika ja niinp\u00e4 osa\u2026","rel":"","context":"Kategoriassa &quot;Arki Kanadassa&quot;","block_context":{"text":"Arki Kanadassa","link":"https:\/\/www.vuosiamaailmalla.fi\/blog\/category\/arki-ulkomailla\/arki-kanadassa\/"},"img":{"alt_text":"","src":"https:\/\/i0.wp.com\/www.vuosiamaailmalla.fi\/blog\/wp-content\/uploads\/kanadan_lippu_banner-1.jpg?resize=350%2C200&ssl=1","width":350,"height":200,"srcset":"https:\/\/i0.wp.com\/www.vuosiamaailmalla.fi\/blog\/wp-content\/uploads\/kanadan_lippu_banner-1.jpg?resize=350%2C200&ssl=1 1x, https:\/\/i0.wp.com\/www.vuosiamaailmalla.fi\/blog\/wp-content\/uploads\/kanadan_lippu_banner-1.jpg?resize=525%2C300&ssl=1 1.5x, https:\/\/i0.wp.com\/www.vuosiamaailmalla.fi\/blog\/wp-content\/uploads\/kanadan_lippu_banner-1.jpg?resize=700%2C400&ssl=1 2x"},"classes":[]},{"id":14074,"url":"https:\/\/www.vuosiamaailmalla.fi\/blog\/2025\/hauskan-lampimat-kesapaivat\/","url_meta":{"origin":9747,"position":1},"title":"Hauskan l\u00e4mpim\u00e4t kes\u00e4p\u00e4iv\u00e4t","author":"Klaus Johansson","date":"4. lokakuuta 2025","format":false,"excerpt":"Kalenteriaukeaman k\u00e4\u00e4ntyess\u00e4 lokakuun puolelle, alkaa mennyt kes\u00e4 olla taakse j\u00e4\u00e4nyt l\u00e4mmin muisto. Vaikka suurin osa kes\u00e4st\u00e4mme kuluikin t\u00e4n\u00e4 vuonna Suomessa, riitti kes\u00e4ist\u00e4 menoa viel\u00e4 Vancouveriin palattuamme ja ehdimmekin nauttia monista metkuista ennen helteiden hiipumista syyskuun lopussa. Mets\u00e4palosavu ei ole ollut t\u00e4n\u00e4 vuonna paha Kes\u00e4n huippukohtia ovat olleet l\u00e4mpim\u00e4t kes\u00e4p\u00e4iv\u00e4t, joita\u2026","rel":"","context":"Kategoriassa &quot;Arki Kanadassa&quot;","block_context":{"text":"Arki Kanadassa","link":"https:\/\/www.vuosiamaailmalla.fi\/blog\/category\/arki-ulkomailla\/arki-kanadassa\/"},"img":{"alt_text":"","src":"https:\/\/i0.wp.com\/www.vuosiamaailmalla.fi\/blog\/wp-content\/uploads\/virkistavia_vesipuistoja_banner.jpg?resize=350%2C200&ssl=1","width":350,"height":200,"srcset":"https:\/\/i0.wp.com\/www.vuosiamaailmalla.fi\/blog\/wp-content\/uploads\/virkistavia_vesipuistoja_banner.jpg?resize=350%2C200&ssl=1 1x, https:\/\/i0.wp.com\/www.vuosiamaailmalla.fi\/blog\/wp-content\/uploads\/virkistavia_vesipuistoja_banner.jpg?resize=525%2C300&ssl=1 1.5x, https:\/\/i0.wp.com\/www.vuosiamaailmalla.fi\/blog\/wp-content\/uploads\/virkistavia_vesipuistoja_banner.jpg?resize=700%2C400&ssl=1 2x"},"classes":[]},{"id":7761,"url":"https:\/\/www.vuosiamaailmalla.fi\/blog\/2016\/nelja-vuotta-kanadassa\/","url_meta":{"origin":9747,"position":2},"title":"Nelj\u00e4 vuotta Kanadassa","author":"Klaus Johansson","date":"21. tammikuuta 2016","format":false,"excerpt":"Tammikuun 21. p\u00e4iv\u00e4 vuonna 2012 on p\u00e4iv\u00e4 jolloin laskeuduin Vancouverin maaper\u00e4lle mukanani nivaska muuttopapereita ja toive aloittaa uusi el\u00e4m\u00e4 Kanadassa. Niina seurasi per\u00e4ss\u00e4 kaksi viikkoa my\u00f6hemmin ja n\u00e4in meill\u00e4 tuleekin nyt t\u00e4yteen jo nelj\u00e4 vuotta t\u00e4\u00e4ll\u00e4 Kanadassa. Se on sangen pitk\u00e4 aika, sill\u00e4 onhan se jo melkein puolet ajasta jonka\u2026","rel":"","context":"Kategoriassa &quot;Arki Kanadassa&quot;","block_context":{"text":"Arki Kanadassa","link":"https:\/\/www.vuosiamaailmalla.fi\/blog\/category\/arki-ulkomailla\/arki-kanadassa\/"},"img":{"alt_text":"","src":"https:\/\/i0.wp.com\/www.vuosiamaailmalla.fi\/blog\/wp-content\/uploads\/kanadan_lippu_banner-1.jpg?resize=350%2C200&ssl=1","width":350,"height":200,"srcset":"https:\/\/i0.wp.com\/www.vuosiamaailmalla.fi\/blog\/wp-content\/uploads\/kanadan_lippu_banner-1.jpg?resize=350%2C200&ssl=1 1x, https:\/\/i0.wp.com\/www.vuosiamaailmalla.fi\/blog\/wp-content\/uploads\/kanadan_lippu_banner-1.jpg?resize=525%2C300&ssl=1 1.5x, https:\/\/i0.wp.com\/www.vuosiamaailmalla.fi\/blog\/wp-content\/uploads\/kanadan_lippu_banner-1.jpg?resize=700%2C400&ssl=1 2x"},"classes":[]},{"id":13857,"url":"https:\/\/www.vuosiamaailmalla.fi\/blog\/2025\/13-vuotta-kanadassa\/","url_meta":{"origin":9747,"position":3},"title":"13 vuotta Kanadassa","author":"Klaus Johansson","date":"21. tammikuuta 2025","format":false,"excerpt":"Tammikuu sek\u00e4 uusi vuosi tarkoittavat, ett\u00e4 mittariin on kilahtanut j\u00e4lleen yksi vuosi lis\u00e4\u00e4 eloa Kanadassa. Ajan nopeaa kulumista ei k\u00e4yk\u00e4\u00e4n kiist\u00e4minen ja mennyt vuosi oli jo kolmastoista vuotemme maassa ja vuoteen mahtui monenlaista mit\u00e4 en osannut vuoden takaisessa kirjoituksessani edes aavistaa tapahtuvan. Vuosi alkoi vuoden ainoalla ty\u00f6matkalla jo tutuksi tulleeseen\u2026","rel":"","context":"Kategoriassa &quot;Arki Kanadassa&quot;","block_context":{"text":"Arki Kanadassa","link":"https:\/\/www.vuosiamaailmalla.fi\/blog\/category\/arki-ulkomailla\/arki-kanadassa\/"},"img":{"alt_text":"","src":"https:\/\/i0.wp.com\/www.vuosiamaailmalla.fi\/blog\/wp-content\/uploads\/kanadan_lippu_banner-1.jpg?resize=350%2C200&ssl=1","width":350,"height":200,"srcset":"https:\/\/i0.wp.com\/www.vuosiamaailmalla.fi\/blog\/wp-content\/uploads\/kanadan_lippu_banner-1.jpg?resize=350%2C200&ssl=1 1x, https:\/\/i0.wp.com\/www.vuosiamaailmalla.fi\/blog\/wp-content\/uploads\/kanadan_lippu_banner-1.jpg?resize=525%2C300&ssl=1 1.5x, https:\/\/i0.wp.com\/www.vuosiamaailmalla.fi\/blog\/wp-content\/uploads\/kanadan_lippu_banner-1.jpg?resize=700%2C400&ssl=1 2x"},"classes":[]},{"id":12801,"url":"https:\/\/www.vuosiamaailmalla.fi\/blog\/2022\/kesaisia-seikkailuja\/","url_meta":{"origin":9747,"position":4},"title":"Kes\u00e4isi\u00e4 seikkailuja","author":"Klaus Johansson","date":"21. elokuuta 2022","format":false,"excerpt":"Kes\u00e4 on Vancouverissa parhaimmillaan ja kuluva kes\u00e4 onkin ollut keleilt\u00e4\u00e4n huomattavasti paria viime kes\u00e4\u00e4 parempi. Vaikka +30 asteen ylitt\u00e4vi\u00e4 l\u00e4mp\u00f6tiloja onkin ollut niin hein\u00e4- kuin elokuussakin useina p\u00e4ivin\u00e4, ei t\u00e4n\u00e4 kes\u00e4n\u00e4 ole koettu historiallisia helleaaltoja. My\u00f6s sadetta on saatu pieni\u00e4 ripauksia niin, ett\u00e4 mets\u00e4palotilanne ei ainakaan t\u00e4ll\u00e4 hetkell\u00e4 ole l\u00e4hellek\u00e4\u00e4n\u2026","rel":"","context":"Kategoriassa &quot;Arki Kanadassa&quot;","block_context":{"text":"Arki Kanadassa","link":"https:\/\/www.vuosiamaailmalla.fi\/blog\/category\/arki-ulkomailla\/arki-kanadassa\/"},"img":{"alt_text":"","src":"https:\/\/i0.wp.com\/www.vuosiamaailmalla.fi\/blog\/wp-content\/uploads\/hauskaa_vesipuistossa_banner.jpg?resize=350%2C200&ssl=1","width":350,"height":200,"srcset":"https:\/\/i0.wp.com\/www.vuosiamaailmalla.fi\/blog\/wp-content\/uploads\/hauskaa_vesipuistossa_banner.jpg?resize=350%2C200&ssl=1 1x, https:\/\/i0.wp.com\/www.vuosiamaailmalla.fi\/blog\/wp-content\/uploads\/hauskaa_vesipuistossa_banner.jpg?resize=525%2C300&ssl=1 1.5x, https:\/\/i0.wp.com\/www.vuosiamaailmalla.fi\/blog\/wp-content\/uploads\/hauskaa_vesipuistossa_banner.jpg?resize=700%2C400&ssl=1 2x"},"classes":[]},{"id":13748,"url":"https:\/\/www.vuosiamaailmalla.fi\/blog\/2024\/18-vuotta-maailmalla\/","url_meta":{"origin":9747,"position":5},"title":"18 vuotta maailmalla","author":"Klaus Johansson","date":"2. syyskuuta 2024","format":false,"excerpt":"Samalla kun kes\u00e4 alkaa k\u00e4\u00e4nty\u00e4 syksyksi, tulee j\u00e4lleen kuluneeksi yksi vuosi lis\u00e4\u00e4 ulkomailla asumista. Elokuun viimeisin\u00e4 p\u00e4ivin\u00e4 tulikin \u00e4skett\u00e4in kuluneeksi jo 18 vuotta siit\u00e4, kun l\u00e4hdimme Saksaan suureen seikkailuun, jolla olemme yh\u00e4 edelleen! N\u00e4it\u00e4 kirjoituksia kirjoittaessa prosessini alkaa yleens\u00e4 aina viimevuotisen kirjoitukseni lukemisella, jotta n\u00e4en mit\u00e4 sit\u00e4 tulikaan ennustettua tulevasta\u2026","rel":"","context":"Kategoriassa &quot;Arki Kanadassa&quot;","block_context":{"text":"Arki Kanadassa","link":"https:\/\/www.vuosiamaailmalla.fi\/blog\/category\/arki-ulkomailla\/arki-kanadassa\/"},"img":{"alt_text":"","src":"","width":0,"height":0},"classes":[]}],"jetpack_featured_media_url":"https:\/\/www.vuosiamaailmalla.fi\/blog\/wp-content\/uploads\/suomen_suvi_banner-2.jpg","_links":{"self":[{"href":"https:\/\/www.vuosiamaailmalla.fi\/blog\/wp-json\/wp\/v2\/posts\/9747","targetHints":{"allow":["GET"]}}],"collection":[{"href":"https:\/\/www.vuosiamaailmalla.fi\/blog\/wp-json\/wp\/v2\/posts"}],"about":[{"href":"https:\/\/www.vuosiamaailmalla.fi\/blog\/wp-json\/wp\/v2\/types\/post"}],"author":[{"embeddable":true,"href":"https:\/\/www.vuosiamaailmalla.fi\/blog\/wp-json\/wp\/v2\/users\/1"}],"replies":[{"embeddable":true,"href":"https:\/\/www.vuosiamaailmalla.fi\/blog\/wp-json\/wp\/v2\/comments?post=9747"}],"version-history":[{"count":1,"href":"https:\/\/www.vuosiamaailmalla.fi\/blog\/wp-json\/wp\/v2\/posts\/9747\/revisions"}],"predecessor-version":[{"id":11179,"href":"https:\/\/www.vuosiamaailmalla.fi\/blog\/wp-json\/wp\/v2\/posts\/9747\/revisions\/11179"}],"wp:featuredmedia":[{"embeddable":true,"href":"https:\/\/www.vuosiamaailmalla.fi\/blog\/wp-json\/wp\/v2\/media\/10884"}],"wp:attachment":[{"href":"https:\/\/www.vuosiamaailmalla.fi\/blog\/wp-json\/wp\/v2\/media?parent=9747"}],"wp:term":[{"taxonomy":"category","embeddable":true,"href":"https:\/\/www.vuosiamaailmalla.fi\/blog\/wp-json\/wp\/v2\/categories?post=9747"},{"taxonomy":"post_tag","embeddable":true,"href":"https:\/\/www.vuosiamaailmalla.fi\/blog\/wp-json\/wp\/v2\/tags?post=9747"}],"curies":[{"name":"wp","href":"https:\/\/api.w.org\/{rel}","templated":true}]}}