{"id":9757,"date":"2018-08-20T21:14:27","date_gmt":"2018-08-21T04:14:27","guid":{"rendered":"http:\/\/13.53.127.146\/?p=9757"},"modified":"2020-09-12T21:12:44","modified_gmt":"2020-09-13T04:12:44","slug":"metsapalokauden-huipentuma","status":"publish","type":"post","link":"https:\/\/www.vuosiamaailmalla.fi\/blog\/2018\/metsapalokauden-huipentuma\/","title":{"rendered":"Mets\u00e4palokauden huipentuma"},"content":{"rendered":"<p style=\"text-align: justify;\">Kes\u00e4t ovat olleet t\u00e4\u00e4ll\u00e4 l\u00e4nsirannikolla viime vuosina <a title=\"Nelj\u00e4n kuukauden kuivuus\" href=\"https:\/\/www.vuosiamaailmalla.fi\/?p=7141\">rutikuivia<\/a>, kun yleens\u00e4 hein\u00e4kuusta syyskuun loppuun ulottuvalla kolmen kuukauden jaksolla saadaan sadetta ehk\u00e4 muutaman kerran. Vaikka kuiva kausi onkin l\u00e4nsirannikolla sangen tyypillinen, on kes\u00e4n mets\u00e4paloista muodostunut viime vuosina eritt\u00e4in vakavia ja paksusta kaiken sis\u00e4\u00e4ns\u00e4 kietovasta savusta on tullut ongelma rannikko-osavaltioiden alueella.<\/p>\n<p><!--more--><\/p>\n<p style=\"text-align: center;\"><a href=\"\/blog\/wp-content\/uploads\/2018\/palovaara_2018.png\"><img decoding=\"async\" src=\"\/blog\/wp-content\/uploads\/2018\/palovaara_2018.png\" \/><\/a><\/p>\n<p style=\"text-align: center;\"><em>Rutikuiva provinssi<\/em><\/p>\n<p style=\"text-align: justify;\">Vaikka meill\u00e4 t\u00e4\u00e4ll\u00e4 kaupungissa itse liekit <a title=\"Fort McMurrayn tulimyrsky\" href=\"https:\/\/www.vuosiamaailmalla.fi\/?p=8234\">eiv\u00e4t uhkaakaan<\/a> (tosin joskus <a title=\"Burns Bog tulessa!\" href=\"https:\/\/www.vuosiamaailmalla.fi\/?p=8299\">n\u00e4inkin voi olla<\/a>), muodostaa sadoista mets\u00e4paloista syntyv\u00e4t savu merkitt\u00e4v\u00e4n terveysongelman miljoonille ihmisille. Alkukes\u00e4st\u00e4 suurimmat mets\u00e4palot roihusivat etel\u00e4ss\u00e4 Kalifornian alueella jopa aivan kaupunkien tuntumassa, mutta sangen kostea kes\u00e4kuu piti liekit kurissa t\u00e4\u00e4ll\u00e4 rajan pohjoispuolella. Tilanne kuitenkin muuttui metsien kuivuttua elokuun alkuun menness\u00e4 ja t\u00e4ll\u00e4 hetkell\u00e4 pelk\u00e4st\u00e4\u00e4n British Columbian alueella roihuaa yli 550 mets\u00e4paloa. Satoja paloja roihuaa my\u00f6s rajan etel\u00e4puolella kaikissa luoteiskulman osavaltioissa. \ud83d\udca1<\/p>\n<p style=\"text-align: center;\"><a href=\"\/blog\/wp-content\/uploads\/2018\/savun_levinneisyys.png\"><img decoding=\"async\" src=\"\/blog\/wp-content\/uploads\/2018\/savun_levinneisyys.png\" \/><\/a><\/p>\n<p style=\"text-align: center;\"><em>Savu verhoaa koko l\u00e4nsirannikkoa<\/em><\/p>\n<p style=\"text-align: justify;\">Vancouver s\u00e4\u00e4styi suurilta savupilvilt\u00e4 aina viime viikon loppuun saakka, jolloin tuulet puhalsivat paksun savun metropolin ylle. Ongelma ei ole kuitenkaan vain Vancouverin vaan savua on <a title=\"Mets\u00e4palosavun saartamana\" href=\"https:\/\/www.vuosiamaailmalla.fi\/?p=9083\">tuhansien kilometrin matkalla<\/a> ja Suomesta kotiin lent\u00e4ess\u00e4mme emme n\u00e4hneet ainuttakaan Kalliovuorten huippua tasaiselta savuvaipalta, vaikka n\u00e4m\u00e4 kohoavatkin jopa 3500 metrin korkeuteen. Dramaattiset savupilvet n\u00e4kyv\u00e4t my\u00f6s hyvin palontorjuntaa tekev\u00e4n lentokoneen kuvaamalta videolta.<\/p>\n<blockquote class=\"instagram-media\" style=\"background: #FFF; border: 0; border-radius: 3px; box-shadow: 0 0 1px 0 rgba(0,0,0,0.5),0 1px 10px 0 rgba(0,0,0,0.15); margin: 1px; max-width: 540px; min-width: 326px; padding: 0; width: calc(100% - 2px);\" data-instgrm-permalink=\"https:\/\/www.instagram.com\/p\/Bmmuc8ZHWyx\/?utm_source=ig_embed\" data-instgrm-version=\"9\">\n<div style=\"padding: 8px;\">\n<div style=\"background: #F8F8F8; line-height: 0; margin-top: 40px; padding: 50% 0; text-align: center; width: 100%;\">\n<div style=\"background: url(data:image\/png; base64,ivborw0kggoaaaansuheugaaacwaaaascamaaaapwqozaaaabgdbtueaalgpc\/xhbqaaaafzukdcak7ohokaaaamuexurczmzpf399fx1+bm5mzy9amaaadisurbvdjlvzxbesmgces5\/p8\/t9furvcrmu73jwlzosgsiizurcjo\/ad+eqjjb4hv8bft+idpqocx1wjosbfhh2xssxeiyn3uli\/6mnree07uiwjev8ueowds88ly97kqytlijkktuybbruayvh5wohixmpi5we58ek028czwyuqdlkpg1bkb4nnm+veanfhqn1k4+gpt6ugqcvu2h2ovuif\/gwufyy8owepdyzsa3avcqpvovvzzz2vtnn2wu8qzvjddeto90gsy9mvlqtgysy231mxry6i2ggqjrty0l8fxcxfcbbhwrsyyaaaaaelftksuqmcc); display: block; height: 44px; margin: 0 auto -44px; position: relative; top: -22px; width: 44px;\"><\/div>\n<\/div>\n<p style=\"color: #c9c8cd; font-family: Arial,sans-serif; font-size: 14px; line-height: 17px; margin-bottom: 0; margin-top: 8px; overflow: hidden; padding: 8px 0 7px; text-align: center; text-overflow: ellipsis; white-space: nowrap;\"><a style=\"color: #c9c8cd; font-family: Arial,sans-serif; font-size: 14px; font-style: normal; font-weight: normal; line-height: 17px; text-decoration: none;\" href=\"https:\/\/www.instagram.com\/p\/Bmmuc8ZHWyx\/?utm_source=ig_embed\" target=\"_blank\" rel=\"noopener noreferrer\">Henkil\u00f6n Zsolt Timar-Geng (@zsoltybear) jakama julkaisu<\/a> <time style=\"font-family: Arial,sans-serif; font-size: 14px; line-height: 17px;\" datetime=\"2018-08-18T03:26:16+00:00\">Elo 17, 2018 kello 8.26 PDT<\/time><\/p>\n<\/div>\n<\/blockquote>\n<p><script async defer src=\"\/\/www.instagram.com\/embed.js\"><\/script><\/p>\n<p style=\"text-align: justify;\"><a title=\"Maailman huonoin ilmanlaatu\" href=\"https:\/\/www.vuosiamaailmalla.fi\/?p=10809\">Ilmanlaatu Vancouverissa<\/a> on vaihdellut koko viikon tunnista toiseen, p\u00e4ivien ollessa harmaita. T\u00e4n\u00e4\u00e4n maanantaina tilanne kuitenkin kehkeytyi poikkeuksellisen pahaksi, kun sankka savu heitti pienhiukkasmittarit yli asteikon. Tilanne parani j\u00e4lleen iltaa kohden, mutta savun on voinut t\u00e4n\u00e4\u00e4n haistaa kaikkialla minne menee ja aurinko on ollut vain oranssi t\u00e4pl\u00e4 harmaalla taivaalla.<\/p>\n<p style=\"text-align: center;\"><a href=\"\/blog\/wp-content\/uploads\/2018\/metsapalosavua_2018_3.jpg\"><img decoding=\"async\" src=\"\/blog\/wp-content\/uploads\/2018\/thumbs\/thumbs_metsapalosavua_2018_3.jpg\" \/><\/a><a href=\"\/blog\/wp-content\/uploads\/2018\/metsapalosavua_2018_4.jpg\"><img decoding=\"async\" src=\"\/blog\/wp-content\/uploads\/2018\/thumbs\/thumbs_metsapalosavua_2018_4.jpg\" \/><\/a><\/p>\n<p style=\"text-align: center;\"><em>Aamun savusumu rikkoi hiukkasenn\u00e4tyksi\u00e4<\/em><\/p>\n<p style=\"text-align: justify;\">Onneksemme asunnossamme on ilmastointi, joten ainakaan savusta ei tarvitse k\u00e4rsi\u00e4 +29 asteen helteess\u00e4 <a title=\"Savun peitt\u00e4m\u00e4 kaupunki\" href=\"https:\/\/www.vuosiamaailmalla.fi\/?p=5914\">kuten vuonna 2015<\/a>. Luvassa on my\u00f6s helpotusta, sill\u00e4 ainakin t\u00e4ll\u00e4 hetkell\u00e4 ennusteet lupaavat <a title=\"Sateen jumalat laupeina\" href=\"https:\/\/www.vuosiamaailmalla.fi\/?p=6863\">sadejumalten paluuta<\/a> jossain kapasiteetissa tulevana viikonloppuna. Suurimmat mets\u00e4palot eiv\u00e4t kuitenkaan tule sammumaan ennen syksyn <a title=\"Taivas aukeni viimeinkin\" href=\"https:\/\/www.vuosiamaailmalla.fi\/?p=818\">varsinaista sadekautta<\/a> ja sitkeimm\u00e4t voivat palaa aina lumen tuloon saakka. Siihen asti onkin vain k\u00e4rvistelt\u00e4v\u00e4. \ud83d\ude15<\/p>\n<p style=\"text-align: center;\"><a href=\"\/blog\/wp-content\/uploads\/2018\/metsapalosavua_2018_2.jpg\"><img decoding=\"async\" src=\"\/blog\/wp-content\/uploads\/2018\/thumbs\/thumbs_metsapalosavua_2018_2.jpg\" \/><\/a><a href=\"\/blog\/wp-content\/uploads\/2018\/metsapalosavua_2018_1.jpg\"><img decoding=\"async\" src=\"\/blog\/wp-content\/uploads\/2018\/thumbs\/thumbs_metsapalosavua_2018_1.jpg\" \/><\/a><\/p>\n<p style=\"text-align: center;\"><em>Illan taivas oli v\u00e4rik\u00e4s<\/em><\/p>\n","protected":false},"excerpt":{"rendered":"<p>Kes\u00e4t ovat olleet t\u00e4\u00e4ll\u00e4 l\u00e4nsirannikolla viime vuosina rutikuivia, kun yleens\u00e4 hein\u00e4kuusta syyskuun loppuun ulottuvalla kolmen kuukauden jaksolla saadaan sadetta ehk\u00e4 muutaman kerran. Vaikka kuiva kausi onkin l\u00e4nsirannikolla sangen tyypillinen, on kes\u00e4n mets\u00e4paloista muodostunut viime vuosina eritt\u00e4in vakavia ja paksusta kaiken sis\u00e4\u00e4ns\u00e4 kietovasta savusta on tullut ongelma rannikko-osavaltioiden alueella.<\/p>\n","protected":false},"author":1,"featured_media":9761,"comment_status":"open","ping_status":"open","sticky":false,"template":"","format":"standard","meta":{"_jetpack_memberships_contains_paid_content":false,"footnotes":""},"categories":[17,3],"tags":[25,34,935,159,875,939],"class_list":["post-9757","post","type-post","status-publish","format-standard","has-post-thumbnail","hentry","category-arki-kanadassa","category-arki-ulkomailla","tag-ajankohtaista","tag-arki","tag-kanada","tag-kesa","tag-metsapalo","tag-vancouver"],"jetpack_featured_media_url":"https:\/\/www.vuosiamaailmalla.fi\/blog\/wp-content\/uploads\/metsapalosavua_2018_banner.jpg","jetpack_sharing_enabled":true,"_links":{"self":[{"href":"https:\/\/www.vuosiamaailmalla.fi\/blog\/wp-json\/wp\/v2\/posts\/9757","targetHints":{"allow":["GET"]}}],"collection":[{"href":"https:\/\/www.vuosiamaailmalla.fi\/blog\/wp-json\/wp\/v2\/posts"}],"about":[{"href":"https:\/\/www.vuosiamaailmalla.fi\/blog\/wp-json\/wp\/v2\/types\/post"}],"author":[{"embeddable":true,"href":"https:\/\/www.vuosiamaailmalla.fi\/blog\/wp-json\/wp\/v2\/users\/1"}],"replies":[{"embeddable":true,"href":"https:\/\/www.vuosiamaailmalla.fi\/blog\/wp-json\/wp\/v2\/comments?post=9757"}],"version-history":[{"count":0,"href":"https:\/\/www.vuosiamaailmalla.fi\/blog\/wp-json\/wp\/v2\/posts\/9757\/revisions"}],"wp:featuredmedia":[{"embeddable":true,"href":"https:\/\/www.vuosiamaailmalla.fi\/blog\/wp-json\/wp\/v2\/media\/9761"}],"wp:attachment":[{"href":"https:\/\/www.vuosiamaailmalla.fi\/blog\/wp-json\/wp\/v2\/media?parent=9757"}],"wp:term":[{"taxonomy":"category","embeddable":true,"href":"https:\/\/www.vuosiamaailmalla.fi\/blog\/wp-json\/wp\/v2\/categories?post=9757"},{"taxonomy":"post_tag","embeddable":true,"href":"https:\/\/www.vuosiamaailmalla.fi\/blog\/wp-json\/wp\/v2\/tags?post=9757"}],"curies":[{"name":"wp","href":"https:\/\/api.w.org\/{rel}","templated":true}]}}