{"id":9771,"date":"2018-09-01T12:56:53","date_gmt":"2018-09-01T19:56:53","guid":{"rendered":"http:\/\/13.53.127.146\/?p=9771"},"modified":"2023-09-03T12:32:58","modified_gmt":"2023-09-03T19:32:58","slug":"12-vuotta-maailmalla","status":"publish","type":"post","link":"https:\/\/www.vuosiamaailmalla.fi\/blog\/2018\/12-vuotta-maailmalla\/","title":{"rendered":"12 vuotta maailmalla"},"content":{"rendered":"<p style=\"text-align: justify;\">Vuodet ne vieriv\u00e4t ja numero otsikon edess\u00e4 jatkaa kasvuaan. Eilen tuli kuluneeksi tasan 12 vuotta siit\u00e4, kun j\u00e4timme Niinan kanssa Suomen kamaran ja <a title=\"Perill\u00e4 Dortmundissa!\" href=\"https:\/\/www.vuosiamaailmalla.fi\/?p=599\">muutimme Dortmundiin<\/a>. Dortmundissa vier\u00e4ht\u00e4nyt vuosi on mieless\u00e4mme en\u00e4\u00e4 vain hajanaisia muistoja ja viime aikoina my\u00f6s Saksassa vietetyt reilut <a title=\"Viisi vuotta Saksassa\" href=\"https:\/\/www.vuosiamaailmalla.fi\/?p=602\">viisi vuotta<\/a>\u00a0ovat alkaneet tuntua nostalgisilta, kun olemme olleet t\u00e4\u00e4ll\u00e4 Kanadassa jo <a title=\"Kuusi vuotta Kanadassa\" href=\"https:\/\/www.vuosiamaailmalla.fi\/?p=9436\">kuusi ja puoli vuotta<\/a>.<\/p>\n<p><!--more--><\/p>\n<p style=\"text-align: justify;\">El\u00e4m\u00e4mme tuntuu kulkevan kolmen vuoden sykleiss\u00e4 ja mennyt vuosi on ollut vuosien <a title=\"Yhden aikakauden p\u00e4\u00e4t\u00f6s ja uuden alku\" href=\"https:\/\/www.vuosiamaailmalla.fi\/?p=1567\">2012<\/a> ja <a title=\"Sapatin loppu\" href=\"https:\/\/www.vuosiamaailmalla.fi\/?p=8186\">2015<\/a>\u00a0tapaan j\u00e4lleen myllerryksi\u00e4 t\u00e4ynn\u00e4. Melkein tasan vuosi sitten saimme kuulla, ett\u00e4 asuttamamme upea kattohuoneisto on myynniss\u00e4 ja eritt\u00e4in pitk\u00e4n myyntiprosessin j\u00e4lkeen muutimme kaksi kuukautta sitten j\u00e4lleen v\u00e4liaikaiseen asuntoon. Vaikka paluu ydinkeskustaan olikin mukavaa, on v\u00e4liaikainen juuri sit\u00e4 mit\u00e4 nimikin kertoo, eik\u00e4 meill\u00e4 ole t\u00e4t\u00e4 kirjoittaessa aavistustakaan mist\u00e4 l\u00f6yd\u00e4mme pysyv\u00e4n asunnon, vuokramarkkinoiden ollessa \u00e4\u00e4rett\u00f6m\u00e4n tiukat.<\/p>\n<p style=\"text-align: center;\"><a href=\"\/blog\/wp-content\/uploads\/2018\/metrotown_kesapanoraama1.jpg\"><img decoding=\"async\" src=\"\/blog\/wp-content\/uploads\/2018\/metrotown_kesapanoraama1.jpg\" \/><\/a><\/p>\n<p style=\"text-align: center;\"><em>Kattohuoneistoel\u00e4m\u00e4 tuli p\u00e4\u00e4t\u00f6kseen<\/em><\/p>\n<p style=\"text-align: justify;\">Vuosi sitten Niina eli ty\u00f6el\u00e4m\u00e4ss\u00e4 kiintoisia aikoja ja syksyn \u00e4\u00e4rimm\u00e4isen hyvi\u00e4 uutisia seurasi kev\u00e4\u00e4ll\u00e4 todella yll\u00e4tt\u00e4v\u00e4t uutiset, joiden my\u00f6t\u00e4 kuviot meniv\u00e4t j\u00e4lleen uusiksi. Olemme kuitenkin kokeneet kymmenen vuoden ty\u00f6urallamme jo niin monenlaista ep\u00e4varmuutta, ett\u00e4 kaikista tilanteista tulee selviydytty\u00e4, mutta on silti pakko sanoa, ett\u00e4 vuoden aikana moni asia muuttui oletetusta.<\/p>\n<p style=\"text-align: justify;\">Myllerryksen vuosi jatkuu siis edelleenkin ja osin sen takia emme ole ehtineet ja my\u00f6sk\u00e4\u00e4n jaksaneet matkustella aivan viime vuosien tahdilla. Viime joulun suuri l\u00e4ntisen tyynenmeren saarikierros oli toki eeppinen (ja p\u00e4\u00e4tyy toivottavasti joku p\u00e4iv\u00e4 t\u00e4nne blogiinkin), mutta sen p\u00e4\u00e4lle olemme k\u00e4yneet ainoastaan <a title=\"V\u00e4h\u00e4luminen hiihtoloma Utahissa\" href=\"https:\/\/www.vuosiamaailmalla.fi\/?p=9699\">Utahissa laskettelureissulla<\/a>. Menneen kes\u00e4n kohokohta oli <a title=\"Kes\u00e4matkailua Suomessa\" href=\"https:\/\/www.vuosiamaailmalla.fi\/?p=9803\">kes\u00e4loma Suomessa<\/a>, joka oli itsell\u00e4ni ensimm\u00e4inen kerta Suomessa kes\u00e4aikaan per\u00e4ti seitsem\u00e4\u00e4n vuoteen.<\/p>\n<p style=\"text-align: center;\"><a href=\"\/blog\/wp-content\/uploads\/2018\/bikendrik_island_panoraama2.jpg\"><img decoding=\"async\" src=\"\/blog\/wp-content\/uploads\/2018\/bikendrik_island_panoraama2.jpg\" \/><\/a><\/p>\n<p style=\"text-align: center;\"><em>Lomalla kaukana kotoa<\/em><\/p>\n<p style=\"text-align: justify;\">Ajan viett\u00e4minen Suomessa on aina hieman kahtiajakoista, sill\u00e4 tuttujen ihmisten ja paikkojen n\u00e4keminen on mukavaa, mutta joka kerta sit\u00e4 tajuaa samalla my\u00f6s miten paljon kaikki on muuttunut ja miten erilailla niit\u00e4 tuttujakin asioita tarkastelee oltuaan jo n\u00e4inkin pitk\u00e4\u00e4n &#8221;maailmankansalaisena&#8221;. Vaikka Suomessakin kehitys vie asioita eteenp\u00e4in, tuntuvat monet sik\u00e4l\u00e4iset asiat silti kovin pienilt\u00e4 ja verkkaisilta, mik\u00e4 ei ole mik\u00e4\u00e4n huono asia, mutta se on huomio mink\u00e4 tekee vuosi vuodelta selvemmin.<\/p>\n<p style=\"text-align: justify;\">Mit\u00e4 nyt jo alkanut <a title=\"13 vuotta maailmalla\" href=\"https:\/\/www.vuosiamaailmalla.fi\/blog\/2019\/13-vuotta-maailmalla\/\">kolmastoista vuosi<\/a> mahtaakaan tuoda tullessaan? Toivottavasti l\u00f6yd\u00e4mme sen alkupuolella ainakin uuden mukavan kodin ja el\u00e4m\u00e4mme sit\u00e4 kautta taas vakiintuu joksikin aikaa. Yksi suuri tekij\u00e4 tulee olemaan hyvin todenn\u00e4k\u00f6isesti ensi vuonna saatava <a title=\"Uunituoreet Kanadan kansalaiset\" href=\"https:\/\/www.vuosiamaailmalla.fi\/?p=10088\">Kanadan kansalaisuus<\/a>, jonka vaikutusta omaan ajatteluun ja tuntemuksiin tulee olla kiintoisa tutkailla. Vancouverin alue s\u00e4ilynee varmasti my\u00f6s kotinamme, vaikka senkin mielekkyytt\u00e4 tulee joskus ajatelleeksi kalliita asuntoja tuskastellessa. Onneksi t\u00e4llaiset ajatukset haihtuvat kuitenkin heti kun vain l\u00e4htee ulos upeaan luontoon tai laskettelukausi py\u00f6r\u00e4ht\u00e4\u00e4 taas k\u00e4yntiin.<\/p>\n","protected":false},"excerpt":{"rendered":"<p>Vuodet ne vieriv\u00e4t ja numero otsikon edess\u00e4 jatkaa kasvuaan. Eilen tuli kuluneeksi tasan 12 vuotta siit\u00e4, kun j\u00e4timme Niinan kanssa Suomen kamaran ja muutimme Dortmundiin. Dortmundissa vier\u00e4ht\u00e4nyt vuosi on mieless\u00e4mme en\u00e4\u00e4 vain hajanaisia muistoja ja viime aikoina my\u00f6s Saksassa vietetyt reilut viisi vuotta\u00a0ovat alkaneet tuntua nostalgisilta, kun olemme olleet t\u00e4\u00e4ll\u00e4 Kanadassa jo kuusi ja puoli &hellip; <a href=\"https:\/\/www.vuosiamaailmalla.fi\/blog\/2018\/12-vuotta-maailmalla\/\" class=\"more-link\">Jatka lukemista<span class=\"screen-reader-text\"> &#8221;12 vuotta maailmalla&#8221;<\/span><\/a><\/p>\n","protected":false},"author":1,"featured_media":0,"comment_status":"open","ping_status":"open","sticky":false,"template":"","format":"standard","meta":{"_jetpack_memberships_contains_paid_content":false,"footnotes":""},"categories":[3,4,13],"tags":[25,34,935,198,207,939],"class_list":["post-9771","post","type-post","status-publish","format-standard","hentry","category-arki-ulkomailla","category-asuminen-kanadassa","category-tyoskentely-kanadassa","tag-ajankohtaista","tag-arki","tag-kanada","tag-suomi","tag-tyo","tag-vancouver"],"jetpack_featured_media_url":"","jetpack_sharing_enabled":true,"_links":{"self":[{"href":"https:\/\/www.vuosiamaailmalla.fi\/blog\/wp-json\/wp\/v2\/posts\/9771","targetHints":{"allow":["GET"]}}],"collection":[{"href":"https:\/\/www.vuosiamaailmalla.fi\/blog\/wp-json\/wp\/v2\/posts"}],"about":[{"href":"https:\/\/www.vuosiamaailmalla.fi\/blog\/wp-json\/wp\/v2\/types\/post"}],"author":[{"embeddable":true,"href":"https:\/\/www.vuosiamaailmalla.fi\/blog\/wp-json\/wp\/v2\/users\/1"}],"replies":[{"embeddable":true,"href":"https:\/\/www.vuosiamaailmalla.fi\/blog\/wp-json\/wp\/v2\/comments?post=9771"}],"version-history":[{"count":2,"href":"https:\/\/www.vuosiamaailmalla.fi\/blog\/wp-json\/wp\/v2\/posts\/9771\/revisions"}],"predecessor-version":[{"id":13258,"href":"https:\/\/www.vuosiamaailmalla.fi\/blog\/wp-json\/wp\/v2\/posts\/9771\/revisions\/13258"}],"wp:attachment":[{"href":"https:\/\/www.vuosiamaailmalla.fi\/blog\/wp-json\/wp\/v2\/media?parent=9771"}],"wp:term":[{"taxonomy":"category","embeddable":true,"href":"https:\/\/www.vuosiamaailmalla.fi\/blog\/wp-json\/wp\/v2\/categories?post=9771"},{"taxonomy":"post_tag","embeddable":true,"href":"https:\/\/www.vuosiamaailmalla.fi\/blog\/wp-json\/wp\/v2\/tags?post=9771"}],"curies":[{"name":"wp","href":"https:\/\/api.w.org\/{rel}","templated":true}]}}