{"id":9775,"date":"2018-09-05T15:24:04","date_gmt":"2018-09-05T22:24:04","guid":{"rendered":"http:\/\/13.53.127.146\/?p=9775"},"modified":"2021-07-25T17:09:59","modified_gmt":"2021-07-26T00:09:59","slug":"vancouverin-tulevat-portinvartijat","status":"publish","type":"post","link":"https:\/\/www.vuosiamaailmalla.fi\/blog\/2018\/vancouverin-tulevat-portinvartijat\/","title":{"rendered":"Vancouverin tulevat portinvartijat"},"content":{"rendered":"<p style=\"text-align: justify;\">Kirjoitin <a title=\"Vancouver House ottaa muotoa\" href=\"https:\/\/www.vuosiamaailmalla.fi\/?p=9294\">viime vuoden kev\u00e4\u00e4n\u00e4<\/a> tuolloin viel\u00e4 muotoaan ottavasta 52-kerroksisesta <em>Vancouver House<\/em> nimell\u00e4 tunnetusta pilvenpiirt\u00e4j\u00e4st\u00e4, jota rakennetaan parhaillaan keskustan etel\u00e4osaan. 151,5 korkean rakennuksen erottaa normaalista pilvenpiirt\u00e4j\u00e4st\u00e4 sen poikkeuksellinen pohjaratkaisu, jossa l\u00e4hes kolmionmuotoisella tontilla sijaitseva <a title=\"Kilpailu korkeimmasta pilvenpiirt\u00e4j\u00e4st\u00e4\" href=\"https:\/\/www.vuosiamaailmalla.fi\/?p=11013\">korkea torni<\/a> kaartuu yl\u00f6sp\u00e4in ment\u00e4ess\u00e4 nelikulmaiseksi, j\u00e4tt\u00e4en yhden rakennuksen reunoista roikkumaan korkealla <em>Granville Bridgen<\/em> yl\u00e4puolella.<\/p>\n<p><!--more--><\/p>\n<p style=\"text-align: center;\"><a href=\"\/blog\/wp-content\/uploads\/2015\/vancouver_house_render1.jpg\"><img decoding=\"async\" src=\"\/blog\/wp-content\/uploads\/2015\/vancouver_house_render1.jpg\" \/><\/a><\/p>\n<p style=\"text-align: center;\"><em>Kymmenisen kerrosta huipulle<\/em><\/p>\n<p style=\"text-align: justify;\">Rakennus on osa Granville Bridgen ymp\u00e4rist\u00f6n <a title=\"Granville Bridgen seudun tulevaisuus\" href=\"https:\/\/www.vuosiamaailmalla.fi\/?p=1300\">suuria suunnitelmia<\/a>, jonka my\u00f6t\u00e4 alueelle on viime vuosina noussut lukuisia korkeita tornitaloja. Uudet rakennukset t\u00e4ydent\u00e4v\u00e4tkin loistavasti t\u00e4llaista muutoin <a title=\"Kaaritorni Arc nousi huippuunsa\" href=\"https:\/\/www.vuosiamaailmalla.fi\/?p=10032\">hankalasti hy\u00f6dynnett\u00e4v\u00e4\u00e4 aluetta<\/a>, jota halkovat sillalle johtavat suuret moottoritierampit. Alunperinh\u00e4n Granville Bridgen oli m\u00e4\u00e4r\u00e4 olla keskustaan etel\u00e4st\u00e4 tulevan suuren moottoritien p\u00e4\u00e4tepiste, mutta vain silta tuli ja moottoritie j\u00e4i rakentamatta. Nyt ramppien v\u00e4leihin nousee matalia toimistotaloja ja siltakannen alapuolelle visioidaan ravintoloita sek\u00e4 julkista taidetta.<\/p>\n<p style=\"text-align: justify;\">Edellisen kerran rakennuksesta kirjoittaessani sen tulevaa muotoa ei voinut viel\u00e4 t\u00e4ysin n\u00e4hd\u00e4, mutta nyt viimeisten kerrosten h\u00e4\u00e4m\u00f6tt\u00e4ess\u00e4 sen kaartuva muoto tulee hyvin esiin. Huomattavasti ymp\u00e4rist\u00f6\u00e4\u00e4n korkeampana Vancouver House ottaa selv\u00e4sti paikkansa maamerkkin\u00e4 ja kiinnitt\u00e4\u00e4 siltaa ylitt\u00e4vien katseen etenkin, kun muoto tulee kunnolla esiin vasta l\u00e4hemp\u00e4n\u00e4.<\/p>\n<p style=\"text-align: center;\"><a href=\"\/blog\/wp-content\/uploads\/2018\/vancouver_house27.jpg\"><img decoding=\"async\" src=\"\/blog\/wp-content\/uploads\/2018\/thumbs\/thumbs_vancouver_house27.jpg\" \/><\/a><a href=\"\/blog\/wp-content\/uploads\/2018\/vancouver_house35.jpg\"><img decoding=\"async\" src=\"\/blog\/wp-content\/uploads\/2018\/thumbs\/thumbs_vancouver_house35.jpg\" \/><\/a><a href=\"\/blog\/wp-content\/uploads\/2018\/vancouver_house33.jpg\"><img decoding=\"async\" src=\"\/blog\/wp-content\/uploads\/2018\/thumbs\/thumbs_vancouver_house33.jpg\" \/><\/a><\/p>\n<p style=\"text-align: center;\"><em>Muoto tulee esiin vasta l\u00e4hemp\u00e4\u00e4<\/em><\/p>\n<p style=\"text-align: justify;\">Rakennusprojekteissa havainnekuvat ovat aina kauniita maisemia t\u00e4ynn\u00e4, mutta ainainen pelko varsinkin keskeisiss\u00e4 projekteissa on viimeistelyn laatu sek\u00e4 k\u00e4ytetyt pintamateriaalit. Huojentavasti Vancouver Housesta n\u00e4ytt\u00e4\u00e4 kuitenkin tulevan alusta loppuun saakka korkealuokkainen, eik\u00e4 rakennuksen ulkopinnoissa n\u00e4hd\u00e4 halpaa lasitusta. Ulkomuoto on todella ainutlaatuinen, jopa maailman mittakaavassa ja vancouverilaiset kyll\u00e4 tiet\u00e4v\u00e4t mist\u00e4 rakennuksesta on kyse kun siit\u00e4 tulee puhetta.<\/p>\n<p style=\"text-align: center;\"><a href=\"\/blog\/wp-content\/uploads\/2018\/vancouver_house30.jpg\"><img decoding=\"async\" src=\"\/blog\/wp-content\/uploads\/2018\/vancouver_house30.jpg\" \/><\/a><\/p>\n<p style=\"text-align: center;\"><em>K\u00e4ytetyt materiaalit ovat korkealuokkaisia<\/em><\/p>\n<p style=\"text-align: justify;\">Vaikka kerroksia puuttuukin viel\u00e4 jonkin verran, voi rakennuksesta jo povata mestariteosta, joka tulee esiintym\u00e4\u00e4n lukuisissa Vancouverista otetuissa valokuvissa.\u00a0Huippuarkkitehtuuria on tulossa l\u00e4hivuosina kuitenkin Vancouveriin lis\u00e4\u00e4, sill\u00e4 erityisesti Coal Harbourin l\u00e4nsip\u00e4\u00e4h\u00e4n rakentuvan <a title=\"Wow-arkkitehtuuri valtasi Vancouverin\" href=\"https:\/\/www.vuosiamaailmalla.fi\/?p=5266\">alueen suunnitelmat<\/a> ovat melkoisen hurjia.<\/p>\n<p style=\"text-align: center;\"><a href=\"\/blog\/wp-content\/uploads\/2018\/vancouver_house_hi-res7.jpg\"><img decoding=\"async\" src=\"\/blog\/wp-content\/uploads\/2018\/thumbs\/thumbs_vancouver_house_hi-res7.jpg\" \/><\/a><a href=\"\/blog\/wp-content\/uploads\/2018\/vancouver_house_hi-res3.jpg\"><img decoding=\"async\" src=\"\/blog\/wp-content\/uploads\/2018\/thumbs\/thumbs_vancouver_house_hi-res3.jpg\" \/><\/a><a href=\"\/blog\/wp-content\/uploads\/2018\/vancouver_house_hi-res8.jpg\"><img decoding=\"async\" src=\"\/blog\/wp-content\/uploads\/2018\/thumbs\/thumbs_vancouver_house_hi-res8.jpg\" \/><\/a><br \/>\n<a href=\"\/blog\/wp-content\/uploads\/2018\/vancouver_house_hi-res6.jpg\"><img decoding=\"async\" src=\"\/blog\/wp-content\/uploads\/2018\/thumbs\/thumbs_vancouver_house_hi-res6.jpg\" \/><\/a><a href=\"\/blog\/wp-content\/uploads\/2018\/vancouver_house_hi-res4.jpg\"><img decoding=\"async\" src=\"\/blog\/wp-content\/uploads\/2018\/thumbs\/thumbs_vancouver_house_hi-res4.jpg\" \/><\/a><a href=\"\/blog\/wp-content\/uploads\/2018\/vancouver_house_hi-res5.jpg\"><img decoding=\"async\" src=\"\/blog\/wp-content\/uploads\/2018\/thumbs\/thumbs_vancouver_house_hi-res5.jpg\" \/><\/a><\/p>\n<p style=\"text-align: center;\"><em>Todellinen katseenvangitsija<\/em><\/p>\n<p style=\"text-align: justify;\">My\u00f6s paljon l\u00e4hemp\u00e4n\u00e4, vain siltakannen toisella puolella, tulee pian tapahtumaan, sill\u00e4 t\u00e4ll\u00e4 hetkell\u00e4 vasta\u00a0<em>601 Beach Crescent<\/em>\u00a0nimell\u00e4 tunnetulle tontille on esitelty tuleva uudisrakennus. Arkkitehtiens\u00e4 mukaan tanssista inspiraatiota ammentavasta 163-metrisest\u00e4 ja 52-kerroksisesta sirosta pilvenpiirt\u00e4j\u00e4st\u00e4 tulee Vancouver Housea aavistuksen korkeampi ja toteutuessaan hyv\u00e4 pari keskustan etel\u00e4laidan sis\u00e4\u00e4ntuloportiksi.<\/p>\n<p style=\"text-align: center;\"><a href=\"\/blog\/wp-content\/uploads\/2018\/601_beach_crescent3.jpg\"><img decoding=\"async\" src=\"\/blog\/wp-content\/uploads\/2018\/thumbs\/thumbs_601_beach_crescent3.jpg\" \/><\/a><a href=\"\/blog\/wp-content\/uploads\/2018\/601_beach_crescent1.jpg\"><img decoding=\"async\" src=\"\/blog\/wp-content\/uploads\/2018\/thumbs\/thumbs_601_beach_crescent1.jpg\" \/><\/a><\/p>\n<p style=\"text-align: center;\"><em>Tanssiva pilvenpiirt\u00e4j\u00e4<\/em><\/p>\n<p style=\"text-align: center;\"><a href=\"\/blog\/wp-content\/uploads\/2018\/601_beach_crescent2.jpg\"><img decoding=\"async\" src=\"\/blog\/wp-content\/uploads\/2018\/601_beach_crescent2.jpg\" \/><\/a><\/p>\n<p style=\"text-align: center;\"><em>Upea pari portinvartijoiksi<\/em><\/p>\n<p style=\"text-align: justify;\">Melkoisen kiintoisia aikoja on siis tiedossa meille <a title=\"Kiivasta rakentamista Downtownissa\" href=\"https:\/\/www.vuosiamaailmalla.fi\/blog\/2021\/kiivasta-rakentamista-downtownissa\/\">kiehtovia rakennusprojekteja<\/a> suurella kiinnolla seuraaville!<\/p>\n","protected":false},"excerpt":{"rendered":"<p>Kirjoitin viime vuoden kev\u00e4\u00e4n\u00e4 tuolloin viel\u00e4 muotoaan ottavasta 52-kerroksisesta Vancouver House nimell\u00e4 tunnetusta pilvenpiirt\u00e4j\u00e4st\u00e4, jota rakennetaan parhaillaan keskustan etel\u00e4osaan. 151,5 korkean rakennuksen erottaa normaalista pilvenpiirt\u00e4j\u00e4st\u00e4 sen poikkeuksellinen pohjaratkaisu, jossa l\u00e4hes kolmionmuotoisella tontilla sijaitseva korkea torni kaartuu yl\u00f6sp\u00e4in ment\u00e4ess\u00e4 nelikulmaiseksi, j\u00e4tt\u00e4en yhden rakennuksen reunoista roikkumaan korkealla Granville Bridgen yl\u00e4puolella.<\/p>\n","protected":false},"author":1,"featured_media":9776,"comment_status":"open","ping_status":"open","sticky":false,"template":"","format":"standard","meta":{"_jetpack_memberships_contains_paid_content":false,"footnotes":""},"categories":[17,3],"tags":[229,418,935,301,939,849,215,442],"class_list":["post-9775","post","type-post","status-publish","format-standard","has-post-thumbnail","hentry","category-arki-kanadassa","category-arki-ulkomailla","tag-arkkitehtuuri","tag-granville-bridge","tag-kanada","tag-rakennustyomaa","tag-vancouver","tag-vancouver-house","tag-vancouver-yaletown","tag-visioita"],"jetpack_featured_media_url":"https:\/\/www.vuosiamaailmalla.fi\/blog\/wp-content\/uploads\/vancouver_house_rakenteilla_banner.jpg","jetpack_sharing_enabled":true,"_links":{"self":[{"href":"https:\/\/www.vuosiamaailmalla.fi\/blog\/wp-json\/wp\/v2\/posts\/9775","targetHints":{"allow":["GET"]}}],"collection":[{"href":"https:\/\/www.vuosiamaailmalla.fi\/blog\/wp-json\/wp\/v2\/posts"}],"about":[{"href":"https:\/\/www.vuosiamaailmalla.fi\/blog\/wp-json\/wp\/v2\/types\/post"}],"author":[{"embeddable":true,"href":"https:\/\/www.vuosiamaailmalla.fi\/blog\/wp-json\/wp\/v2\/users\/1"}],"replies":[{"embeddable":true,"href":"https:\/\/www.vuosiamaailmalla.fi\/blog\/wp-json\/wp\/v2\/comments?post=9775"}],"version-history":[{"count":2,"href":"https:\/\/www.vuosiamaailmalla.fi\/blog\/wp-json\/wp\/v2\/posts\/9775\/revisions"}],"predecessor-version":[{"id":12366,"href":"https:\/\/www.vuosiamaailmalla.fi\/blog\/wp-json\/wp\/v2\/posts\/9775\/revisions\/12366"}],"wp:featuredmedia":[{"embeddable":true,"href":"https:\/\/www.vuosiamaailmalla.fi\/blog\/wp-json\/wp\/v2\/media\/9776"}],"wp:attachment":[{"href":"https:\/\/www.vuosiamaailmalla.fi\/blog\/wp-json\/wp\/v2\/media?parent=9775"}],"wp:term":[{"taxonomy":"category","embeddable":true,"href":"https:\/\/www.vuosiamaailmalla.fi\/blog\/wp-json\/wp\/v2\/categories?post=9775"},{"taxonomy":"post_tag","embeddable":true,"href":"https:\/\/www.vuosiamaailmalla.fi\/blog\/wp-json\/wp\/v2\/tags?post=9775"}],"curies":[{"name":"wp","href":"https:\/\/api.w.org\/{rel}","templated":true}]}}