{"id":9780,"date":"2018-09-09T11:43:50","date_gmt":"2018-09-09T18:43:50","guid":{"rendered":"http:\/\/13.53.127.146\/?p=9780"},"modified":"2018-09-09T11:43:50","modified_gmt":"2018-09-09T18:43:50","slug":"yaletown-sai-varia","status":"publish","type":"post","link":"https:\/\/www.vuosiamaailmalla.fi\/blog\/2018\/yaletown-sai-varia\/","title":{"rendered":"Yaletown sai v\u00e4ri\u00e4"},"content":{"rendered":"<p style=\"text-align: justify;\">Vancouverin kaupunkisuunnittelu on saanut maailmalla paljon kiitosta, mutta n\u00e4in paikallisen n\u00e4k\u00f6kulmasta se on todella ennakoitavaa ja useissa asioissa tiettyihin muotteihin kangistunutta. Varsinkin ydinkeskustan alueella kaikkea rakentamista s\u00e4\u00e4telev\u00e4t tarkat rakennuss\u00e4\u00e4d\u00f6kset, jotka m\u00e4\u00e4r\u00e4\u00e4v\u00e4t muun muassa rakennusten korkeudesta, muodosta sek\u00e4 ulkopintojen materiaaleista. Kaikesta ehdotetusta pit\u00e4\u00e4 my\u00f6s j\u00e4rjest\u00e4\u00e4 julkinen kuulemistilaisuus, jossa alueen asukkaat voivat antaa mielipiteens\u00e4 ennen rakennusluvan lopullista hyv\u00e4ksymist\u00e4.<\/p>\n<p><!--more--><\/p>\n<p style=\"text-align: justify;\">T\u00e4m\u00e4 on johtanut vuosien varrella siihen, ett\u00e4 rakennusliikkeet ovat pid\u00e4tt\u00e4ytyneet <a title=\"Vancouverin tulevat portinvartijat\" href=\"https:\/\/www.vuosiamaailmalla.fi\/?p=9775\">r\u00e4ikeiden ehdotusten<\/a> tekemisest\u00e4 ja luottaneet tuttuihin ja turvallisiin ratkaisuihin, joille tiedet\u00e4\u00e4n saatavan kaupungin hyv\u00e4ksynt\u00e4 helposti. Kaupungin puolella t\u00e4rkein\u00e4 on pidetty sellaisia asioita kuten n\u00e4k\u00f6k\u00e4yt\u00e4v\u00e4t (eng. <em>View Cones<\/em>), jotka ovat esteett\u00f6mi\u00e4 n\u00e4k\u00f6yhteyksi\u00e4 tiettyjen n\u00e4k\u00f6pisteiden sek\u00e4 merkitt\u00e4vien vuortenhuippujen v\u00e4lill\u00e4. Julkisivuissa r\u00e4ike\u00e4\u00e4 ymp\u00e4rist\u00f6st\u00e4 erottumista on pidetty paheksuttavana, se kun vie huomiota pois vuorilta sek\u00e4 ymp\u00e4r\u00f6iv\u00e4lt\u00e4 luonnolta. \ud83d\ude44<\/p>\n<p style=\"text-align: center;\"><a href=\"\/blog\/wp-content\/uploads\/2012\/cambie_bridge_panoraama2.jpg\"><img decoding=\"async\" src=\"\/blog\/wp-content\/uploads\/2012\/cambie_bridge_panoraama2_pieni.jpg\" \/><\/a><\/p>\n<p style=\"text-align: center;\"><em>Postikorttimaisema on sangen v\u00e4rit\u00f6n<\/em><\/p>\n<p style=\"text-align: justify;\">Olen jopa lukenut, ett\u00e4 Coal Harbourin alueella muuta keskustaa yleisempi vihert\u00e4v\u00e4 lasitus on ollut kaupungin suosittelemaa ratkaisu, <em>&#8221;joka johdattaa ajatuksen urbaanista kaupungista Stanley Parkin vehreyteen&#8221;<\/em>. Muualla keskustassa yleinen kirkas lasi sek\u00e4 harmahtavat sein\u00e4materiaalit puolestaan auttavat kaupunkikuvaa <em>&#8221;sulautumaan pehme\u00e4sti taivaan kanssa&#8221;<\/em>. Melkoista h\u00f6tt\u00f6\u00e4 siis, mutta t\u00e4llaisen ajattelun lopputuloksena joistakin samalla vuosikymmenell\u00e4 rakennetuista alueista on tullut sangen v\u00e4ritt\u00f6mi\u00e4 ja monotoonia.<\/p>\n<p style=\"text-align: justify;\">T\u00e4m\u00e4 ei tietenk\u00e4\u00e4n ole koko totuus, sill\u00e4 Vancouverin keskustasta l\u00f6ytyy paljon vaihtelua ja jopa v\u00e4ri\u00e4, jos vain katsoo rannoilla kohoavien lasisten tornitalojen taakse. Valitettavasti kuitenkin juuri n\u00e4m\u00e4 haaleat tornit muodostavat monet postikorttimaisemissamme, levitt\u00e4en mielikuvaa pelk\u00e4st\u00e4\u00e4n lasisesta kaupungista. \ud83d\ude15<\/p>\n<p style=\"text-align: center;\"><a href=\"\/blog\/wp-content\/uploads\/2018\/yaletown_panoraama1.jpg\"><img decoding=\"async\" src=\"\/blog\/wp-content\/uploads\/2018\/yaletown_panoraama1_pieni.jpg\" \/><\/a><\/p>\n<p style=\"text-align: center;\"><em>Tornien taustalta l\u00f6ytyy my\u00f6s v\u00e4ri\u00e4<\/em><\/p>\n<p style=\"text-align: justify;\">T\u00e4t\u00e4 taustaa vasten olikin melkoinen yll\u00e4tys, kun juuri valmistuneen uuden 43-kerroksisen tornitalojen kylkeen ilmestyi vain er\u00e4\u00e4n\u00e4 p\u00e4iv\u00e4n\u00e4 j\u00e4ttim\u00e4inen, per\u00e4ti 127 metri\u00e4 korkea v\u00e4rik\u00e4s sein\u00e4maalaus. T\u00e4m\u00e4 paikallisen taiteilijan luomus kantaa nime\u00e4 <em>&#8221;Finger Paint&#8221;<\/em>, mik\u00e4 tulee <em>&#8221;tutkielmasta digitaalisen ja analoogisen v\u00e4lisest\u00e4 yhteydest\u00e4, ilment\u00e4en mittasuhteita, v\u00e4rej\u00e4 sek\u00e4 erilaisia pintoja ja kuvioita&#8221;<\/em>. Suomeksi sanottuna, taiteilija on tuhertanut kuvioita kosketusn\u00e4yt\u00f6lle. \ud83d\ude44<\/p>\n<p style=\"text-align: center;\"><a href=\"\/blog\/wp-content\/uploads\/2018\/yaletownin_varilaiska6.jpg\"><img decoding=\"async\" src=\"\/blog\/wp-content\/uploads\/2018\/thumbs\/thumbs_yaletownin_varilaiska6.jpg\" \/><\/a><a href=\"\/blog\/wp-content\/uploads\/2018\/yaletownin_varilaiska8.jpg\"><img decoding=\"async\" src=\"\/blog\/wp-content\/uploads\/2018\/thumbs\/thumbs_yaletownin_varilaiska8.jpg\" \/><\/a><\/p>\n<p style=\"text-align: center;\"><em>Uusi sein\u00e4maalaus on her\u00e4tt\u00e4nyt tunteita<\/em><\/p>\n<p style=\"text-align: justify;\">Ainakin uusi sein\u00e4maalaus on onnistunut her\u00e4tt\u00e4m\u00e4\u00e4n keskustelua. Sit\u00e4 on kiitelty rohkeudesta sek\u00e4 v\u00e4rin tuomisesta muuten sangen harmaaseen Yaletownin kolkkaan, mutta samaan aikaan sit\u00e4 on my\u00f6s haukuttu halvaksi, lapselliseksi sek\u00e4 kaikin puolin rumaksi. Shokkiefekti on siis ollut onnistunut.<\/p>\n<p style=\"text-align: justify;\">Omasta mielest\u00e4ni Vancouverin keskusta on tarvitsee v\u00e4ri\u00e4 ja itse n\u00e4kisin uudisrakennuksissa mieluusti v\u00e4rikk\u00e4it\u00e4 sein\u00e4pintoja, rohkeita ratkaisuja sek\u00e4 muutakin kuin vain lasia. Osa t\u00e4st\u00e4 on my\u00f6s toteutumassa, sill\u00e4 rakenteilla on useita <a title=\"Wow-arkkitehtuuri valtasi Vancouverin\" href=\"https:\/\/www.vuosiamaailmalla.fi\/?p=5266\">wow-arkkitehtuuria<\/a> edustavia tulevia mestariteoksia. Jokaisen rakennuksen ei edes pid\u00e4 hyp\u00e4t\u00e4 esille ja on normaalia ett\u00e4 jopa suurin osa kaupunkien rakennuskannasta on yleens\u00e4 geneerist\u00e4 sarjatuotantoa, mutta sekin vaatii joukkoonsa pieni\u00e4 v\u00e4ril\u00e4iski\u00e4.<\/p>\n<p style=\"text-align: center;\"><a href=\"\/blog\/wp-content\/uploads\/2018\/yaletownin_varilaiska5.jpg\"><img decoding=\"async\" src=\"\/blog\/wp-content\/uploads\/2018\/thumbs\/thumbs_yaletownin_varilaiska5.jpg\" \/><\/a><a href=\"\/blog\/wp-content\/uploads\/2018\/yaletownin_varilaiska1.jpg\"><img decoding=\"async\" src=\"\/blog\/wp-content\/uploads\/2018\/thumbs\/thumbs_yaletownin_varilaiska1.jpg\" \/><\/a><a href=\"\/blog\/wp-content\/uploads\/2018\/yaletownin_varilaiska2.jpg\"><img decoding=\"async\" src=\"\/blog\/wp-content\/uploads\/2018\/thumbs\/thumbs_yaletownin_varilaiska2.jpg\" \/><\/a><\/p>\n<p style=\"text-align: center;\"><em>Toteutus j\u00e4tt\u00e4\u00e4 hieman toivomisen varaa<\/em><\/p>\n<p style=\"text-align: justify;\">Valitettavasti sein\u00e4maalaus ep\u00e4onnistuu t\u00e4ss\u00e4 mieless\u00e4, sill\u00e4 se on omaan makuuni liian abstrakti ja valitut v\u00e4rit liian huutavia. Varsinkin kirkaan vaaleanpunaisen sijoittaminen rakennuksen huipulle, paikalle josta se n\u00e4kyy todella kauas, on vain t\u00f6ker\u00f6\u00e4. Hieman maltillisemmilla v\u00e4ris\u00e4vyill\u00e4 nykyinen hieman h\u00e4m\u00e4h\u00e4kki\u00e4 muistuttava kuvio olisi voinut olla paljon toimivampi ratkaisu.<\/p>\n<p style=\"text-align: center;\"><a href=\"\/blog\/wp-content\/uploads\/2018\/yaletownin_varilaiska3.jpg\"><img decoding=\"async\" src=\"\/blog\/wp-content\/uploads\/2018\/thumbs\/thumbs_yaletownin_varilaiska3.jpg\" \/><\/a><a href=\"\/blog\/wp-content\/uploads\/2018\/yaletownin_varilaiska4.jpg\"><img decoding=\"async\" src=\"\/blog\/wp-content\/uploads\/2018\/thumbs\/thumbs_yaletownin_varilaiska4.jpg\" \/><\/a><a href=\"\/blog\/wp-content\/uploads\/2018\/yaletownin_varilaiska7.jpg\"><img decoding=\"async\" src=\"\/blog\/wp-content\/uploads\/2018\/thumbs\/thumbs_yaletownin_varilaiska7.jpg\" \/><\/a><\/p>\n<p style=\"text-align: center;\"><em>Uusi teos n\u00e4kyy todella kauas<\/em><\/p>\n<p style=\"text-align: justify;\">On kiintoisaa n\u00e4hd\u00e4 miten sein\u00e4maalauksen k\u00e4y, sill\u00e4 ymp\u00e4r\u00f6iv\u00e4t asukkaat ovat olleet siit\u00e4 hyvin tuohtuneita. Kaupungin puolelta ainoastaan varapormestari on ehtinyt kommentoimaan tuotosta hyv\u00e4n\u00e4 lis\u00e4v\u00e4rin\u00e4 Yaletowniin. Kommentti kuulostaa ainakin osin viran puolesta annetulta, sill\u00e4 on todella yll\u00e4tt\u00e4v\u00e4\u00e4 ett\u00e4 jotain n\u00e4in rohkeaa voidaan sallia kaupungissa, jossa kaupunkilautakunnat tyrm\u00e4\u00e4v\u00e4t mit\u00e4 pienimpi\u00e4kin yksityiskohtia normaalista poikkeavana.<\/p>\n<p style=\"text-align: justify;\">On siis oletettavaa, etteiv\u00e4t kaikki ole tyytyv\u00e4isi\u00e4 kaupunginkaan puolella, varsinkin jos tuotosta ei esihyv\u00e4ksytetty. J\u00e4\u00e4nkin j\u00e4nnityksell\u00e4 seuraamaan miten &#8211; jos mitenk\u00e4\u00e4n &#8211; keskustelu Yaletownin uudesta v\u00e4ril\u00e4ik\u00e4st\u00e4 kehittyyk\u00e4\u00e4n. Sin\u00e4 aikana siihen on kaiketi vain totuttava.<\/p>\n","protected":false},"excerpt":{"rendered":"<p>Vancouverin kaupunkisuunnittelu on saanut maailmalla paljon kiitosta, mutta n\u00e4in paikallisen n\u00e4k\u00f6kulmasta se on todella ennakoitavaa ja useissa asioissa tiettyihin muotteihin kangistunutta. Varsinkin ydinkeskustan alueella kaikkea rakentamista s\u00e4\u00e4telev\u00e4t tarkat rakennuss\u00e4\u00e4d\u00f6kset, jotka m\u00e4\u00e4r\u00e4\u00e4v\u00e4t muun muassa rakennusten korkeudesta, muodosta sek\u00e4 ulkopintojen materiaaleista. Kaikesta ehdotetusta pit\u00e4\u00e4 my\u00f6s j\u00e4rjest\u00e4\u00e4 julkinen kuulemistilaisuus, jossa alueen asukkaat voivat antaa mielipiteens\u00e4 ennen rakennusluvan lopullista &hellip; <a href=\"https:\/\/www.vuosiamaailmalla.fi\/blog\/2018\/yaletown-sai-varia\/\" class=\"more-link\">Jatka lukemista<span class=\"screen-reader-text\"> &#8221;Yaletown sai v\u00e4ri\u00e4&#8221;<\/span><\/a><\/p>\n","protected":false},"author":1,"featured_media":9789,"comment_status":"open","ping_status":"open","sticky":false,"template":"","format":"standard","meta":{"_jetpack_memberships_contains_paid_content":false,"footnotes":""},"categories":[17,3],"tags":[25,229,935,1353,939,215],"class_list":["post-9780","post","type-post","status-publish","format-standard","has-post-thumbnail","hentry","category-arki-kanadassa","category-arki-ulkomailla","tag-ajankohtaista","tag-arkkitehtuuri","tag-kanada","tag-the-charleson","tag-vancouver","tag-vancouver-yaletown"],"jetpack_featured_media_url":"https:\/\/www.vuosiamaailmalla.fi\/blog\/wp-content\/uploads\/yaletownin_varilaiska_banner.jpg","jetpack_sharing_enabled":true,"_links":{"self":[{"href":"https:\/\/www.vuosiamaailmalla.fi\/blog\/wp-json\/wp\/v2\/posts\/9780","targetHints":{"allow":["GET"]}}],"collection":[{"href":"https:\/\/www.vuosiamaailmalla.fi\/blog\/wp-json\/wp\/v2\/posts"}],"about":[{"href":"https:\/\/www.vuosiamaailmalla.fi\/blog\/wp-json\/wp\/v2\/types\/post"}],"author":[{"embeddable":true,"href":"https:\/\/www.vuosiamaailmalla.fi\/blog\/wp-json\/wp\/v2\/users\/1"}],"replies":[{"embeddable":true,"href":"https:\/\/www.vuosiamaailmalla.fi\/blog\/wp-json\/wp\/v2\/comments?post=9780"}],"version-history":[{"count":0,"href":"https:\/\/www.vuosiamaailmalla.fi\/blog\/wp-json\/wp\/v2\/posts\/9780\/revisions"}],"wp:featuredmedia":[{"embeddable":true,"href":"https:\/\/www.vuosiamaailmalla.fi\/blog\/wp-json\/wp\/v2\/media\/9789"}],"wp:attachment":[{"href":"https:\/\/www.vuosiamaailmalla.fi\/blog\/wp-json\/wp\/v2\/media?parent=9780"}],"wp:term":[{"taxonomy":"category","embeddable":true,"href":"https:\/\/www.vuosiamaailmalla.fi\/blog\/wp-json\/wp\/v2\/categories?post=9780"},{"taxonomy":"post_tag","embeddable":true,"href":"https:\/\/www.vuosiamaailmalla.fi\/blog\/wp-json\/wp\/v2\/tags?post=9780"}],"curies":[{"name":"wp","href":"https:\/\/api.w.org\/{rel}","templated":true}]}}